{"id":2567,"date":"2025-01-26T18:50:18","date_gmt":"2025-01-26T17:50:18","guid":{"rendered":"https:\/\/agora.xtec.cat\/insaferrer\/?p=2567"},"modified":"2025-02-17T18:59:24","modified_gmt":"2025-02-17T17:59:24","slug":"angeletaxvalencia","status":"publish","type":"post","link":"https:\/\/agora.xtec.cat\/insaferrer\/general\/angeletaxvalencia\/","title":{"rendered":"STEAM canviant el m\u00f3n #Angeletaxvalencia"},"content":{"rendered":"<p><span style=\"font-weight: 400;\">Els alumnes de<\/span><b> 4t d\u2019ESO<\/b><span style=\"font-weight: 400;\"> ens trobem finalitzant la <\/span><b>segona setmana<\/b><span style=\"font-weight: 400;\"> del nou projecte d\u2019\u00e0mbit<\/span><b> STEAM<\/b><span style=\"font-weight: 400;\">: Canviant el m\u00f3n, on ajudarem a un institut afectat per la DANA. Comencem aquest segon trimestre deixant de costat el projecte human\u00edstic per endinsar-nos en nous conceptes com<\/span><b> l&#8217;energia i el pensament cr\u00edtic<\/b><span style=\"font-weight: 400;\">, els principals temes que hem treballat al <\/span><b>\u201cClassroom\u201d<\/b><span style=\"font-weight: 400;\"> durant la primera etapa del projecte.<\/span><\/p>\n<p><span style=\"font-weight: 400;\">Despr\u00e9s que es reveli l\u2019objectiu principal del projecte: Ajudar a l\u2019institut <\/span><b>Sedav\u00ed,<\/b><span style=\"font-weight: 400;\"> centre que s\u2019ha vist <\/span><b>greument afectat <\/b><span style=\"font-weight: 400;\">\u00a0des del 29 d\u2019octubre, dia que va paralitzar al poble Valenci\u00e0. Ens hem posat en contacte amb <\/span><b>alumnes i professorat<\/b><span style=\"font-weight: 400;\"> per tal de posar el nostre granet de sorra i ajudar-los de la millor manera possible. Actualment, ens trobem dividits en<\/span><b> sis comissions<\/b><span style=\"font-weight: 400;\">, que treballant en equip i amb ajuda dels respectius docents ens porten dia a dia m\u00e9s a prop de <\/span><b>Val\u00e8ncia.<\/b><\/p>\n<p><b>Quines s\u00f3n les altres\u00a0 cinc comissions? Com van patir els alumnes la DANA? Com ha quedat el seu institut? Qu\u00e8 farem exactament a Val\u00e8ncia?<\/b><\/p>\n<p><span style=\"font-weight: 400;\">De part de <\/span><b>\u201cPeriodisme i Xarxes\u201d<\/b><span style=\"font-weight: 400;\">, us convidem a resoldre els vostres dubtes visitant la nostra <\/span><b>p\u00e0gina web<\/b><span style=\"font-weight: 400;\">: <\/span><a href=\"https:\/\/sites.google.com\/insaferrer.cat\/angeletaxvalencia\/p%C3%A0gina-dinici\"><span style=\"font-weight: 400;\">STEAM: Canviant el m\u00f3n<\/span><\/a><span style=\"font-weight: 400;\">, on trobareu tota la informaci\u00f3 sobre aquest meravell\u00f3s projecte.<\/span><\/p>\n<p><a href=\"https:\/\/agora.xtec.cat\/insaferrer\/wp-content\/uploads\/usu2510\/2025\/02\/FOTO-ARTICLE-STEAM-JAN-1.png\"><img loading=\"lazy\" decoding=\"async\" class=\" wp-image-2573 aligncenter\" src=\"https:\/\/agora.xtec.cat\/insaferrer\/wp-content\/uploads\/usu2510\/2025\/02\/FOTO-ARTICLE-STEAM-JAN-1-212x300.png\" alt=\"\" width=\"310\" height=\"438\" srcset=\"https:\/\/agora.xtec.cat\/insaferrer\/wp-content\/uploads\/usu2510\/2025\/02\/FOTO-ARTICLE-STEAM-JAN-1-212x300.png 212w, https:\/\/agora.xtec.cat\/insaferrer\/wp-content\/uploads\/usu2510\/2025\/02\/FOTO-ARTICLE-STEAM-JAN-1-724x1024.png 724w, https:\/\/agora.xtec.cat\/insaferrer\/wp-content\/uploads\/usu2510\/2025\/02\/FOTO-ARTICLE-STEAM-JAN-1-768x1086.png 768w, https:\/\/agora.xtec.cat\/insaferrer\/wp-content\/uploads\/usu2510\/2025\/02\/FOTO-ARTICLE-STEAM-JAN-1-1086x1536.png 1086w, https:\/\/agora.xtec.cat\/insaferrer\/wp-content\/uploads\/usu2510\/2025\/02\/FOTO-ARTICLE-STEAM-JAN-1.png 1414w\" sizes=\"auto, (max-width: 310px) 100vw, 310px\" \/><\/a><\/p>\n","protected":false},"excerpt":{"rendered":"<p>Els alumnes de 4t d\u2019ESO ens trobem finalitzant la segona setmana del nou projecte d\u2019\u00e0mbit STEAM: Canviant el m\u00f3n, on ajudarem a un institut afectat per la DANA. Comencem aquest segon trimestre deixant de costat el projecte human\u00edstic per endinsar-nos en nous conceptes com l&#8217;energia&hellip;  <a href=\"https:\/\/agora.xtec.cat\/insaferrer\/general\/angeletaxvalencia\/\" title=\"Read STEAM canviant el m\u00f3n #Angeletaxvalencia\">Llegeix m\u00e9s\u00bb<\/a><\/p>\n","protected":false},"author":1,"featured_media":2576,"comment_status":"closed","ping_status":"closed","sticky":false,"template":"","format":"standard","meta":{"_bbp_topic_count":0,"_bbp_reply_count":0,"_bbp_total_topic_count":0,"_bbp_total_reply_count":0,"_bbp_voice_count":0,"_bbp_anonymous_reply_count":0,"_bbp_topic_count_hidden":0,"_bbp_reply_count_hidden":0,"_bbp_forum_subforum_count":0,"footnotes":""},"categories":[7,1,29],"tags":[160,165],"class_list":["post-2567","post","type-post","status-publish","format-standard","has-post-thumbnail","hentry","category-eso-4","category-general","category-portada","tag-4t-eso","tag-angeletaxvalencia"],"post_mailing_queue_ids":[],"_links":{"self":[{"href":"https:\/\/agora.xtec.cat\/insaferrer\/wp-json\/wp\/v2\/posts\/2567","targetHints":{"allow":["GET"]}}],"collection":[{"href":"https:\/\/agora.xtec.cat\/insaferrer\/wp-json\/wp\/v2\/posts"}],"about":[{"href":"https:\/\/agora.xtec.cat\/insaferrer\/wp-json\/wp\/v2\/types\/post"}],"author":[{"embeddable":true,"href":"https:\/\/agora.xtec.cat\/insaferrer\/wp-json\/wp\/v2\/users\/1"}],"replies":[{"embeddable":true,"href":"https:\/\/agora.xtec.cat\/insaferrer\/wp-json\/wp\/v2\/comments?post=2567"}],"version-history":[{"count":4,"href":"https:\/\/agora.xtec.cat\/insaferrer\/wp-json\/wp\/v2\/posts\/2567\/revisions"}],"predecessor-version":[{"id":2578,"href":"https:\/\/agora.xtec.cat\/insaferrer\/wp-json\/wp\/v2\/posts\/2567\/revisions\/2578"}],"wp:featuredmedia":[{"embeddable":true,"href":"https:\/\/agora.xtec.cat\/insaferrer\/wp-json\/wp\/v2\/media\/2576"}],"wp:attachment":[{"href":"https:\/\/agora.xtec.cat\/insaferrer\/wp-json\/wp\/v2\/media?parent=2567"}],"wp:term":[{"taxonomy":"category","embeddable":true,"href":"https:\/\/agora.xtec.cat\/insaferrer\/wp-json\/wp\/v2\/categories?post=2567"},{"taxonomy":"post_tag","embeddable":true,"href":"https:\/\/agora.xtec.cat\/insaferrer\/wp-json\/wp\/v2\/tags?post=2567"}],"curies":[{"name":"wp","href":"https:\/\/api.w.org\/{rel}","templated":true}]}}