{"id":2557,"date":"2025-01-27T12:52:02","date_gmt":"2025-01-27T11:52:02","guid":{"rendered":"https:\/\/agora.xtec.cat\/insaferrer\/?p=2557"},"modified":"2025-01-28T15:05:53","modified_gmt":"2025-01-28T14:05:53","slug":"jornada-de-portes-obertes-per-al-curs-2025-2026","status":"publish","type":"post","link":"https:\/\/agora.xtec.cat\/insaferrer\/eso\/jornada-de-portes-obertes-per-al-curs-2025-2026\/","title":{"rendered":"Jornada de portes obertes per al curs 2025-2026"},"content":{"rendered":"<p>Per tal de donar a con\u00e8ixer l\u2019oferta educativa i el projecte educatiu de l\u2019institut Angeleta Ferrer,<strong> el divendres 21 de febrer<\/strong>, l\u2019equip docent i la comunitat educativa de l\u2019institut farem una <strong>Jornada de portes obertes<\/strong>. L\u2019activitat est\u00e0 adre\u00e7ada a totes les fam\u00edlies que tinguin inter\u00e8s en el nostre centre i vulguin cursar 1r d\u2019ESO amb nosaltres el curs 2025\/2026.<\/p>\n<p>La jornada est\u00e0 organitzada en dos torns, un a les 16 h i un altre a les 18 h i les persones interessades a assistir-hi<strong> cal que ompliu el seg\u00fcent formulari indicant el torn en el qual assistireu:<\/strong><\/p>\n<h4 style=\"text-align: center;\"><a href=\"https:\/\/forms.gle\/jy9cJEiFwWYzkAND8\"><strong>Formulari d\u2019inscripci\u00f3 a les Portes Obertes 2025-2026<\/strong><\/a><\/h4>\n<p><strong>Els torns es tancaran per ordre d&#8217;inscripci\u00f3<\/strong>. Preguem que els assistents sigueu puntuals a la sessi\u00f3 a la qual us heu inscrit perqu\u00e8 est\u00e0 prevista una visita guiada. <strong>La jornada est\u00e0 nom\u00e9s adre\u00e7ada a fam\u00edlies d&#8217;estudiants que actualment cursen 6\u00e8 de prim\u00e0ria. <\/strong>M\u00e9s endavant, oferirem una jornada per al Batxillerat. Agra\u00efm molt el vostre inter\u00e8s, per\u00f2 si altres fam\u00edlies ocupeu les seves places, es quedaran sense espai a les portes obertes.<br \/>\nGr\u00e0cies per la vostra comprensi\u00f3 i col\u00b7laboraci\u00f3.<\/p>\n<p>Per a la vostra informaci\u00f3, podeu consultar les dates de la preinscripci\u00f3 2025-2026 en aquesta p\u00e0gina del Consorci d&#8217;Educaci\u00f3.<\/p>\n<h5 style=\"text-align: center;\"><a href=\"https:\/\/www.edubcn.cat\/ca\/alumnat_i_familia\/informacio_general_matriculacio\/preinscripcio_info\">Informaci\u00f3 general sobre la preinscripci\u00f3 del curs 2025-2026<\/a><\/h5>\n<p>&nbsp;<\/p>\n<p>Tamb\u00e9 us recomanem molt anar a veure les Jornades de portes obertes dels altres instituts de l\u2019Eixample!<\/p>\n<p><a href=\"https:\/\/agora.xtec.cat\/insaferrer\/wp-content\/uploads\/usu2510\/2025\/01\/Cartell-Portes-Obertes-lEixample-2025.jpg\"><img loading=\"lazy\" decoding=\"async\" class=\"aligncenter wp-image-2558 size-full\" src=\"https:\/\/agora.xtec.cat\/insaferrer\/wp-content\/uploads\/usu2510\/2025\/01\/Cartell-Portes-Obertes-lEixample-2025.jpg\" alt=\"Cartell Portes Obertes l'Eixample 2025\" width=\"1755\" height=\"1241\" srcset=\"https:\/\/agora.xtec.cat\/insaferrer\/wp-content\/uploads\/usu2510\/2025\/01\/Cartell-Portes-Obertes-lEixample-2025.jpg 1755w, https:\/\/agora.xtec.cat\/insaferrer\/wp-content\/uploads\/usu2510\/2025\/01\/Cartell-Portes-Obertes-lEixample-2025-300x212.jpg 300w, https:\/\/agora.xtec.cat\/insaferrer\/wp-content\/uploads\/usu2510\/2025\/01\/Cartell-Portes-Obertes-lEixample-2025-1024x724.jpg 1024w, https:\/\/agora.xtec.cat\/insaferrer\/wp-content\/uploads\/usu2510\/2025\/01\/Cartell-Portes-Obertes-lEixample-2025-768x543.jpg 768w, https:\/\/agora.xtec.cat\/insaferrer\/wp-content\/uploads\/usu2510\/2025\/01\/Cartell-Portes-Obertes-lEixample-2025-1536x1086.jpg 1536w\" sizes=\"auto, (max-width: 1755px) 100vw, 1755px\" \/><\/a><\/p>\n<p style=\"text-align: center;\">Cliqueu a la imatge per a veure totes les escoles i instituts<\/p>\n","protected":false},"excerpt":{"rendered":"<p>Per tal de donar a con\u00e8ixer l\u2019oferta educativa i el projecte educatiu de l\u2019institut Angeleta Ferrer, el divendres 21 de febrer, l\u2019equip docent i la comunitat educativa de l\u2019institut farem una Jornada de portes obertes. L\u2019activitat est\u00e0 adre\u00e7ada a totes les fam\u00edlies que tinguin inter\u00e8s&hellip;  <a href=\"https:\/\/agora.xtec.cat\/insaferrer\/eso\/jornada-de-portes-obertes-per-al-curs-2025-2026\/\" title=\"Read Jornada de portes obertes per al curs 2025-2026\">Llegeix m\u00e9s\u00bb<\/a><\/p>\n","protected":false},"author":1,"featured_media":2559,"comment_status":"closed","ping_status":"closed","sticky":false,"template":"","format":"standard","meta":{"_bbp_topic_count":0,"_bbp_reply_count":0,"_bbp_total_topic_count":0,"_bbp_total_reply_count":0,"_bbp_voice_count":0,"_bbp_anonymous_reply_count":0,"_bbp_topic_count_hidden":0,"_bbp_reply_count_hidden":0,"_bbp_forum_subforum_count":0,"footnotes":""},"categories":[3,29],"tags":[120],"class_list":["post-2557","post","type-post","status-publish","format-standard","has-post-thumbnail","hentry","category-eso","category-portada","tag-portes-obertes"],"post_mailing_queue_ids":[],"_links":{"self":[{"href":"https:\/\/agora.xtec.cat\/insaferrer\/wp-json\/wp\/v2\/posts\/2557","targetHints":{"allow":["GET"]}}],"collection":[{"href":"https:\/\/agora.xtec.cat\/insaferrer\/wp-json\/wp\/v2\/posts"}],"about":[{"href":"https:\/\/agora.xtec.cat\/insaferrer\/wp-json\/wp\/v2\/types\/post"}],"author":[{"embeddable":true,"href":"https:\/\/agora.xtec.cat\/insaferrer\/wp-json\/wp\/v2\/users\/1"}],"replies":[{"embeddable":true,"href":"https:\/\/agora.xtec.cat\/insaferrer\/wp-json\/wp\/v2\/comments?post=2557"}],"version-history":[{"count":6,"href":"https:\/\/agora.xtec.cat\/insaferrer\/wp-json\/wp\/v2\/posts\/2557\/revisions"}],"predecessor-version":[{"id":2566,"href":"https:\/\/agora.xtec.cat\/insaferrer\/wp-json\/wp\/v2\/posts\/2557\/revisions\/2566"}],"wp:featuredmedia":[{"embeddable":true,"href":"https:\/\/agora.xtec.cat\/insaferrer\/wp-json\/wp\/v2\/media\/2559"}],"wp:attachment":[{"href":"https:\/\/agora.xtec.cat\/insaferrer\/wp-json\/wp\/v2\/media?parent=2557"}],"wp:term":[{"taxonomy":"category","embeddable":true,"href":"https:\/\/agora.xtec.cat\/insaferrer\/wp-json\/wp\/v2\/categories?post=2557"},{"taxonomy":"post_tag","embeddable":true,"href":"https:\/\/agora.xtec.cat\/insaferrer\/wp-json\/wp\/v2\/tags?post=2557"}],"curies":[{"name":"wp","href":"https:\/\/api.w.org\/{rel}","templated":true}]}}