{"id":2510,"date":"2024-12-18T09:37:34","date_gmt":"2024-12-18T08:37:34","guid":{"rendered":"https:\/\/agora.xtec.cat\/insaferrer\/?p=2510"},"modified":"2024-12-20T10:03:55","modified_gmt":"2024-12-20T09:03:55","slug":"torneig-futsal-angeleta","status":"publish","type":"post","link":"https:\/\/agora.xtec.cat\/insaferrer\/general\/torneig-futsal-angeleta\/","title":{"rendered":"Torneig Futsal Angeleta"},"content":{"rendered":"<div>De la iniciativa de Reptes implementada a 4t d&#8217;ESO neix el Torneig de Futsal que hem celebrat al pati de l&#8217;Angeleta durant algunes les franges d&#8217;IPA\u00a0d&#8217;aquests \u00faltims dies de trimestre. La finalitat ha estat oferir moments d&#8217;oci actiu i compartit, de celebraci\u00f3 i emocions fortes.<\/div>\n<div><\/div>\n<div>La proposta ha comptat amb trets diferenciadors i singulars, com la fusi\u00f3 amb la normativa de la Kings League, posant en joc unes cartes especials, el dau i tots els escenaris diversos que aquests elements generen.<\/div>\n<div><\/div>\n<div>La dinamitzaci\u00f3 de l&#8217;esdeveniment ha estat gestionada per l&#8217;alumnat, amb l&#8217;ajuda de companys i docents, i de l&#8217;ambient que es respirava a les grades i que ens han perm\u00e8s vivenciar moments de caliu i emoci\u00f3; alimentant aix\u00ed l&#8217;orgull ferretero que ens defineix.<\/div>\n<div><\/div>\n<div>Un dels molts aprenentatges que ens emportem \u00e9s la import\u00e0ncia dels detalls i la concreci\u00f3 en l&#8217;organitzaci\u00f3 d&#8217;una jornada esportiva. Tamb\u00e9 la necessitat de revisar com canalitzem\u00a0la frustraci\u00f3 a altes pulsacions, relativitzant la transcend\u00e8ncia d&#8217;un joc, acceptant que tothom s&#8217;equivoca i posant el focus en la conviv\u00e8ncia, en el respecte i en la m\u00e0gia de gaudir el cam\u00ed.<\/div>\n<div><\/div>\n<div><a href=\"https:\/\/agora.xtec.cat\/insaferrer\/wp-content\/uploads\/usu2510\/2024\/12\/F4A29035-D048-4A64-A744-349AEEFE02C5.jpg\"><img loading=\"lazy\" decoding=\"async\" class=\"alignnone wp-image-2511\" src=\"https:\/\/agora.xtec.cat\/insaferrer\/wp-content\/uploads\/usu2510\/2024\/12\/F4A29035-D048-4A64-A744-349AEEFE02C5-169x300.jpg\" alt=\"\" width=\"118\" height=\"210\" srcset=\"https:\/\/agora.xtec.cat\/insaferrer\/wp-content\/uploads\/usu2510\/2024\/12\/F4A29035-D048-4A64-A744-349AEEFE02C5-169x300.jpg 169w, https:\/\/agora.xtec.cat\/insaferrer\/wp-content\/uploads\/usu2510\/2024\/12\/F4A29035-D048-4A64-A744-349AEEFE02C5-576x1024.jpg 576w, https:\/\/agora.xtec.cat\/insaferrer\/wp-content\/uploads\/usu2510\/2024\/12\/F4A29035-D048-4A64-A744-349AEEFE02C5-768x1365.jpg 768w, https:\/\/agora.xtec.cat\/insaferrer\/wp-content\/uploads\/usu2510\/2024\/12\/F4A29035-D048-4A64-A744-349AEEFE02C5-864x1536.jpg 864w, https:\/\/agora.xtec.cat\/insaferrer\/wp-content\/uploads\/usu2510\/2024\/12\/F4A29035-D048-4A64-A744-349AEEFE02C5.jpg 1020w\" sizes=\"auto, (max-width: 118px) 100vw, 118px\" \/> <\/a><a href=\"https:\/\/agora.xtec.cat\/insaferrer\/wp-content\/uploads\/usu2510\/2024\/12\/IMG_7916.jpg\"><img loading=\"lazy\" decoding=\"async\" class=\"alignnone wp-image-2513\" src=\"https:\/\/agora.xtec.cat\/insaferrer\/wp-content\/uploads\/usu2510\/2024\/12\/IMG_7916-300x225.jpg\" alt=\"\" width=\"280\" height=\"210\" srcset=\"https:\/\/agora.xtec.cat\/insaferrer\/wp-content\/uploads\/usu2510\/2024\/12\/IMG_7916-300x225.jpg 300w, https:\/\/agora.xtec.cat\/insaferrer\/wp-content\/uploads\/usu2510\/2024\/12\/IMG_7916-768x576.jpg 768w, https:\/\/agora.xtec.cat\/insaferrer\/wp-content\/uploads\/usu2510\/2024\/12\/IMG_7916-200x150.jpg 200w, https:\/\/agora.xtec.cat\/insaferrer\/wp-content\/uploads\/usu2510\/2024\/12\/IMG_7916.jpg 1024w\" sizes=\"auto, (max-width: 280px) 100vw, 280px\" \/><\/a><\/div>\n<div><\/div>\n<div><a href=\"https:\/\/agora.xtec.cat\/insaferrer\/wp-content\/uploads\/usu2510\/2024\/12\/IMG_7915.jpg\"><img loading=\"lazy\" decoding=\"async\" class=\"alignnone wp-image-2515\" src=\"https:\/\/agora.xtec.cat\/insaferrer\/wp-content\/uploads\/usu2510\/2024\/12\/IMG_7915-225x300.jpg\" alt=\"\" width=\"146\" height=\"194\" srcset=\"https:\/\/agora.xtec.cat\/insaferrer\/wp-content\/uploads\/usu2510\/2024\/12\/IMG_7915-225x300.jpg 225w, https:\/\/agora.xtec.cat\/insaferrer\/wp-content\/uploads\/usu2510\/2024\/12\/IMG_7915-768x1024.jpg 768w, https:\/\/agora.xtec.cat\/insaferrer\/wp-content\/uploads\/usu2510\/2024\/12\/IMG_7915.jpg 1024w\" sizes=\"auto, (max-width: 146px) 100vw, 146px\" \/>\u00a0<\/a><a style=\"color: #2795b6;\" href=\"https:\/\/agora.xtec.cat\/insaferrer\/wp-content\/uploads\/usu2510\/2024\/12\/IMG_7917.jpg\"><img loading=\"lazy\" decoding=\"async\" class=\"alignnone wp-image-2514\" src=\"https:\/\/agora.xtec.cat\/insaferrer\/wp-content\/uploads\/usu2510\/2024\/12\/IMG_7917-300x225.jpg\" alt=\"\" width=\"259\" height=\"194\" srcset=\"https:\/\/agora.xtec.cat\/insaferrer\/wp-content\/uploads\/usu2510\/2024\/12\/IMG_7917-300x225.jpg 300w, https:\/\/agora.xtec.cat\/insaferrer\/wp-content\/uploads\/usu2510\/2024\/12\/IMG_7917-768x576.jpg 768w, https:\/\/agora.xtec.cat\/insaferrer\/wp-content\/uploads\/usu2510\/2024\/12\/IMG_7917-200x150.jpg 200w, https:\/\/agora.xtec.cat\/insaferrer\/wp-content\/uploads\/usu2510\/2024\/12\/IMG_7917.jpg 1024w\" sizes=\"auto, (max-width: 259px) 100vw, 259px\" \/><\/a><\/div>\n","protected":false},"excerpt":{"rendered":"<p>De la iniciativa de Reptes implementada a 4t d&#8217;ESO neix el Torneig de Futsal que hem celebrat al pati de l&#8217;Angeleta durant algunes les franges d&#8217;IPA\u00a0d&#8217;aquests \u00faltims dies de trimestre. La finalitat ha estat oferir moments d&#8217;oci actiu i compartit, de celebraci\u00f3 i emocions fortes.<\/p>\n<p>La&hellip;  <a href=\"https:\/\/agora.xtec.cat\/insaferrer\/general\/torneig-futsal-angeleta\/\" title=\"Read Torneig Futsal Angeleta\">Llegeix m\u00e9s\u00bb<\/a><\/p>\n","protected":false},"author":1,"featured_media":2513,"comment_status":"closed","ping_status":"closed","sticky":false,"template":"","format":"standard","meta":{"_bbp_topic_count":0,"_bbp_reply_count":0,"_bbp_total_topic_count":0,"_bbp_total_reply_count":0,"_bbp_voice_count":0,"_bbp_anonymous_reply_count":0,"_bbp_topic_count_hidden":0,"_bbp_reply_count_hidden":0,"_bbp_forum_subforum_count":0,"footnotes":""},"categories":[124,1,29],"tags":[160,163],"class_list":["post-2510","post","type-post","status-publish","format-standard","has-post-thumbnail","hentry","category-alumnat","category-general","category-portada","tag-4t-eso","tag-reptes"],"post_mailing_queue_ids":[],"_links":{"self":[{"href":"https:\/\/agora.xtec.cat\/insaferrer\/wp-json\/wp\/v2\/posts\/2510","targetHints":{"allow":["GET"]}}],"collection":[{"href":"https:\/\/agora.xtec.cat\/insaferrer\/wp-json\/wp\/v2\/posts"}],"about":[{"href":"https:\/\/agora.xtec.cat\/insaferrer\/wp-json\/wp\/v2\/types\/post"}],"author":[{"embeddable":true,"href":"https:\/\/agora.xtec.cat\/insaferrer\/wp-json\/wp\/v2\/users\/1"}],"replies":[{"embeddable":true,"href":"https:\/\/agora.xtec.cat\/insaferrer\/wp-json\/wp\/v2\/comments?post=2510"}],"version-history":[{"count":1,"href":"https:\/\/agora.xtec.cat\/insaferrer\/wp-json\/wp\/v2\/posts\/2510\/revisions"}],"predecessor-version":[{"id":2516,"href":"https:\/\/agora.xtec.cat\/insaferrer\/wp-json\/wp\/v2\/posts\/2510\/revisions\/2516"}],"wp:featuredmedia":[{"embeddable":true,"href":"https:\/\/agora.xtec.cat\/insaferrer\/wp-json\/wp\/v2\/media\/2513"}],"wp:attachment":[{"href":"https:\/\/agora.xtec.cat\/insaferrer\/wp-json\/wp\/v2\/media?parent=2510"}],"wp:term":[{"taxonomy":"category","embeddable":true,"href":"https:\/\/agora.xtec.cat\/insaferrer\/wp-json\/wp\/v2\/categories?post=2510"},{"taxonomy":"post_tag","embeddable":true,"href":"https:\/\/agora.xtec.cat\/insaferrer\/wp-json\/wp\/v2\/tags?post=2510"}],"curies":[{"name":"wp","href":"https:\/\/api.w.org\/{rel}","templated":true}]}}