{"id":2496,"date":"2024-12-18T09:32:56","date_gmt":"2024-12-18T08:32:56","guid":{"rendered":"https:\/\/agora.xtec.cat\/insaferrer\/?p=2496"},"modified":"2024-12-20T10:09:59","modified_gmt":"2024-12-20T09:09:59","slug":"el-projecte-steam-a-1r-deso-aprendre-construir-i-compartir","status":"publish","type":"post","link":"https:\/\/agora.xtec.cat\/insaferrer\/general\/el-projecte-steam-a-1r-deso-aprendre-construir-i-compartir\/","title":{"rendered":"El Projecte STEAM a 1r d&#8217;ESO: Aprendre, construir i compartir"},"content":{"rendered":"<p><span style=\"font-weight: 400;\">Aquest primer trimestre, l\u2019alumnat de 1r d&#8217;ESO de l&#8217;Institut Angeleta Ferrer s&#8217;ha submergit en un projecte STEAM que ha estat tota una aventura! Hem combinat matem\u00e0tiques, tecnologia i molta feina en equip per aconseguir grans resultats. Ha estat un repte que ens ha ajudat a millorar la paci\u00e8ncia, la precisi\u00f3, la comunicaci\u00f3 i, sobretot, la capacitat de treballar plegades.<\/span><\/p>\n<p><span style=\"font-weight: 400;\">La missi\u00f3? Construir una maqueta que pos\u00e9s a prova els nostres coneixements cient\u00edfics i tecnol\u00f2gics. Vam comen\u00e7ar amb una excursi\u00f3 a Catalunya en Miniatura i una gimcana per l\u2019edifici. Al llarg del projecte, hem planificat, dissenyat i constru\u00eft les nostres idees amb molta dedicaci\u00f3. Les matem\u00e0tiques ens han ajudat a calcular mesures i proporcions, mentre que la tecnologia ha estat la clau per fer realitat tot all\u00f2 que imagin\u00e0vem.<\/span><\/p>\n<p><span style=\"font-weight: 400;\">Per\u00f2 el projecte no ha estat nom\u00e9s d&#8217;aprendre teoria. Hem hagut d\u2019organitzar-nos, prendre decisions i superar moments complicats. Hi ha hagut errors, rialles i petites vict\u00f2ries que ens han fet adonar de com n\u2019\u00e9s d\u2019important treballar en equip i no perdre mai la motivaci\u00f3.<\/span><\/p>\n<p><span style=\"font-weight: 400;\">El millor moment de tots? L&#8217;exhibici\u00f3 final! Amb molta il\u00b7lusi\u00f3, hem presentat les nostres maquetes davant de fam\u00edlies, professors i companys. Ens hem sentit orgulloses de tot el que hem aconseguit i hem vist que, quan treballem juntes, som capaces de fer coses incre\u00efbles.<\/span><\/p>\n<p><span style=\"font-weight: 400;\">Aquest projecte STEAM ens ha ensenyat molt\u00edssimes coses, per\u00f2 sobretot ens ha deixat una sensaci\u00f3 de satisfacci\u00f3 i ganes de continuar aprenent. Enhorabona a tots i totes per la feina feta i per haver donat el millor de vosaltres!<\/span><\/p>\n<p>A continuaci\u00f3 us compartim algunes imatges:<\/p>\n<p><span style=\"font-weight: 400;\">La maqueta de Montserrat a Catalunya en Miniatura, r<\/span><span style=\"font-weight: 400;\">eflexionem: qu\u00e8 necessitem saber per respondre a la pregunta del projecte?<\/span><\/p>\n<p><a href=\"https:\/\/agora.xtec.cat\/insaferrer\/wp-content\/uploads\/usu2510\/2024\/12\/IMG_4520.jpg\"><img loading=\"lazy\" decoding=\"async\" class=\"alignnone wp-image-2497\" src=\"https:\/\/agora.xtec.cat\/insaferrer\/wp-content\/uploads\/usu2510\/2024\/12\/IMG_4520-300x225.jpg\" alt=\"\" width=\"227\" height=\"170\" srcset=\"https:\/\/agora.xtec.cat\/insaferrer\/wp-content\/uploads\/usu2510\/2024\/12\/IMG_4520-300x225.jpg 300w, https:\/\/agora.xtec.cat\/insaferrer\/wp-content\/uploads\/usu2510\/2024\/12\/IMG_4520-768x576.jpg 768w, https:\/\/agora.xtec.cat\/insaferrer\/wp-content\/uploads\/usu2510\/2024\/12\/IMG_4520-200x150.jpg 200w, https:\/\/agora.xtec.cat\/insaferrer\/wp-content\/uploads\/usu2510\/2024\/12\/IMG_4520.jpg 1024w\" sizes=\"auto, (max-width: 227px) 100vw, 227px\" \/>\u00a0<\/a><a href=\"https:\/\/agora.xtec.cat\/insaferrer\/wp-content\/uploads\/usu2510\/2024\/12\/IMG_4528.jpg\"><img loading=\"lazy\" decoding=\"async\" class=\"alignnone wp-image-2498\" src=\"https:\/\/agora.xtec.cat\/insaferrer\/wp-content\/uploads\/usu2510\/2024\/12\/IMG_4528-300x225.jpg\" alt=\"\" width=\"224\" height=\"168\" srcset=\"https:\/\/agora.xtec.cat\/insaferrer\/wp-content\/uploads\/usu2510\/2024\/12\/IMG_4528-300x225.jpg 300w, https:\/\/agora.xtec.cat\/insaferrer\/wp-content\/uploads\/usu2510\/2024\/12\/IMG_4528-768x576.jpg 768w, https:\/\/agora.xtec.cat\/insaferrer\/wp-content\/uploads\/usu2510\/2024\/12\/IMG_4528-200x150.jpg 200w, https:\/\/agora.xtec.cat\/insaferrer\/wp-content\/uploads\/usu2510\/2024\/12\/IMG_4528.jpg 1024w\" sizes=\"auto, (max-width: 224px) 100vw, 224px\" \/><\/a><\/p>\n<p><span style=\"font-weight: 400;\">L\u2019alumnat reflexiona en grup la pregunta: Com dibuixen els i les arquitectes?<\/span><\/p>\n<p><a href=\"https:\/\/agora.xtec.cat\/insaferrer\/wp-content\/uploads\/usu2510\/2024\/12\/IMG_20241007_090944.jpg\"><img loading=\"lazy\" decoding=\"async\" class=\"alignnone wp-image-2501\" src=\"https:\/\/agora.xtec.cat\/insaferrer\/wp-content\/uploads\/usu2510\/2024\/12\/IMG_20241007_090944-300x225.jpg\" alt=\"\" width=\"220\" height=\"165\" srcset=\"https:\/\/agora.xtec.cat\/insaferrer\/wp-content\/uploads\/usu2510\/2024\/12\/IMG_20241007_090944-300x225.jpg 300w, https:\/\/agora.xtec.cat\/insaferrer\/wp-content\/uploads\/usu2510\/2024\/12\/IMG_20241007_090944-768x576.jpg 768w, https:\/\/agora.xtec.cat\/insaferrer\/wp-content\/uploads\/usu2510\/2024\/12\/IMG_20241007_090944-200x150.jpg 200w, https:\/\/agora.xtec.cat\/insaferrer\/wp-content\/uploads\/usu2510\/2024\/12\/IMG_20241007_090944.jpg 1024w\" sizes=\"auto, (max-width: 220px) 100vw, 220px\" \/> <\/a><a href=\"https:\/\/agora.xtec.cat\/insaferrer\/wp-content\/uploads\/usu2510\/2024\/12\/IMG_4922.jpeg\"><img loading=\"lazy\" decoding=\"async\" class=\"alignnone wp-image-2500\" src=\"https:\/\/agora.xtec.cat\/insaferrer\/wp-content\/uploads\/usu2510\/2024\/12\/IMG_4922-300x225.jpeg\" alt=\"\" width=\"220\" height=\"165\" srcset=\"https:\/\/agora.xtec.cat\/insaferrer\/wp-content\/uploads\/usu2510\/2024\/12\/IMG_4922-300x225.jpeg 300w, https:\/\/agora.xtec.cat\/insaferrer\/wp-content\/uploads\/usu2510\/2024\/12\/IMG_4922-768x576.jpeg 768w, https:\/\/agora.xtec.cat\/insaferrer\/wp-content\/uploads\/usu2510\/2024\/12\/IMG_4922-200x150.jpeg 200w, https:\/\/agora.xtec.cat\/insaferrer\/wp-content\/uploads\/usu2510\/2024\/12\/IMG_4922.jpeg 1024w\" sizes=\"auto, (max-width: 220px) 100vw, 220px\" \/><\/a><\/p>\n<p><span style=\"font-weight: 400;\">\u00a0L\u2019alumnat ha apr\u00e8s a interpretar i usar els pl\u00e0nols de l\u2019edifici\u00a0<\/span><\/p>\n<p><a href=\"https:\/\/agora.xtec.cat\/insaferrer\/wp-content\/uploads\/usu2510\/2024\/12\/IMG_20241002_105104.jpg\"><img loading=\"lazy\" decoding=\"async\" class=\"alignnone wp-image-2502\" src=\"https:\/\/agora.xtec.cat\/insaferrer\/wp-content\/uploads\/usu2510\/2024\/12\/IMG_20241002_105104-300x225.jpg\" alt=\"\" width=\"229\" height=\"172\" srcset=\"https:\/\/agora.xtec.cat\/insaferrer\/wp-content\/uploads\/usu2510\/2024\/12\/IMG_20241002_105104-300x225.jpg 300w, https:\/\/agora.xtec.cat\/insaferrer\/wp-content\/uploads\/usu2510\/2024\/12\/IMG_20241002_105104-768x576.jpg 768w, https:\/\/agora.xtec.cat\/insaferrer\/wp-content\/uploads\/usu2510\/2024\/12\/IMG_20241002_105104-200x150.jpg 200w, https:\/\/agora.xtec.cat\/insaferrer\/wp-content\/uploads\/usu2510\/2024\/12\/IMG_20241002_105104.jpg 1024w\" sizes=\"auto, (max-width: 229px) 100vw, 229px\" \/>\u00a0<\/a><a href=\"https:\/\/agora.xtec.cat\/insaferrer\/wp-content\/uploads\/usu2510\/2024\/12\/IMG_20241002_105145.jpg\"><img loading=\"lazy\" decoding=\"async\" class=\"alignnone wp-image-2503\" src=\"https:\/\/agora.xtec.cat\/insaferrer\/wp-content\/uploads\/usu2510\/2024\/12\/IMG_20241002_105145-300x225.jpg\" alt=\"\" width=\"228\" height=\"171\" srcset=\"https:\/\/agora.xtec.cat\/insaferrer\/wp-content\/uploads\/usu2510\/2024\/12\/IMG_20241002_105145-300x225.jpg 300w, https:\/\/agora.xtec.cat\/insaferrer\/wp-content\/uploads\/usu2510\/2024\/12\/IMG_20241002_105145-768x576.jpg 768w, https:\/\/agora.xtec.cat\/insaferrer\/wp-content\/uploads\/usu2510\/2024\/12\/IMG_20241002_105145-200x150.jpg 200w, https:\/\/agora.xtec.cat\/insaferrer\/wp-content\/uploads\/usu2510\/2024\/12\/IMG_20241002_105145.jpg 1024w\" sizes=\"auto, (max-width: 228px) 100vw, 228px\" \/><\/a><\/p>\n<p><span style=\"font-weight: 400;\">\u00a0L\u2019alumnat usa el seu cos per mesurar<\/span><\/p>\n<p><a href=\"https:\/\/agora.xtec.cat\/insaferrer\/wp-content\/uploads\/usu2510\/2024\/12\/IMG_20241018_090458.jpg\"><img loading=\"lazy\" decoding=\"async\" class=\"alignnone wp-image-2504\" src=\"https:\/\/agora.xtec.cat\/insaferrer\/wp-content\/uploads\/usu2510\/2024\/12\/IMG_20241018_090458-300x225.jpg\" alt=\"\" width=\"217\" height=\"163\" srcset=\"https:\/\/agora.xtec.cat\/insaferrer\/wp-content\/uploads\/usu2510\/2024\/12\/IMG_20241018_090458-300x225.jpg 300w, https:\/\/agora.xtec.cat\/insaferrer\/wp-content\/uploads\/usu2510\/2024\/12\/IMG_20241018_090458-768x576.jpg 768w, https:\/\/agora.xtec.cat\/insaferrer\/wp-content\/uploads\/usu2510\/2024\/12\/IMG_20241018_090458-200x150.jpg 200w, https:\/\/agora.xtec.cat\/insaferrer\/wp-content\/uploads\/usu2510\/2024\/12\/IMG_20241018_090458.jpg 1024w\" sizes=\"auto, (max-width: 217px) 100vw, 217px\" \/> <\/a><a href=\"https:\/\/agora.xtec.cat\/insaferrer\/wp-content\/uploads\/usu2510\/2024\/12\/IMG_20241018_084517.jpg\"><img loading=\"lazy\" decoding=\"async\" class=\"alignnone wp-image-2505\" src=\"https:\/\/agora.xtec.cat\/insaferrer\/wp-content\/uploads\/usu2510\/2024\/12\/IMG_20241018_084517-300x225.jpg\" alt=\"\" width=\"215\" height=\"161\" srcset=\"https:\/\/agora.xtec.cat\/insaferrer\/wp-content\/uploads\/usu2510\/2024\/12\/IMG_20241018_084517-300x225.jpg 300w, https:\/\/agora.xtec.cat\/insaferrer\/wp-content\/uploads\/usu2510\/2024\/12\/IMG_20241018_084517-768x576.jpg 768w, https:\/\/agora.xtec.cat\/insaferrer\/wp-content\/uploads\/usu2510\/2024\/12\/IMG_20241018_084517-200x150.jpg 200w, https:\/\/agora.xtec.cat\/insaferrer\/wp-content\/uploads\/usu2510\/2024\/12\/IMG_20241018_084517.jpg 1024w\" sizes=\"auto, (max-width: 215px) 100vw, 215px\" \/> <\/a><a href=\"https:\/\/agora.xtec.cat\/insaferrer\/wp-content\/uploads\/usu2510\/2024\/12\/IMG_20241018_084626-rotated.jpg\"><img loading=\"lazy\" decoding=\"async\" class=\"alignnone wp-image-2506\" src=\"https:\/\/agora.xtec.cat\/insaferrer\/wp-content\/uploads\/usu2510\/2024\/12\/IMG_20241018_084626-225x300.jpg\" alt=\"\" width=\"123\" height=\"164\" srcset=\"https:\/\/agora.xtec.cat\/insaferrer\/wp-content\/uploads\/usu2510\/2024\/12\/IMG_20241018_084626-225x300.jpg 225w, https:\/\/agora.xtec.cat\/insaferrer\/wp-content\/uploads\/usu2510\/2024\/12\/IMG_20241018_084626-rotated.jpg 768w\" sizes=\"auto, (max-width: 123px) 100vw, 123px\" \/><\/a><\/p>\n<p>&nbsp;<\/p>\n<p><span style=\"font-weight: 400;\">L\u2019alumnat crea un \u201cmetre\u201d per mesurar elements de l\u2019edifici<\/span><\/p>\n<p><a href=\"https:\/\/agora.xtec.cat\/insaferrer\/wp-content\/uploads\/usu2510\/2024\/12\/IMG_20241023_100736-rotated.jpg\"><img loading=\"lazy\" decoding=\"async\" class=\"alignnone wp-image-2507\" src=\"https:\/\/agora.xtec.cat\/insaferrer\/wp-content\/uploads\/usu2510\/2024\/12\/IMG_20241023_100736-225x300.jpg\" alt=\"\" width=\"140\" height=\"187\" srcset=\"https:\/\/agora.xtec.cat\/insaferrer\/wp-content\/uploads\/usu2510\/2024\/12\/IMG_20241023_100736-225x300.jpg 225w, https:\/\/agora.xtec.cat\/insaferrer\/wp-content\/uploads\/usu2510\/2024\/12\/IMG_20241023_100736-rotated.jpg 768w\" sizes=\"auto, (max-width: 140px) 100vw, 140px\" \/><\/a><\/p>\n<p>L&#8217;alumnat prepara l&#8217;exhibici\u00f3 p\u00fablica<\/p>\n<p><a href=\"https:\/\/agora.xtec.cat\/insaferrer\/wp-content\/uploads\/usu2510\/2024\/12\/IMG_4923.jpeg\"><img loading=\"lazy\" decoding=\"async\" class=\"alignnone wp-image-2508\" src=\"https:\/\/agora.xtec.cat\/insaferrer\/wp-content\/uploads\/usu2510\/2024\/12\/IMG_4923-300x225.jpeg\" alt=\"\" width=\"213\" height=\"160\" srcset=\"https:\/\/agora.xtec.cat\/insaferrer\/wp-content\/uploads\/usu2510\/2024\/12\/IMG_4923-300x225.jpeg 300w, https:\/\/agora.xtec.cat\/insaferrer\/wp-content\/uploads\/usu2510\/2024\/12\/IMG_4923-768x576.jpeg 768w, https:\/\/agora.xtec.cat\/insaferrer\/wp-content\/uploads\/usu2510\/2024\/12\/IMG_4923-200x150.jpeg 200w, https:\/\/agora.xtec.cat\/insaferrer\/wp-content\/uploads\/usu2510\/2024\/12\/IMG_4923.jpeg 1024w\" sizes=\"auto, (max-width: 213px) 100vw, 213px\" \/><\/a><\/p>\n<p>&nbsp;<\/p>\n","protected":false},"excerpt":{"rendered":"<p>Aquest primer trimestre, l\u2019alumnat de 1r d&#8217;ESO de l&#8217;Institut Angeleta Ferrer s&#8217;ha submergit en un projecte STEAM que ha estat tota una aventura! Hem combinat matem\u00e0tiques, tecnologia i molta feina en equip per aconseguir grans resultats. Ha estat un repte que ens ha ajudat a&hellip;  <a href=\"https:\/\/agora.xtec.cat\/insaferrer\/general\/el-projecte-steam-a-1r-deso-aprendre-construir-i-compartir\/\" title=\"Read El Projecte STEAM a 1r d&#8217;ESO: Aprendre, construir i compartir\">Llegeix m\u00e9s\u00bb<\/a><\/p>\n","protected":false},"author":1,"featured_media":2502,"comment_status":"closed","ping_status":"closed","sticky":false,"template":"","format":"standard","meta":{"_bbp_topic_count":0,"_bbp_reply_count":0,"_bbp_total_topic_count":0,"_bbp_total_reply_count":0,"_bbp_voice_count":0,"_bbp_anonymous_reply_count":0,"_bbp_topic_count_hidden":0,"_bbp_reply_count_hidden":0,"_bbp_forum_subforum_count":0,"footnotes":""},"categories":[149,1,29],"tags":[107,122,140,121],"class_list":["post-2496","post","type-post","status-publish","format-standard","has-post-thumbnail","hentry","category-abp","category-general","category-portada","tag-1r-eso","tag-abp","tag-exhibicio-publica","tag-tenim-els-planols"],"post_mailing_queue_ids":[],"_links":{"self":[{"href":"https:\/\/agora.xtec.cat\/insaferrer\/wp-json\/wp\/v2\/posts\/2496","targetHints":{"allow":["GET"]}}],"collection":[{"href":"https:\/\/agora.xtec.cat\/insaferrer\/wp-json\/wp\/v2\/posts"}],"about":[{"href":"https:\/\/agora.xtec.cat\/insaferrer\/wp-json\/wp\/v2\/types\/post"}],"author":[{"embeddable":true,"href":"https:\/\/agora.xtec.cat\/insaferrer\/wp-json\/wp\/v2\/users\/1"}],"replies":[{"embeddable":true,"href":"https:\/\/agora.xtec.cat\/insaferrer\/wp-json\/wp\/v2\/comments?post=2496"}],"version-history":[{"count":2,"href":"https:\/\/agora.xtec.cat\/insaferrer\/wp-json\/wp\/v2\/posts\/2496\/revisions"}],"predecessor-version":[{"id":2509,"href":"https:\/\/agora.xtec.cat\/insaferrer\/wp-json\/wp\/v2\/posts\/2496\/revisions\/2509"}],"wp:featuredmedia":[{"embeddable":true,"href":"https:\/\/agora.xtec.cat\/insaferrer\/wp-json\/wp\/v2\/media\/2502"}],"wp:attachment":[{"href":"https:\/\/agora.xtec.cat\/insaferrer\/wp-json\/wp\/v2\/media?parent=2496"}],"wp:term":[{"taxonomy":"category","embeddable":true,"href":"https:\/\/agora.xtec.cat\/insaferrer\/wp-json\/wp\/v2\/categories?post=2496"},{"taxonomy":"post_tag","embeddable":true,"href":"https:\/\/agora.xtec.cat\/insaferrer\/wp-json\/wp\/v2\/tags?post=2496"}],"curies":[{"name":"wp","href":"https:\/\/api.w.org\/{rel}","templated":true}]}}