{"id":2450,"date":"2024-12-03T09:38:56","date_gmt":"2024-12-03T08:38:56","guid":{"rendered":"https:\/\/agora.xtec.cat\/insaferrer\/?p=2450"},"modified":"2024-12-06T16:47:59","modified_gmt":"2024-12-06T15:47:59","slug":"exhibicions-publiques-del-1r-trimestre","status":"publish","type":"post","link":"https:\/\/agora.xtec.cat\/insaferrer\/general\/exhibicions-publiques-del-1r-trimestre\/","title":{"rendered":"Exhibicions p\u00fabliques del 1r trimestre"},"content":{"rendered":"<p>Ens fa molta il\u00b7lusi\u00f3 tancar el 1r trimestre amb les exhibicions p\u00fabliques dels projectes STEAM, Human\u00edstic i Reptes de 1r a 4t d&#8217;ESO.<\/p>\n<p>A continuaci\u00f3 podeu consultar les dates de l&#8217;exhibici\u00f3 de cada projecte en les invitacions adjuntes.<\/p>\n<p><strong>1r d&#8217;ESO<\/strong><\/p>\n<p><a href=\"https:\/\/agora.xtec.cat\/insaferrer\/wp-content\/uploads\/usu2510\/2024\/12\/2425-Exhibicio-publica-1r-ESO-Qui-soc_com-soc.png\"><img loading=\"lazy\" decoding=\"async\" class=\"alignnone size-medium wp-image-2454\" src=\"https:\/\/agora.xtec.cat\/insaferrer\/wp-content\/uploads\/usu2510\/2024\/12\/2425-Exhibicio-publica-1r-ESO-Qui-soc_com-soc-300x212.png\" alt=\"\" width=\"300\" height=\"212\" srcset=\"https:\/\/agora.xtec.cat\/insaferrer\/wp-content\/uploads\/usu2510\/2024\/12\/2425-Exhibicio-publica-1r-ESO-Qui-soc_com-soc-300x212.png 300w, https:\/\/agora.xtec.cat\/insaferrer\/wp-content\/uploads\/usu2510\/2024\/12\/2425-Exhibicio-publica-1r-ESO-Qui-soc_com-soc-768x543.png 768w, https:\/\/agora.xtec.cat\/insaferrer\/wp-content\/uploads\/usu2510\/2024\/12\/2425-Exhibicio-publica-1r-ESO-Qui-soc_com-soc.png 1024w\" sizes=\"auto, (max-width: 300px) 100vw, 300px\" \/><\/a> <a href=\"https:\/\/agora.xtec.cat\/insaferrer\/wp-content\/uploads\/usu2510\/2024\/12\/2425-Exhibicio-publica-1r-ESO-Tenim-els-planols.png\"><img loading=\"lazy\" decoding=\"async\" class=\"alignnone size-medium wp-image-2455\" src=\"https:\/\/agora.xtec.cat\/insaferrer\/wp-content\/uploads\/usu2510\/2024\/12\/2425-Exhibicio-publica-1r-ESO-Tenim-els-planols-300x212.png\" alt=\"\" width=\"300\" height=\"212\" srcset=\"https:\/\/agora.xtec.cat\/insaferrer\/wp-content\/uploads\/usu2510\/2024\/12\/2425-Exhibicio-publica-1r-ESO-Tenim-els-planols-300x212.png 300w, https:\/\/agora.xtec.cat\/insaferrer\/wp-content\/uploads\/usu2510\/2024\/12\/2425-Exhibicio-publica-1r-ESO-Tenim-els-planols-768x543.png 768w, https:\/\/agora.xtec.cat\/insaferrer\/wp-content\/uploads\/usu2510\/2024\/12\/2425-Exhibicio-publica-1r-ESO-Tenim-els-planols.png 1024w\" sizes=\"auto, (max-width: 300px) 100vw, 300px\" \/><\/a><\/p>\n<p><strong>2n d&#8217;ESO<\/strong><\/p>\n<p><a href=\"https:\/\/agora.xtec.cat\/insaferrer\/wp-content\/uploads\/usu2510\/2024\/12\/2425-Exhibicio-publica-2n-ESO-Envas.png\"><img loading=\"lazy\" decoding=\"async\" class=\"alignnone size-medium wp-image-2457\" src=\"https:\/\/agora.xtec.cat\/insaferrer\/wp-content\/uploads\/usu2510\/2024\/12\/2425-Exhibicio-publica-2n-ESO-Envas-212x300.png\" alt=\"\" width=\"212\" height=\"300\" srcset=\"https:\/\/agora.xtec.cat\/insaferrer\/wp-content\/uploads\/usu2510\/2024\/12\/2425-Exhibicio-publica-2n-ESO-Envas-212x300.png 212w, https:\/\/agora.xtec.cat\/insaferrer\/wp-content\/uploads\/usu2510\/2024\/12\/2425-Exhibicio-publica-2n-ESO-Envas-725x1024.png 725w, https:\/\/agora.xtec.cat\/insaferrer\/wp-content\/uploads\/usu2510\/2024\/12\/2425-Exhibicio-publica-2n-ESO-Envas-768x1085.png 768w, https:\/\/agora.xtec.cat\/insaferrer\/wp-content\/uploads\/usu2510\/2024\/12\/2425-Exhibicio-publica-2n-ESO-Envas.png 1024w\" sizes=\"auto, (max-width: 212px) 100vw, 212px\" \/> <\/a> <a href=\"https:\/\/agora.xtec.cat\/insaferrer\/wp-content\/uploads\/usu2510\/2024\/12\/2425-Exhibicio-publica-2n-ESO-Bruixes-3.png\"><img loading=\"lazy\" decoding=\"async\" class=\"alignnone size-medium wp-image-2464\" src=\"https:\/\/agora.xtec.cat\/insaferrer\/wp-content\/uploads\/usu2510\/2024\/12\/2425-Exhibicio-publica-2n-ESO-Bruixes-3-300x212.png\" alt=\"\" width=\"300\" height=\"212\" srcset=\"https:\/\/agora.xtec.cat\/insaferrer\/wp-content\/uploads\/usu2510\/2024\/12\/2425-Exhibicio-publica-2n-ESO-Bruixes-3-300x212.png 300w, https:\/\/agora.xtec.cat\/insaferrer\/wp-content\/uploads\/usu2510\/2024\/12\/2425-Exhibicio-publica-2n-ESO-Bruixes-3-768x544.png 768w, https:\/\/agora.xtec.cat\/insaferrer\/wp-content\/uploads\/usu2510\/2024\/12\/2425-Exhibicio-publica-2n-ESO-Bruixes-3.png 1023w\" sizes=\"auto, (max-width: 300px) 100vw, 300px\" \/><\/a><\/p>\n<p><strong>3r d&#8217;ESO<\/strong><\/p>\n<p><a href=\"https:\/\/agora.xtec.cat\/insaferrer\/wp-content\/uploads\/usu2510\/2024\/12\/2425-Exhibicio-publica-3r-ESO-1-Enlaira_t.png\"><img loading=\"lazy\" decoding=\"async\" class=\"alignnone size-medium wp-image-2458\" src=\"https:\/\/agora.xtec.cat\/insaferrer\/wp-content\/uploads\/usu2510\/2024\/12\/2425-Exhibicio-publica-3r-ESO-1-Enlaira_t-300x212.png\" alt=\"\" width=\"300\" height=\"212\" srcset=\"https:\/\/agora.xtec.cat\/insaferrer\/wp-content\/uploads\/usu2510\/2024\/12\/2425-Exhibicio-publica-3r-ESO-1-Enlaira_t-300x212.png 300w, https:\/\/agora.xtec.cat\/insaferrer\/wp-content\/uploads\/usu2510\/2024\/12\/2425-Exhibicio-publica-3r-ESO-1-Enlaira_t-768x543.png 768w, https:\/\/agora.xtec.cat\/insaferrer\/wp-content\/uploads\/usu2510\/2024\/12\/2425-Exhibicio-publica-3r-ESO-1-Enlaira_t.png 1024w\" sizes=\"auto, (max-width: 300px) 100vw, 300px\" \/><\/a> <a href=\"https:\/\/agora.xtec.cat\/insaferrer\/wp-content\/uploads\/usu2510\/2024\/12\/2425-Exhibicio-publica-3r-ESO-1-Racons-de-memoria-1.png\"><img loading=\"lazy\" decoding=\"async\" class=\"alignnone size-medium wp-image-2459\" src=\"https:\/\/agora.xtec.cat\/insaferrer\/wp-content\/uploads\/usu2510\/2024\/12\/2425-Exhibicio-publica-3r-ESO-1-Racons-de-memoria-1-300x212.png\" alt=\"\" width=\"300\" height=\"212\" srcset=\"https:\/\/agora.xtec.cat\/insaferrer\/wp-content\/uploads\/usu2510\/2024\/12\/2425-Exhibicio-publica-3r-ESO-1-Racons-de-memoria-1-300x212.png 300w, https:\/\/agora.xtec.cat\/insaferrer\/wp-content\/uploads\/usu2510\/2024\/12\/2425-Exhibicio-publica-3r-ESO-1-Racons-de-memoria-1-768x543.png 768w, https:\/\/agora.xtec.cat\/insaferrer\/wp-content\/uploads\/usu2510\/2024\/12\/2425-Exhibicio-publica-3r-ESO-1-Racons-de-memoria-1.png 1024w\" sizes=\"auto, (max-width: 300px) 100vw, 300px\" \/><\/a><\/p>\n<p><a href=\"https:\/\/agora.xtec.cat\/insaferrer\/wp-content\/uploads\/usu2510\/2024\/12\/2425-Exhibicio-publica-3r-ESO-2-El-mon-en-guerra-1-1.png\"><img loading=\"lazy\" decoding=\"async\" class=\"alignnone size-medium wp-image-2460\" src=\"https:\/\/agora.xtec.cat\/insaferrer\/wp-content\/uploads\/usu2510\/2024\/12\/2425-Exhibicio-publica-3r-ESO-2-El-mon-en-guerra-1-1-212x300.png\" alt=\"\" width=\"212\" height=\"300\" srcset=\"https:\/\/agora.xtec.cat\/insaferrer\/wp-content\/uploads\/usu2510\/2024\/12\/2425-Exhibicio-publica-3r-ESO-2-El-mon-en-guerra-1-1-212x300.png 212w, https:\/\/agora.xtec.cat\/insaferrer\/wp-content\/uploads\/usu2510\/2024\/12\/2425-Exhibicio-publica-3r-ESO-2-El-mon-en-guerra-1-1-725x1024.png 725w, https:\/\/agora.xtec.cat\/insaferrer\/wp-content\/uploads\/usu2510\/2024\/12\/2425-Exhibicio-publica-3r-ESO-2-El-mon-en-guerra-1-1-768x1085.png 768w, https:\/\/agora.xtec.cat\/insaferrer\/wp-content\/uploads\/usu2510\/2024\/12\/2425-Exhibicio-publica-3r-ESO-2-El-mon-en-guerra-1-1.png 1024w\" sizes=\"auto, (max-width: 212px) 100vw, 212px\" \/><\/a> <a href=\"https:\/\/agora.xtec.cat\/insaferrer\/wp-content\/uploads\/usu2510\/2024\/12\/2425-Exhibicio-publica-3r-ESO-2-Hivernacle.png\"><img loading=\"lazy\" decoding=\"async\" class=\"alignnone size-medium wp-image-2461\" src=\"https:\/\/agora.xtec.cat\/insaferrer\/wp-content\/uploads\/usu2510\/2024\/12\/2425-Exhibicio-publica-3r-ESO-2-Hivernacle-300x212.png\" alt=\"\" width=\"300\" height=\"212\" srcset=\"https:\/\/agora.xtec.cat\/insaferrer\/wp-content\/uploads\/usu2510\/2024\/12\/2425-Exhibicio-publica-3r-ESO-2-Hivernacle-300x212.png 300w, https:\/\/agora.xtec.cat\/insaferrer\/wp-content\/uploads\/usu2510\/2024\/12\/2425-Exhibicio-publica-3r-ESO-2-Hivernacle-768x543.png 768w, https:\/\/agora.xtec.cat\/insaferrer\/wp-content\/uploads\/usu2510\/2024\/12\/2425-Exhibicio-publica-3r-ESO-2-Hivernacle.png 1024w\" sizes=\"auto, (max-width: 300px) 100vw, 300px\" \/><\/a><\/p>\n<p><strong>4t d&#8217;ESO<\/strong><\/p>\n<p><a href=\"https:\/\/agora.xtec.cat\/insaferrer\/wp-content\/uploads\/usu2510\/2024\/12\/2425-Exhibicio-publica-4t-ESO-Reptes.png\"><img loading=\"lazy\" decoding=\"async\" class=\"alignnone size-medium wp-image-2474\" src=\"https:\/\/agora.xtec.cat\/insaferrer\/wp-content\/uploads\/usu2510\/2024\/12\/2425-Exhibicio-publica-4t-ESO-Reptes-212x300.png\" alt=\"\" width=\"212\" height=\"300\" srcset=\"https:\/\/agora.xtec.cat\/insaferrer\/wp-content\/uploads\/usu2510\/2024\/12\/2425-Exhibicio-publica-4t-ESO-Reptes-212x300.png 212w, https:\/\/agora.xtec.cat\/insaferrer\/wp-content\/uploads\/usu2510\/2024\/12\/2425-Exhibicio-publica-4t-ESO-Reptes-725x1024.png 725w, https:\/\/agora.xtec.cat\/insaferrer\/wp-content\/uploads\/usu2510\/2024\/12\/2425-Exhibicio-publica-4t-ESO-Reptes-768x1085.png 768w, https:\/\/agora.xtec.cat\/insaferrer\/wp-content\/uploads\/usu2510\/2024\/12\/2425-Exhibicio-publica-4t-ESO-Reptes.png 1024w\" sizes=\"auto, (max-width: 212px) 100vw, 212px\" \/><\/a><a href=\"https:\/\/agora.xtec.cat\/insaferrer\/wp-content\/uploads\/usu2510\/2024\/12\/2425-Exhibicio-publica-4t-ESO-Embracing-the-voice-of-the-Other-1-1.png\"> <img loading=\"lazy\" decoding=\"async\" class=\"alignnone size-medium wp-image-2481\" src=\"https:\/\/agora.xtec.cat\/insaferrer\/wp-content\/uploads\/usu2510\/2024\/12\/2425-Exhibicio-publica-4t-ESO-Embracing-the-voice-of-the-Other-1-1-300x212.png\" alt=\"\" width=\"300\" height=\"212\" srcset=\"https:\/\/agora.xtec.cat\/insaferrer\/wp-content\/uploads\/usu2510\/2024\/12\/2425-Exhibicio-publica-4t-ESO-Embracing-the-voice-of-the-Other-1-1-300x212.png 300w, https:\/\/agora.xtec.cat\/insaferrer\/wp-content\/uploads\/usu2510\/2024\/12\/2425-Exhibicio-publica-4t-ESO-Embracing-the-voice-of-the-Other-1-1-768x544.png 768w, https:\/\/agora.xtec.cat\/insaferrer\/wp-content\/uploads\/usu2510\/2024\/12\/2425-Exhibicio-publica-4t-ESO-Embracing-the-voice-of-the-Other-1-1.png 1023w\" sizes=\"auto, (max-width: 300px) 100vw, 300px\" \/> <\/a><\/p>\n<p><a href=\"https:\/\/agora.xtec.cat\/insaferrer\/wp-content\/uploads\/usu2510\/2024\/12\/2425-Exhibicio-publica-4t-ESO-Embracing-the-voice-of-the-Other-1.png\">\u00a0<\/a><\/p>\n<p>Us hi esperem!!!!<\/p>\n","protected":false},"excerpt":{"rendered":"<p>Ens fa molta il\u00b7lusi\u00f3 tancar el 1r trimestre amb les exhibicions p\u00fabliques dels projectes STEAM, Human\u00edstic i Reptes de 1r a 4t d&#8217;ESO.<br \/>\nA continuaci\u00f3 podeu consultar les dates de l&#8217;exhibici\u00f3 de cada projecte en les invitacions adjuntes.<br \/>\n1r d&#8217;ESO<br \/>\n<a href=\"https:\/\/agora.xtec.cat\/insaferrer\/wp-content\/uploads\/usu2510\/2024\/12\/2425-Exhibicio-publica-1r-ESO-Qui-soc_com-soc.png\"><\/a> <a href=\"https:\/\/agora.xtec.cat\/insaferrer\/wp-content\/uploads\/usu2510\/2024\/12\/2425-Exhibicio-publica-1r-ESO-Tenim-els-planols.png\"><\/a><br \/>\n2n d&#8217;ESO<br \/>\n<a href=\"https:\/\/agora.xtec.cat\/insaferrer\/wp-content\/uploads\/usu2510\/2024\/12\/2425-Exhibicio-publica-2n-ESO-Envas.png\"> <\/a> <a&hellip;  <a href=\"https:\/\/agora.xtec.cat\/insaferrer\/general\/exhibicions-publiques-del-1r-trimestre\/\" title=\"Read Exhibicions p\u00fabliques del 1r trimestre\">Llegeix m\u00e9s\u00bb<\/a><\/p>\n","protected":false},"author":1,"featured_media":2480,"comment_status":"closed","ping_status":"closed","sticky":false,"template":"","format":"standard","meta":{"_bbp_topic_count":0,"_bbp_reply_count":0,"_bbp_total_topic_count":0,"_bbp_total_reply_count":0,"_bbp_voice_count":0,"_bbp_anonymous_reply_count":0,"_bbp_topic_count_hidden":0,"_bbp_reply_count_hidden":0,"_bbp_forum_subforum_count":0,"footnotes":""},"categories":[4,5,6,7,1,29],"tags":[107,141,151,160,122,140,119],"class_list":["post-2450","post","type-post","status-publish","format-standard","has-post-thumbnail","hentry","category-eso-1","category-eso-2","category-eso-3","category-eso-4","category-general","category-portada","tag-1r-eso","tag-2n-eso","tag-3r-eso","tag-4t-eso","tag-abp","tag-exhibicio-publica","tag-projecte-dambit"],"post_mailing_queue_ids":[],"_links":{"self":[{"href":"https:\/\/agora.xtec.cat\/insaferrer\/wp-json\/wp\/v2\/posts\/2450","targetHints":{"allow":["GET"]}}],"collection":[{"href":"https:\/\/agora.xtec.cat\/insaferrer\/wp-json\/wp\/v2\/posts"}],"about":[{"href":"https:\/\/agora.xtec.cat\/insaferrer\/wp-json\/wp\/v2\/types\/post"}],"author":[{"embeddable":true,"href":"https:\/\/agora.xtec.cat\/insaferrer\/wp-json\/wp\/v2\/users\/1"}],"replies":[{"embeddable":true,"href":"https:\/\/agora.xtec.cat\/insaferrer\/wp-json\/wp\/v2\/comments?post=2450"}],"version-history":[{"count":6,"href":"https:\/\/agora.xtec.cat\/insaferrer\/wp-json\/wp\/v2\/posts\/2450\/revisions"}],"predecessor-version":[{"id":2482,"href":"https:\/\/agora.xtec.cat\/insaferrer\/wp-json\/wp\/v2\/posts\/2450\/revisions\/2482"}],"wp:featuredmedia":[{"embeddable":true,"href":"https:\/\/agora.xtec.cat\/insaferrer\/wp-json\/wp\/v2\/media\/2480"}],"wp:attachment":[{"href":"https:\/\/agora.xtec.cat\/insaferrer\/wp-json\/wp\/v2\/media?parent=2450"}],"wp:term":[{"taxonomy":"category","embeddable":true,"href":"https:\/\/agora.xtec.cat\/insaferrer\/wp-json\/wp\/v2\/categories?post=2450"},{"taxonomy":"post_tag","embeddable":true,"href":"https:\/\/agora.xtec.cat\/insaferrer\/wp-json\/wp\/v2\/tags?post=2450"}],"curies":[{"name":"wp","href":"https:\/\/api.w.org\/{rel}","templated":true}]}}