{"id":2364,"date":"2024-09-30T08:37:41","date_gmt":"2024-09-30T06:37:41","guid":{"rendered":"https:\/\/agora.xtec.cat\/insaferrer\/?p=2364"},"modified":"2024-09-30T09:21:05","modified_gmt":"2024-09-30T07:21:05","slug":"comencem-litinerari-personal-daprenentatge","status":"publish","type":"post","link":"https:\/\/agora.xtec.cat\/insaferrer\/general\/comencem-litinerari-personal-daprenentatge\/","title":{"rendered":"Comencem l&#8217;itinerari personal d&#8217;aprenentatge"},"content":{"rendered":"<p>Hem iniciat la franja hor\u00e0ria de l&#8217;aprenentatge aut\u00f2nom de l&#8217;alumnat, un espai on conviuen tots alumnes de l&#8217;institut i on cada un d&#8217;ells personalitza el seu aprenentatge.<\/p>\n<p>Propostes espec\u00edfiques i interdisciplinars de diferents \u00e0mbits: ci\u00e8ncies, tecnologia, lleng\u00fces, hist\u00f2ria, educaci\u00f3 f\u00edsica, arts&#8230;<\/p>\n<p>En l&#8217;\u00e0mbit cient\u00edfic hem comen\u00e7at les propostes d&#8217;Itinerari Personal d&#8217;Aprenentatge al laboratori. Alumnes de 1r a 4t d&#8217;ESO, interessats per la Ci\u00e8ncia, descobreixen la citologia, ecologia, geologia, qu\u00edmica, f\u00edsica&#8230; Aquest any incorporem propostes de gen\u00e8tica i evoluci\u00f3, tot un repte!<\/p>\n<p><a href=\"https:\/\/agora.xtec.cat\/insaferrer\/wp-content\/uploads\/usu2510\/2024\/09\/IMG20240918150555.jpg\"><img loading=\"lazy\" decoding=\"async\" class=\"alignnone size-medium wp-image-2365\" src=\"https:\/\/agora.xtec.cat\/insaferrer\/wp-content\/uploads\/usu2510\/2024\/09\/IMG20240918150555-300x225.jpg\" alt=\"\" width=\"300\" height=\"225\" srcset=\"https:\/\/agora.xtec.cat\/insaferrer\/wp-content\/uploads\/usu2510\/2024\/09\/IMG20240918150555-300x225.jpg 300w, https:\/\/agora.xtec.cat\/insaferrer\/wp-content\/uploads\/usu2510\/2024\/09\/IMG20240918150555-768x576.jpg 768w, https:\/\/agora.xtec.cat\/insaferrer\/wp-content\/uploads\/usu2510\/2024\/09\/IMG20240918150555-200x150.jpg 200w, https:\/\/agora.xtec.cat\/insaferrer\/wp-content\/uploads\/usu2510\/2024\/09\/IMG20240918150555.jpg 1024w\" sizes=\"auto, (max-width: 300px) 100vw, 300px\" \/><\/a> <a href=\"https:\/\/agora.xtec.cat\/insaferrer\/wp-content\/uploads\/usu2510\/2024\/09\/IMG20240918150539.jpg\"><img loading=\"lazy\" decoding=\"async\" class=\"alignnone size-medium wp-image-2366\" src=\"https:\/\/agora.xtec.cat\/insaferrer\/wp-content\/uploads\/usu2510\/2024\/09\/IMG20240918150539-300x225.jpg\" alt=\"\" width=\"300\" height=\"225\" srcset=\"https:\/\/agora.xtec.cat\/insaferrer\/wp-content\/uploads\/usu2510\/2024\/09\/IMG20240918150539-300x225.jpg 300w, https:\/\/agora.xtec.cat\/insaferrer\/wp-content\/uploads\/usu2510\/2024\/09\/IMG20240918150539-768x576.jpg 768w, https:\/\/agora.xtec.cat\/insaferrer\/wp-content\/uploads\/usu2510\/2024\/09\/IMG20240918150539-200x150.jpg 200w, https:\/\/agora.xtec.cat\/insaferrer\/wp-content\/uploads\/usu2510\/2024\/09\/IMG20240918150539.jpg 1024w\" sizes=\"auto, (max-width: 300px) 100vw, 300px\" \/><\/a><\/p>\n<p>A continuaci\u00f3 altres imatges d&#8217;aquests primers dies:<\/p>\n<p><a href=\"https:\/\/agora.xtec.cat\/insaferrer\/wp-content\/uploads\/usu2510\/2024\/09\/20240919_150756.jpg\"><img loading=\"lazy\" decoding=\"async\" class=\"alignnone size-medium wp-image-2367\" src=\"https:\/\/agora.xtec.cat\/insaferrer\/wp-content\/uploads\/usu2510\/2024\/09\/20240919_150756-300x169.jpg\" alt=\"\" width=\"300\" height=\"169\" srcset=\"https:\/\/agora.xtec.cat\/insaferrer\/wp-content\/uploads\/usu2510\/2024\/09\/20240919_150756-300x169.jpg 300w, https:\/\/agora.xtec.cat\/insaferrer\/wp-content\/uploads\/usu2510\/2024\/09\/20240919_150756-768x433.jpg 768w, https:\/\/agora.xtec.cat\/insaferrer\/wp-content\/uploads\/usu2510\/2024\/09\/20240919_150756.jpg 1024w\" sizes=\"auto, (max-width: 300px) 100vw, 300px\" \/> <\/a><a href=\"https:\/\/agora.xtec.cat\/insaferrer\/wp-content\/uploads\/usu2510\/2024\/09\/IMG_0567-rotated.jpg\"><img loading=\"lazy\" decoding=\"async\" class=\"alignnone wp-image-2369\" src=\"https:\/\/agora.xtec.cat\/insaferrer\/wp-content\/uploads\/usu2510\/2024\/09\/IMG_0567-225x300.jpg\" alt=\"\" width=\"127\" height=\"169\" srcset=\"https:\/\/agora.xtec.cat\/insaferrer\/wp-content\/uploads\/usu2510\/2024\/09\/IMG_0567-225x300.jpg 225w, https:\/\/agora.xtec.cat\/insaferrer\/wp-content\/uploads\/usu2510\/2024\/09\/IMG_0567-rotated.jpg 480w\" sizes=\"auto, (max-width: 127px) 100vw, 127px\" \/><\/a><\/p>\n<p><a href=\"https:\/\/agora.xtec.cat\/insaferrer\/wp-content\/uploads\/usu2510\/2024\/09\/IMG_0584-rotated.jpg\"><img loading=\"lazy\" decoding=\"async\" class=\"alignnone wp-image-2370\" src=\"https:\/\/agora.xtec.cat\/insaferrer\/wp-content\/uploads\/usu2510\/2024\/09\/IMG_0584-225x300.jpg\" alt=\"\" width=\"168\" height=\"224\" srcset=\"https:\/\/agora.xtec.cat\/insaferrer\/wp-content\/uploads\/usu2510\/2024\/09\/IMG_0584-225x300.jpg 225w, https:\/\/agora.xtec.cat\/insaferrer\/wp-content\/uploads\/usu2510\/2024\/09\/IMG_0584-rotated.jpg 480w\" sizes=\"auto, (max-width: 168px) 100vw, 168px\" \/> <\/a><a href=\"https:\/\/agora.xtec.cat\/insaferrer\/wp-content\/uploads\/usu2510\/2024\/09\/IMG_0585-rotated.jpg\"><img loading=\"lazy\" decoding=\"async\" class=\"alignnone wp-image-2371\" src=\"https:\/\/agora.xtec.cat\/insaferrer\/wp-content\/uploads\/usu2510\/2024\/09\/IMG_0585-225x300.jpg\" alt=\"\" width=\"167\" height=\"222\" srcset=\"https:\/\/agora.xtec.cat\/insaferrer\/wp-content\/uploads\/usu2510\/2024\/09\/IMG_0585-225x300.jpg 225w, https:\/\/agora.xtec.cat\/insaferrer\/wp-content\/uploads\/usu2510\/2024\/09\/IMG_0585-rotated.jpg 480w\" sizes=\"auto, (max-width: 167px) 100vw, 167px\" \/> <\/a><a href=\"https:\/\/agora.xtec.cat\/insaferrer\/wp-content\/uploads\/usu2510\/2024\/09\/IMG_0566-rotated.jpg\"><img loading=\"lazy\" decoding=\"async\" class=\"alignnone wp-image-2372\" src=\"https:\/\/agora.xtec.cat\/insaferrer\/wp-content\/uploads\/usu2510\/2024\/09\/IMG_0566-225x300.jpg\" alt=\"\" width=\"165\" height=\"220\" srcset=\"https:\/\/agora.xtec.cat\/insaferrer\/wp-content\/uploads\/usu2510\/2024\/09\/IMG_0566-225x300.jpg 225w, https:\/\/agora.xtec.cat\/insaferrer\/wp-content\/uploads\/usu2510\/2024\/09\/IMG_0566-rotated.jpg 480w\" sizes=\"auto, (max-width: 165px) 100vw, 165px\" \/><\/a><\/p>\n<p><a href=\"https:\/\/agora.xtec.cat\/insaferrer\/wp-content\/uploads\/usu2510\/2024\/09\/IMG_0583-rotated.jpg\"><img loading=\"lazy\" decoding=\"async\" class=\"alignnone size-medium wp-image-2373\" src=\"https:\/\/agora.xtec.cat\/insaferrer\/wp-content\/uploads\/usu2510\/2024\/09\/IMG_0583-225x300.jpg\" alt=\"\" width=\"225\" height=\"300\" srcset=\"https:\/\/agora.xtec.cat\/insaferrer\/wp-content\/uploads\/usu2510\/2024\/09\/IMG_0583-225x300.jpg 225w, https:\/\/agora.xtec.cat\/insaferrer\/wp-content\/uploads\/usu2510\/2024\/09\/IMG_0583-rotated.jpg 480w\" sizes=\"auto, (max-width: 225px) 100vw, 225px\" \/><\/a> <a href=\"https:\/\/agora.xtec.cat\/insaferrer\/wp-content\/uploads\/usu2510\/2024\/09\/IMG_0580-rotated.jpg\"><img loading=\"lazy\" decoding=\"async\" class=\"alignnone size-medium wp-image-2374\" src=\"https:\/\/agora.xtec.cat\/insaferrer\/wp-content\/uploads\/usu2510\/2024\/09\/IMG_0580-225x300.jpg\" alt=\"\" width=\"225\" height=\"300\" srcset=\"https:\/\/agora.xtec.cat\/insaferrer\/wp-content\/uploads\/usu2510\/2024\/09\/IMG_0580-225x300.jpg 225w, https:\/\/agora.xtec.cat\/insaferrer\/wp-content\/uploads\/usu2510\/2024\/09\/IMG_0580-rotated.jpg 480w\" sizes=\"auto, (max-width: 225px) 100vw, 225px\" \/><\/a><\/p>\n<p>&nbsp;<\/p>\n<p>&nbsp;<\/p>\n","protected":false},"excerpt":{"rendered":"<p>Hem iniciat la franja hor\u00e0ria de l&#8217;aprenentatge aut\u00f2nom de l&#8217;alumnat, un espai on conviuen tots alumnes de l&#8217;institut i on cada un d&#8217;ells personalitza el seu aprenentatge.<br \/>\nPropostes espec\u00edfiques i interdisciplinars de diferents \u00e0mbits: ci\u00e8ncies, tecnologia, lleng\u00fces, hist\u00f2ria, educaci\u00f3 f\u00edsica, arts&#8230;<br \/>\nEn l&#8217;\u00e0mbit cient\u00edfic hem comen\u00e7at les&hellip;  <a href=\"https:\/\/agora.xtec.cat\/insaferrer\/general\/comencem-litinerari-personal-daprenentatge\/\" title=\"Read Comencem l&#8217;itinerari personal d&#8217;aprenentatge\">Llegeix m\u00e9s\u00bb<\/a><\/p>\n","protected":false},"author":1,"featured_media":2366,"comment_status":"closed","ping_status":"closed","sticky":false,"template":"","format":"standard","meta":{"_bbp_topic_count":0,"_bbp_reply_count":0,"_bbp_total_topic_count":0,"_bbp_total_reply_count":0,"_bbp_voice_count":0,"_bbp_anonymous_reply_count":0,"_bbp_topic_count_hidden":0,"_bbp_reply_count_hidden":0,"_bbp_forum_subforum_count":0,"footnotes":""},"categories":[124,3,1,29],"tags":[107,141,151,160,161],"class_list":["post-2364","post","type-post","status-publish","format-standard","has-post-thumbnail","hentry","category-alumnat","category-eso","category-general","category-portada","tag-1r-eso","tag-2n-eso","tag-3r-eso","tag-4t-eso","tag-itinerari-personal-daprenentatge"],"post_mailing_queue_ids":[],"_links":{"self":[{"href":"https:\/\/agora.xtec.cat\/insaferrer\/wp-json\/wp\/v2\/posts\/2364","targetHints":{"allow":["GET"]}}],"collection":[{"href":"https:\/\/agora.xtec.cat\/insaferrer\/wp-json\/wp\/v2\/posts"}],"about":[{"href":"https:\/\/agora.xtec.cat\/insaferrer\/wp-json\/wp\/v2\/types\/post"}],"author":[{"embeddable":true,"href":"https:\/\/agora.xtec.cat\/insaferrer\/wp-json\/wp\/v2\/users\/1"}],"replies":[{"embeddable":true,"href":"https:\/\/agora.xtec.cat\/insaferrer\/wp-json\/wp\/v2\/comments?post=2364"}],"version-history":[{"count":3,"href":"https:\/\/agora.xtec.cat\/insaferrer\/wp-json\/wp\/v2\/posts\/2364\/revisions"}],"predecessor-version":[{"id":2393,"href":"https:\/\/agora.xtec.cat\/insaferrer\/wp-json\/wp\/v2\/posts\/2364\/revisions\/2393"}],"wp:featuredmedia":[{"embeddable":true,"href":"https:\/\/agora.xtec.cat\/insaferrer\/wp-json\/wp\/v2\/media\/2366"}],"wp:attachment":[{"href":"https:\/\/agora.xtec.cat\/insaferrer\/wp-json\/wp\/v2\/media?parent=2364"}],"wp:term":[{"taxonomy":"category","embeddable":true,"href":"https:\/\/agora.xtec.cat\/insaferrer\/wp-json\/wp\/v2\/categories?post=2364"},{"taxonomy":"post_tag","embeddable":true,"href":"https:\/\/agora.xtec.cat\/insaferrer\/wp-json\/wp\/v2\/tags?post=2364"}],"curies":[{"name":"wp","href":"https:\/\/api.w.org\/{rel}","templated":true}]}}