{"id":2331,"date":"2024-09-05T08:50:18","date_gmt":"2024-09-05T06:50:18","guid":{"rendered":"https:\/\/agora.xtec.cat\/insaferrer\/?p=2331"},"modified":"2024-09-04T23:00:01","modified_gmt":"2024-09-04T21:00:01","slug":"benvinguts-al-nou-curs-2024-2025","status":"publish","type":"post","link":"https:\/\/agora.xtec.cat\/insaferrer\/general\/benvinguts-al-nou-curs-2024-2025\/","title":{"rendered":"Benvinguts al nou curs 2024-2025"},"content":{"rendered":"<p>Els equips docents estem preparant el curs, els espais de treball, les noves propostes d&#8217;aprenentatge, els projectes intensius inicials\u2026 i moltes coses necess\u00e0ries! Hem comen\u00e7at amb un temps i espai de retrobament, formaci\u00f3 interna i reflexi\u00f3 amb tot el claustre. Tamb\u00e9 d&#8217;incorporaci\u00f3 de nou professorat al centre!<\/p>\n<figure class=\"figure wp-caption aligncenter\"><a href=\"https:\/\/agora.xtec.cat\/insaferrer\/wp-content\/uploads\/usu2510\/2024\/09\/53966625469_62b468fe1a_k.jpg\"><img loading=\"lazy\" decoding=\"async\" class=\" wp-image-2333\" src=\"https:\/\/agora.xtec.cat\/insaferrer\/wp-content\/uploads\/usu2510\/2024\/09\/53966625469_62b468fe1a_k-1024x931.jpg\" alt=\"Equip docent\" width=\"818\" height=\"744\" srcset=\"https:\/\/agora.xtec.cat\/insaferrer\/wp-content\/uploads\/usu2510\/2024\/09\/53966625469_62b468fe1a_k-1024x931.jpg 1024w, https:\/\/agora.xtec.cat\/insaferrer\/wp-content\/uploads\/usu2510\/2024\/09\/53966625469_62b468fe1a_k-300x273.jpg 300w, https:\/\/agora.xtec.cat\/insaferrer\/wp-content\/uploads\/usu2510\/2024\/09\/53966625469_62b468fe1a_k-768x698.jpg 768w, https:\/\/agora.xtec.cat\/insaferrer\/wp-content\/uploads\/usu2510\/2024\/09\/53966625469_62b468fe1a_k.jpg 1254w\" sizes=\"auto, (max-width: 818px) 100vw, 818px\" \/><\/a><figcaption class=\"wp-caption-text\">Equip hum\u00e0 del curs 2024-2025<\/figcaption><\/figure>\n<p>&nbsp;<\/p>\n<p>Avui dijous 5 de setembre, a les 18 h, tindr\u00e0 lloc la trobada de benvinguda a les fam\u00edlies de 1r d\u2019ESO i les noves fam\u00edlies de 2n i 3r d\u2019ESO. Aquesta reuni\u00f3 est\u00e0 pensada per a les fam\u00edlies (no per als nois i noies) amb l\u2019objectiu de tenir un primer contacte i con\u00e8ixer l\u2019equip docent que tindran els vostres fills i filles aquest primer curs al centre.<\/p>\n<p>Dilluns 9, ens retrobem tots amb ganes i energia per tenir un gran curs 2024-2025.<\/p>\n","protected":false},"excerpt":{"rendered":"<p>Els equips docents estem preparant el curs, els espais de treball, les noves propostes d&#8217;aprenentatge, els projectes intensius inicials\u2026 i moltes coses necess\u00e0ries! Hem comen\u00e7at amb un temps i espai de retrobament, formaci\u00f3 interna i reflexi\u00f3 amb tot el claustre. Tamb\u00e9 d&#8217;incorporaci\u00f3 de nou professorat&hellip;  <a href=\"https:\/\/agora.xtec.cat\/insaferrer\/general\/benvinguts-al-nou-curs-2024-2025\/\" title=\"Read Benvinguts al nou curs 2024-2025\">Llegeix m\u00e9s\u00bb<\/a><\/p>\n","protected":false},"author":3,"featured_media":2332,"comment_status":"closed","ping_status":"closed","sticky":false,"template":"","format":"standard","meta":{"_bbp_topic_count":0,"_bbp_reply_count":0,"_bbp_total_topic_count":0,"_bbp_total_reply_count":0,"_bbp_voice_count":0,"_bbp_anonymous_reply_count":0,"_bbp_topic_count_hidden":0,"_bbp_reply_count_hidden":0,"_bbp_forum_subforum_count":0,"footnotes":""},"categories":[31,124,154,3,4,5,6,7,1,29],"tags":[],"class_list":["post-2331","post","type-post","status-publish","format-standard","has-post-thumbnail","hentry","category-afa","category-alumnat","category-cefore","category-eso","category-eso-1","category-eso-2","category-eso-3","category-eso-4","category-general","category-portada"],"post_mailing_queue_ids":[],"_links":{"self":[{"href":"https:\/\/agora.xtec.cat\/insaferrer\/wp-json\/wp\/v2\/posts\/2331","targetHints":{"allow":["GET"]}}],"collection":[{"href":"https:\/\/agora.xtec.cat\/insaferrer\/wp-json\/wp\/v2\/posts"}],"about":[{"href":"https:\/\/agora.xtec.cat\/insaferrer\/wp-json\/wp\/v2\/types\/post"}],"author":[{"embeddable":true,"href":"https:\/\/agora.xtec.cat\/insaferrer\/wp-json\/wp\/v2\/users\/3"}],"replies":[{"embeddable":true,"href":"https:\/\/agora.xtec.cat\/insaferrer\/wp-json\/wp\/v2\/comments?post=2331"}],"version-history":[{"count":1,"href":"https:\/\/agora.xtec.cat\/insaferrer\/wp-json\/wp\/v2\/posts\/2331\/revisions"}],"predecessor-version":[{"id":2334,"href":"https:\/\/agora.xtec.cat\/insaferrer\/wp-json\/wp\/v2\/posts\/2331\/revisions\/2334"}],"wp:featuredmedia":[{"embeddable":true,"href":"https:\/\/agora.xtec.cat\/insaferrer\/wp-json\/wp\/v2\/media\/2332"}],"wp:attachment":[{"href":"https:\/\/agora.xtec.cat\/insaferrer\/wp-json\/wp\/v2\/media?parent=2331"}],"wp:term":[{"taxonomy":"category","embeddable":true,"href":"https:\/\/agora.xtec.cat\/insaferrer\/wp-json\/wp\/v2\/categories?post=2331"},{"taxonomy":"post_tag","embeddable":true,"href":"https:\/\/agora.xtec.cat\/insaferrer\/wp-json\/wp\/v2\/tags?post=2331"}],"curies":[{"name":"wp","href":"https:\/\/api.w.org\/{rel}","templated":true}]}}