{"id":2314,"date":"2024-07-19T14:19:44","date_gmt":"2024-07-19T12:19:44","guid":{"rendered":"https:\/\/agora.xtec.cat\/insaferrer\/?p=2314"},"modified":"2024-07-25T20:39:07","modified_gmt":"2024-07-25T18:39:07","slug":"bon-estiu-a-tothom","status":"publish","type":"post","link":"https:\/\/agora.xtec.cat\/insaferrer\/general\/bon-estiu-a-tothom\/","title":{"rendered":"Bon estiu a tothom!"},"content":{"rendered":"<p>Benvolgudes fam\u00edlies, alumnat i professorat,<\/p>\n<p>Amb l&#8217;arribada de l&#8217;estiu, posem punt final a un altre curs ple d&#8217;aprenentatges, reptes i creixement. Volem expressar el nostre sincer agra\u00efment a tot l&#8217;alumnat per la seva dedicaci\u00f3 i esfor\u00e7, al professorat pel seu comprom\u00eds i passi\u00f3 per l&#8217;educaci\u00f3, i a les fam\u00edlies pel seu suport constant.<\/p>\n<p>Desitgem que gaudiu d&#8217;unes merescudes vacances, plenes de descans i moments inoblidables. Ens retrobarem amb energies renovades per comen\u00e7ar un nou curs amb la mateixa il\u00b7lusi\u00f3 i entusiasme.<\/p>\n<p>Bon estiu a tothom!<\/p>\n<figure class=\"figure wp-caption alignnone\"><a href=\"https:\/\/agora.xtec.cat\/insaferrer\/wp-content\/uploads\/usu2510\/2024\/07\/sopar-AFA.jpg\"><img loading=\"lazy\" decoding=\"async\" class=\" wp-image-2315\" src=\"https:\/\/agora.xtec.cat\/insaferrer\/wp-content\/uploads\/usu2510\/2024\/07\/sopar-AFA-1024x548.jpg\" alt=\"Sopar de final de curs amb tota la comunitat.\" width=\"680\" height=\"364\" srcset=\"https:\/\/agora.xtec.cat\/insaferrer\/wp-content\/uploads\/usu2510\/2024\/07\/sopar-AFA-1024x548.jpg 1024w, https:\/\/agora.xtec.cat\/insaferrer\/wp-content\/uploads\/usu2510\/2024\/07\/sopar-AFA-300x161.jpg 300w, https:\/\/agora.xtec.cat\/insaferrer\/wp-content\/uploads\/usu2510\/2024\/07\/sopar-AFA-768x411.jpg 768w, https:\/\/agora.xtec.cat\/insaferrer\/wp-content\/uploads\/usu2510\/2024\/07\/sopar-AFA.jpg 1111w\" sizes=\"auto, (max-width: 680px) 100vw, 680px\" \/><\/a><figcaption class=\"wp-caption-text\">Sopar de final de curs amb tota la comunitat.<\/figcaption><\/figure>\n","protected":false},"excerpt":{"rendered":"<p>Benvolgudes fam\u00edlies, alumnat i professorat,<br \/>\nAmb l&#8217;arribada de l&#8217;estiu, posem punt final a un altre curs ple d&#8217;aprenentatges, reptes i creixement. Volem expressar el nostre sincer agra\u00efment a tot l&#8217;alumnat per la seva dedicaci\u00f3 i esfor\u00e7, al professorat pel seu comprom\u00eds i passi\u00f3 per l&#8217;educaci\u00f3, i&hellip;  <a href=\"https:\/\/agora.xtec.cat\/insaferrer\/general\/bon-estiu-a-tothom\/\" title=\"Read Bon estiu a tothom!\">Llegeix m\u00e9s\u00bb<\/a><\/p>\n","protected":false},"author":1,"featured_media":2315,"comment_status":"closed","ping_status":"closed","sticky":false,"template":"","format":"standard","meta":{"_bbp_topic_count":0,"_bbp_reply_count":0,"_bbp_total_topic_count":0,"_bbp_total_reply_count":0,"_bbp_voice_count":0,"_bbp_anonymous_reply_count":0,"_bbp_topic_count_hidden":0,"_bbp_reply_count_hidden":0,"_bbp_forum_subforum_count":0,"footnotes":""},"categories":[31,124,3,4,5,6,7,1,29],"tags":[],"class_list":["post-2314","post","type-post","status-publish","format-standard","has-post-thumbnail","hentry","category-afa","category-alumnat","category-eso","category-eso-1","category-eso-2","category-eso-3","category-eso-4","category-general","category-portada"],"post_mailing_queue_ids":[],"_links":{"self":[{"href":"https:\/\/agora.xtec.cat\/insaferrer\/wp-json\/wp\/v2\/posts\/2314","targetHints":{"allow":["GET"]}}],"collection":[{"href":"https:\/\/agora.xtec.cat\/insaferrer\/wp-json\/wp\/v2\/posts"}],"about":[{"href":"https:\/\/agora.xtec.cat\/insaferrer\/wp-json\/wp\/v2\/types\/post"}],"author":[{"embeddable":true,"href":"https:\/\/agora.xtec.cat\/insaferrer\/wp-json\/wp\/v2\/users\/1"}],"replies":[{"embeddable":true,"href":"https:\/\/agora.xtec.cat\/insaferrer\/wp-json\/wp\/v2\/comments?post=2314"}],"version-history":[{"count":3,"href":"https:\/\/agora.xtec.cat\/insaferrer\/wp-json\/wp\/v2\/posts\/2314\/revisions"}],"predecessor-version":[{"id":2318,"href":"https:\/\/agora.xtec.cat\/insaferrer\/wp-json\/wp\/v2\/posts\/2314\/revisions\/2318"}],"wp:featuredmedia":[{"embeddable":true,"href":"https:\/\/agora.xtec.cat\/insaferrer\/wp-json\/wp\/v2\/media\/2315"}],"wp:attachment":[{"href":"https:\/\/agora.xtec.cat\/insaferrer\/wp-json\/wp\/v2\/media?parent=2314"}],"wp:term":[{"taxonomy":"category","embeddable":true,"href":"https:\/\/agora.xtec.cat\/insaferrer\/wp-json\/wp\/v2\/categories?post=2314"},{"taxonomy":"post_tag","embeddable":true,"href":"https:\/\/agora.xtec.cat\/insaferrer\/wp-json\/wp\/v2\/tags?post=2314"}],"curies":[{"name":"wp","href":"https:\/\/api.w.org\/{rel}","templated":true}]}}