{"id":2213,"date":"2024-06-18T13:57:07","date_gmt":"2024-06-18T11:57:07","guid":{"rendered":"https:\/\/agora.xtec.cat\/insaferrer\/?p=2213"},"modified":"2024-06-18T13:57:49","modified_gmt":"2024-06-18T11:57:49","slug":"el-meu-cos-el-meu-tresor","status":"publish","type":"post","link":"https:\/\/agora.xtec.cat\/insaferrer\/general\/el-meu-cos-el-meu-tresor\/","title":{"rendered":"El meu cos, el meu tresor"},"content":{"rendered":"<p dir=\"auto\">&#8220;El meu cos, el meu tresor&#8221;, un projecte fet a 2n d&#8217;ESO que ens ha perm\u00e8s conversar amb una mica m\u00e9s de normalitat sobre sexualitat, pensar i repensar que s\u00f3n els espais i relacions de seguretat, confian\u00e7a i respecte. Con\u00e8ixer m\u00e9s sobre diversitats, l\u00edmits, desig i plaer i tamb\u00e9 saber m\u00e9s sobre nosaltres, tant f\u00edsicament com emocionalment.<\/p>\n<p dir=\"auto\">L&#8217;alumnat va preparar una exhibici\u00f3 p\u00fablica en la que primer de tot van oferir un espai per a conversar i despr\u00e9s per a explicar all\u00f2 que havien descobert en les seves investigacions i per qu\u00e8 era important saber i parlar sobre all\u00f2. Per tal de fer-ho primer van assajar amb els companys i companyes i es van donar feedback de millora i, finalment, el passat dimecres l&#8217;exhibici\u00f3 es va fer per a les fam\u00edlies, amb les quals van poder conversar sobre quina educaci\u00f3 sexual els agrada o agradaria tenir&#8230;<\/p>\n<p dir=\"auto\">En definitiva, un projecte que creiem necessari per ara i, de ben segur, pel futur!<\/p>\n\n\t\t<style type=\"text\/css\">\n\t\t\t#gallery-1 {\n\t\t\t\tmargin: auto;\n\t\t\t}\n\t\t\t#gallery-1 .gallery-item {\n\t\t\t\tfloat: left;\n\t\t\t\tmargin-top: 10px;\n\t\t\t\ttext-align: center;\n\t\t\t\twidth: 33%;\n\t\t\t}\n\t\t\t#gallery-1 img {\n\t\t\t\tborder: 2px solid #cfcfcf;\n\t\t\t}\n\t\t\t#gallery-1 .gallery-caption {\n\t\t\t\tmargin-left: 0;\n\t\t\t}\n\t\t\t\/* see gallery_shortcode() in wp-includes\/media.php *\/\n\t\t<\/style>\n\t\t<div id='gallery-1' class='gallery galleryid-2213 gallery-columns-3 gallery-size-thumbnail'><dl class='gallery-item'>\n\t\t\t<dt class='gallery-icon landscape'>\n\t\t\t\t<a href='https:\/\/agora.xtec.cat\/insaferrer\/general\/el-meu-cos-el-meu-tresor\/attachment\/img20240415123021-2\/'><img loading=\"lazy\" decoding=\"async\" width=\"150\" height=\"150\" src=\"https:\/\/agora.xtec.cat\/insaferrer\/wp-content\/uploads\/usu2510\/2024\/06\/IMG20240415123021.2-150x150.jpg\" class=\"attachment-thumbnail size-thumbnail\" alt=\"\" \/><\/a>\n\t\t\t<\/dt><\/dl><dl class='gallery-item'>\n\t\t\t<dt class='gallery-icon landscape'>\n\t\t\t\t<a href='https:\/\/agora.xtec.cat\/insaferrer\/general\/el-meu-cos-el-meu-tresor\/attachment\/img-20240422-wa0021\/'><img loading=\"lazy\" decoding=\"async\" width=\"150\" height=\"150\" src=\"https:\/\/agora.xtec.cat\/insaferrer\/wp-content\/uploads\/usu2510\/2024\/06\/IMG-20240422-WA0021-150x150.jpg\" class=\"attachment-thumbnail size-thumbnail\" alt=\"\" \/><\/a>\n\t\t\t<\/dt><\/dl><dl class='gallery-item'>\n\t\t\t<dt class='gallery-icon portrait'>\n\t\t\t\t<a href='https:\/\/agora.xtec.cat\/insaferrer\/general\/el-meu-cos-el-meu-tresor\/attachment\/img-20240422-wa0028\/'><img loading=\"lazy\" decoding=\"async\" width=\"150\" height=\"150\" src=\"https:\/\/agora.xtec.cat\/insaferrer\/wp-content\/uploads\/usu2510\/2024\/06\/IMG-20240422-WA0028-150x150.jpg\" class=\"attachment-thumbnail size-thumbnail\" alt=\"\" \/><\/a>\n\t\t\t<\/dt><\/dl><br style=\"clear: both\" \/><dl class='gallery-item'>\n\t\t\t<dt class='gallery-icon portrait'>\n\t\t\t\t<a href='https:\/\/agora.xtec.cat\/insaferrer\/general\/el-meu-cos-el-meu-tresor\/attachment\/img-20240422-wa0024\/'><img loading=\"lazy\" decoding=\"async\" width=\"150\" height=\"150\" src=\"https:\/\/agora.xtec.cat\/insaferrer\/wp-content\/uploads\/usu2510\/2024\/06\/IMG-20240422-WA0024-150x150.jpg\" class=\"attachment-thumbnail size-thumbnail\" alt=\"\" \/><\/a>\n\t\t\t<\/dt><\/dl><dl class='gallery-item'>\n\t\t\t<dt class='gallery-icon portrait'>\n\t\t\t\t<a href='https:\/\/agora.xtec.cat\/insaferrer\/general\/el-meu-cos-el-meu-tresor\/attachment\/img_20240426_085706\/'><img loading=\"lazy\" decoding=\"async\" width=\"150\" height=\"150\" src=\"https:\/\/agora.xtec.cat\/insaferrer\/wp-content\/uploads\/usu2510\/2024\/06\/IMG_20240426_085706-150x150.jpg\" class=\"attachment-thumbnail size-thumbnail\" alt=\"\" \/><\/a>\n\t\t\t<\/dt><\/dl><dl class='gallery-item'>\n\t\t\t<dt class='gallery-icon landscape'>\n\t\t\t\t<a href='https:\/\/agora.xtec.cat\/insaferrer\/general\/el-meu-cos-el-meu-tresor\/attachment\/img20240422100821\/'><img loading=\"lazy\" decoding=\"async\" width=\"150\" height=\"150\" src=\"https:\/\/agora.xtec.cat\/insaferrer\/wp-content\/uploads\/usu2510\/2024\/06\/IMG20240422100821-150x150.jpg\" class=\"attachment-thumbnail size-thumbnail\" alt=\"\" \/><\/a>\n\t\t\t<\/dt><\/dl><br style=\"clear: both\" \/><dl class='gallery-item'>\n\t\t\t<dt class='gallery-icon landscape'>\n\t\t\t\t<a href='https:\/\/agora.xtec.cat\/insaferrer\/general\/el-meu-cos-el-meu-tresor\/attachment\/img_20240614_175141_041\/'><img loading=\"lazy\" decoding=\"async\" width=\"150\" height=\"150\" src=\"https:\/\/agora.xtec.cat\/insaferrer\/wp-content\/uploads\/usu2510\/2024\/06\/IMG_20240614_175141_041-150x150.webp\" class=\"attachment-thumbnail size-thumbnail\" alt=\"\" \/><\/a>\n\t\t\t<\/dt><\/dl><dl class='gallery-item'>\n\t\t\t<dt class='gallery-icon landscape'>\n\t\t\t\t<a href='https:\/\/agora.xtec.cat\/insaferrer\/general\/el-meu-cos-el-meu-tresor\/attachment\/img_20240614_175141_144\/'><img loading=\"lazy\" decoding=\"async\" width=\"150\" height=\"150\" src=\"https:\/\/agora.xtec.cat\/insaferrer\/wp-content\/uploads\/usu2510\/2024\/06\/IMG_20240614_175141_144-150x150.webp\" class=\"attachment-thumbnail size-thumbnail\" alt=\"\" \/><\/a>\n\t\t\t<\/dt><\/dl><dl class='gallery-item'>\n\t\t\t<dt class='gallery-icon landscape'>\n\t\t\t\t<a href='https:\/\/agora.xtec.cat\/insaferrer\/general\/el-meu-cos-el-meu-tresor\/attachment\/img20240605101600-2\/'><img loading=\"lazy\" decoding=\"async\" width=\"150\" height=\"150\" src=\"https:\/\/agora.xtec.cat\/insaferrer\/wp-content\/uploads\/usu2510\/2024\/06\/IMG20240605101600.2-150x150.jpg\" class=\"attachment-thumbnail size-thumbnail\" alt=\"\" \/><\/a>\n\t\t\t<\/dt><\/dl><br style=\"clear: both\" \/><dl class='gallery-item'>\n\t\t\t<dt class='gallery-icon landscape'>\n\t\t\t\t<a href='https:\/\/agora.xtec.cat\/insaferrer\/general\/el-meu-cos-el-meu-tresor\/attachment\/img20240605101641-2\/'><img loading=\"lazy\" decoding=\"async\" width=\"150\" height=\"150\" src=\"https:\/\/agora.xtec.cat\/insaferrer\/wp-content\/uploads\/usu2510\/2024\/06\/IMG20240605101641.2-150x150.jpg\" class=\"attachment-thumbnail size-thumbnail\" alt=\"\" \/><\/a>\n\t\t\t<\/dt><\/dl><dl class='gallery-item'>\n\t\t\t<dt class='gallery-icon landscape'>\n\t\t\t\t<a href='https:\/\/agora.xtec.cat\/insaferrer\/general\/el-meu-cos-el-meu-tresor\/attachment\/img20240605101656-2\/'><img loading=\"lazy\" decoding=\"async\" width=\"150\" height=\"150\" src=\"https:\/\/agora.xtec.cat\/insaferrer\/wp-content\/uploads\/usu2510\/2024\/06\/IMG20240605101656.2-150x150.jpg\" class=\"attachment-thumbnail size-thumbnail\" alt=\"\" \/><\/a>\n\t\t\t<\/dt><\/dl><dl class='gallery-item'>\n\t\t\t<dt class='gallery-icon landscape'>\n\t\t\t\t<a href='https:\/\/agora.xtec.cat\/insaferrer\/general\/el-meu-cos-el-meu-tresor\/attachment\/img20240605101709-2\/'><img loading=\"lazy\" decoding=\"async\" width=\"150\" height=\"150\" src=\"https:\/\/agora.xtec.cat\/insaferrer\/wp-content\/uploads\/usu2510\/2024\/06\/IMG20240605101709.2-150x150.jpg\" class=\"attachment-thumbnail size-thumbnail\" alt=\"\" \/><\/a>\n\t\t\t<\/dt><\/dl><br style=\"clear: both\" \/>\n\t\t<\/div>\n\n","protected":false},"excerpt":{"rendered":"<p>&#8220;El meu cos, el meu tresor&#8221;, un projecte fet a 2n d&#8217;ESO que ens ha perm\u00e8s conversar amb una mica m\u00e9s de normalitat sobre sexualitat, pensar i repensar que s\u00f3n els espais i relacions de seguretat, confian\u00e7a i respecte. Con\u00e8ixer m\u00e9s sobre diversitats, l\u00edmits, desig&hellip;  <a href=\"https:\/\/agora.xtec.cat\/insaferrer\/general\/el-meu-cos-el-meu-tresor\/\" title=\"Read El meu cos, el meu tresor\">Llegeix m\u00e9s\u00bb<\/a><\/p>\n","protected":false},"author":1,"featured_media":2239,"comment_status":"closed","ping_status":"closed","sticky":false,"template":"","format":"standard","meta":{"_bbp_topic_count":0,"_bbp_reply_count":0,"_bbp_total_topic_count":0,"_bbp_total_reply_count":0,"_bbp_voice_count":0,"_bbp_anonymous_reply_count":0,"_bbp_topic_count_hidden":0,"_bbp_reply_count_hidden":0,"_bbp_forum_subforum_count":0,"footnotes":""},"categories":[149,124,3,5,1,29],"tags":[],"class_list":["post-2213","post","type-post","status-publish","format-standard","has-post-thumbnail","hentry","category-abp","category-alumnat","category-eso","category-eso-2","category-general","category-portada"],"post_mailing_queue_ids":[],"_links":{"self":[{"href":"https:\/\/agora.xtec.cat\/insaferrer\/wp-json\/wp\/v2\/posts\/2213","targetHints":{"allow":["GET"]}}],"collection":[{"href":"https:\/\/agora.xtec.cat\/insaferrer\/wp-json\/wp\/v2\/posts"}],"about":[{"href":"https:\/\/agora.xtec.cat\/insaferrer\/wp-json\/wp\/v2\/types\/post"}],"author":[{"embeddable":true,"href":"https:\/\/agora.xtec.cat\/insaferrer\/wp-json\/wp\/v2\/users\/1"}],"replies":[{"embeddable":true,"href":"https:\/\/agora.xtec.cat\/insaferrer\/wp-json\/wp\/v2\/comments?post=2213"}],"version-history":[{"count":3,"href":"https:\/\/agora.xtec.cat\/insaferrer\/wp-json\/wp\/v2\/posts\/2213\/revisions"}],"predecessor-version":[{"id":2243,"href":"https:\/\/agora.xtec.cat\/insaferrer\/wp-json\/wp\/v2\/posts\/2213\/revisions\/2243"}],"wp:featuredmedia":[{"embeddable":true,"href":"https:\/\/agora.xtec.cat\/insaferrer\/wp-json\/wp\/v2\/media\/2239"}],"wp:attachment":[{"href":"https:\/\/agora.xtec.cat\/insaferrer\/wp-json\/wp\/v2\/media?parent=2213"}],"wp:term":[{"taxonomy":"category","embeddable":true,"href":"https:\/\/agora.xtec.cat\/insaferrer\/wp-json\/wp\/v2\/categories?post=2213"},{"taxonomy":"post_tag","embeddable":true,"href":"https:\/\/agora.xtec.cat\/insaferrer\/wp-json\/wp\/v2\/tags?post=2213"}],"curies":[{"name":"wp","href":"https:\/\/api.w.org\/{rel}","templated":true}]}}