{"id":2075,"date":"2024-05-30T20:58:25","date_gmt":"2024-05-30T18:58:25","guid":{"rendered":"https:\/\/agora.xtec.cat\/insaferrer\/?p=2075"},"modified":"2024-05-31T09:47:08","modified_gmt":"2024-05-31T07:47:08","slug":"invitacio-a-lexposicio-del-projecte-oficisdelbarri","status":"publish","type":"post","link":"https:\/\/agora.xtec.cat\/insaferrer\/general\/invitacio-a-lexposicio-del-projecte-oficisdelbarri\/","title":{"rendered":"Invitaci\u00f3 a la inauguraci\u00f3 de l&#8217;exposici\u00f3 fotogr\u00e0fica del projecte #oficisdelbarri"},"content":{"rendered":"<p>L&#8217;alumnat de 1r d&#8217;ESO a trav\u00e9s del seu equip de comunicaci\u00f3 del projecte #oficisdelbarri us fan arribar la seg\u00fcent informaci\u00f3 i invitaci\u00f3:<\/p>\n<p><em><span style=\"font-weight: 400;\">Esteu tots convidats a la nostra exhibici\u00f3 \u201cOficis del Barri\u201d, que ser\u00e0 el dia dilluns 3 de juny entre les 15:00 h i les 16:00 h, al Centre C\u00edvic Parc Sandaru, al carrer Buenaventura Mu\u00f1oz, 21, de Barcelona.<\/span><\/em><\/p>\n<p><em><span style=\"font-weight: 400;\">Aquesta exhibici\u00f3 va de com podem fer que els petits comer\u00e7os es vegin m\u00e9s visibles a trav\u00e9s de la fotografia. L&#8217;alumnat de l\u2019institut hem escollit, a trav\u00e9s de cada equip cooperatiu, un ofici del barri i hem fet fotografies que ara teniu l&#8217;oportunitat de veure.<\/span><\/em><\/p>\n<p><em><span style=\"font-weight: 400;\">Esperem veure-us el 3 de juny al Parc Sandaru! <\/span><\/em><\/p>\n<p><em><span style=\"font-weight: 400;\">L&#8217;exposici\u00f3 continuar\u00e0 fins al 21 de juny. Teniu m\u00e9s informaci\u00f3 en la invitaci\u00f3.<a href=\"https:\/\/agora.xtec.cat\/insaferrer\/wp-content\/uploads\/usu2510\/2024\/05\/invitacio-1.png\"><img loading=\"lazy\" decoding=\"async\" class=\"alignnone size-large wp-image-2076\" src=\"https:\/\/agora.xtec.cat\/insaferrer\/wp-content\/uploads\/usu2510\/2024\/05\/invitacio-1-1024x724.png\" alt=\"\" width=\"1024\" height=\"724\" srcset=\"https:\/\/agora.xtec.cat\/insaferrer\/wp-content\/uploads\/usu2510\/2024\/05\/invitacio-1-1024x724.png 1024w, https:\/\/agora.xtec.cat\/insaferrer\/wp-content\/uploads\/usu2510\/2024\/05\/invitacio-1-300x212.png 300w, https:\/\/agora.xtec.cat\/insaferrer\/wp-content\/uploads\/usu2510\/2024\/05\/invitacio-1-768x543.png 768w, https:\/\/agora.xtec.cat\/insaferrer\/wp-content\/uploads\/usu2510\/2024\/05\/invitacio-1.png 1176w\" sizes=\"auto, (max-width: 1024px) 100vw, 1024px\" \/><\/a><\/span><\/em><\/p>\n<p>&nbsp;<\/p>\n","protected":false},"excerpt":{"rendered":"<p>L&#8217;alumnat de 1r d&#8217;ESO a trav\u00e9s del seu equip de comunicaci\u00f3 del projecte #oficisdelbarri us fan arribar la seg\u00fcent informaci\u00f3 i invitaci\u00f3:<br \/>\nEsteu tots convidats a la nostra exhibici\u00f3 \u201cOficis del Barri\u201d, que ser\u00e0 el dia dilluns 3 de juny entre les 15:00 h i les&hellip;  <a href=\"https:\/\/agora.xtec.cat\/insaferrer\/general\/invitacio-a-lexposicio-del-projecte-oficisdelbarri\/\" title=\"Read Invitaci\u00f3 a la inauguraci\u00f3 de l&#8217;exposici\u00f3 fotogr\u00e0fica del projecte #oficisdelbarri\">Llegeix m\u00e9s\u00bb<\/a><\/p>\n","protected":false},"author":1,"featured_media":2076,"comment_status":"closed","ping_status":"closed","sticky":false,"template":"","format":"standard","meta":{"_bbp_topic_count":0,"_bbp_reply_count":0,"_bbp_total_topic_count":0,"_bbp_total_reply_count":0,"_bbp_voice_count":0,"_bbp_anonymous_reply_count":0,"_bbp_topic_count_hidden":0,"_bbp_reply_count_hidden":0,"_bbp_forum_subforum_count":0,"footnotes":""},"categories":[149,124,4,1,29],"tags":[],"class_list":["post-2075","post","type-post","status-publish","format-standard","has-post-thumbnail","hentry","category-abp","category-alumnat","category-eso-1","category-general","category-portada"],"post_mailing_queue_ids":[],"_links":{"self":[{"href":"https:\/\/agora.xtec.cat\/insaferrer\/wp-json\/wp\/v2\/posts\/2075","targetHints":{"allow":["GET"]}}],"collection":[{"href":"https:\/\/agora.xtec.cat\/insaferrer\/wp-json\/wp\/v2\/posts"}],"about":[{"href":"https:\/\/agora.xtec.cat\/insaferrer\/wp-json\/wp\/v2\/types\/post"}],"author":[{"embeddable":true,"href":"https:\/\/agora.xtec.cat\/insaferrer\/wp-json\/wp\/v2\/users\/1"}],"replies":[{"embeddable":true,"href":"https:\/\/agora.xtec.cat\/insaferrer\/wp-json\/wp\/v2\/comments?post=2075"}],"version-history":[{"count":4,"href":"https:\/\/agora.xtec.cat\/insaferrer\/wp-json\/wp\/v2\/posts\/2075\/revisions"}],"predecessor-version":[{"id":2080,"href":"https:\/\/agora.xtec.cat\/insaferrer\/wp-json\/wp\/v2\/posts\/2075\/revisions\/2080"}],"wp:featuredmedia":[{"embeddable":true,"href":"https:\/\/agora.xtec.cat\/insaferrer\/wp-json\/wp\/v2\/media\/2076"}],"wp:attachment":[{"href":"https:\/\/agora.xtec.cat\/insaferrer\/wp-json\/wp\/v2\/media?parent=2075"}],"wp:term":[{"taxonomy":"category","embeddable":true,"href":"https:\/\/agora.xtec.cat\/insaferrer\/wp-json\/wp\/v2\/categories?post=2075"},{"taxonomy":"post_tag","embeddable":true,"href":"https:\/\/agora.xtec.cat\/insaferrer\/wp-json\/wp\/v2\/tags?post=2075"}],"curies":[{"name":"wp","href":"https:\/\/api.w.org\/{rel}","templated":true}]}}