{"id":2025,"date":"2024-05-02T16:29:42","date_gmt":"2024-05-02T14:29:42","guid":{"rendered":"https:\/\/agora.xtec.cat\/insaferrer\/?p=2025"},"modified":"2024-05-02T16:33:13","modified_gmt":"2024-05-02T14:33:13","slug":"llista-ordenada-definitiva-de-sollicituds-per-a-linstitut","status":"publish","type":"post","link":"https:\/\/agora.xtec.cat\/insaferrer\/general\/llista-ordenada-definitiva-de-sollicituds-per-a-linstitut\/","title":{"rendered":"Llista ordenada definitiva de sol\u00b7licituds per a l&#8217;institut"},"content":{"rendered":"<p>Despr\u00e9s del sorteig, s&#8217;elabora la llista ordenada de sol\u00b7licituds per a l&#8217;assignaci\u00f3 de places.<\/p>\n<p>Publiquem la llista ordenada de sol\u00b7licituds per a l&#8217;assignaci\u00f3 de places. Aquesta llista no est\u00e0 ordenada per ordre alfab\u00e8tic, sin\u00f3 que recull l&#8217;ordre en qu\u00e8 s&#8217;assignaran les places segons els criteris de prioritat i el n\u00famero de desempat.\u00a0Les fam\u00edlies podeu, amb aquesta llista, fer-vos una idea sobre si obtindran pla\u00e7a en el centre de primera petici\u00f3.<\/p>\n<p>Caldr\u00e0, per\u00f2, esperar <strong>la llista definitiva d&#8217;admesos<\/strong> per tenir-ne la seguretat o certificar l&#8217;assignaci\u00f3 en un centre.<\/p>\n<p style=\"text-align: center;\"><strong><a href=\"https:\/\/agora.xtec.cat\/insaferrer\/wp-content\/uploads\/usu2510\/2024\/05\/Institut-Angeleta-Ferrer-BCN-\u2013-Llista-ordenada-definitiva-preinscripcio-curs-2024-25-1.pdf\">Institut Angeleta Ferrer BCN \u2013 Llista ordenada definitiva preinscripci\u00f3 curs 2024-25<\/a><\/strong><\/p>\n<p>El llistat d&#8217;admesos es publicar\u00e0 el pr\u00f2xim 10 de juny.<\/p>\n<p>&nbsp;<\/p>\n","protected":false},"excerpt":{"rendered":"<p>Despr\u00e9s del sorteig, s&#8217;elabora la llista ordenada de sol\u00b7licituds per a l&#8217;assignaci\u00f3 de places.<br \/>\nPubliquem la llista ordenada de sol\u00b7licituds per a l&#8217;assignaci\u00f3 de places. Aquesta llista no est\u00e0 ordenada per ordre alfab\u00e8tic, sin\u00f3 que recull l&#8217;ordre en qu\u00e8 s&#8217;assignaran les places segons els criteris de&hellip;  <a href=\"https:\/\/agora.xtec.cat\/insaferrer\/general\/llista-ordenada-definitiva-de-sollicituds-per-a-linstitut\/\" title=\"Read Llista ordenada definitiva de sol\u00b7licituds per a l&#8217;institut\">Llegeix m\u00e9s\u00bb<\/a><\/p>\n","protected":false},"author":1,"featured_media":1973,"comment_status":"closed","ping_status":"closed","sticky":false,"template":"","format":"standard","meta":{"_bbp_topic_count":0,"_bbp_reply_count":0,"_bbp_total_topic_count":0,"_bbp_total_reply_count":0,"_bbp_voice_count":0,"_bbp_anonymous_reply_count":0,"_bbp_topic_count_hidden":0,"_bbp_reply_count_hidden":0,"_bbp_forum_subforum_count":0,"footnotes":""},"categories":[3,1,29],"tags":[],"class_list":["post-2025","post","type-post","status-publish","format-standard","has-post-thumbnail","hentry","category-eso","category-general","category-portada"],"post_mailing_queue_ids":[],"_links":{"self":[{"href":"https:\/\/agora.xtec.cat\/insaferrer\/wp-json\/wp\/v2\/posts\/2025","targetHints":{"allow":["GET"]}}],"collection":[{"href":"https:\/\/agora.xtec.cat\/insaferrer\/wp-json\/wp\/v2\/posts"}],"about":[{"href":"https:\/\/agora.xtec.cat\/insaferrer\/wp-json\/wp\/v2\/types\/post"}],"author":[{"embeddable":true,"href":"https:\/\/agora.xtec.cat\/insaferrer\/wp-json\/wp\/v2\/users\/1"}],"replies":[{"embeddable":true,"href":"https:\/\/agora.xtec.cat\/insaferrer\/wp-json\/wp\/v2\/comments?post=2025"}],"version-history":[{"count":4,"href":"https:\/\/agora.xtec.cat\/insaferrer\/wp-json\/wp\/v2\/posts\/2025\/revisions"}],"predecessor-version":[{"id":2031,"href":"https:\/\/agora.xtec.cat\/insaferrer\/wp-json\/wp\/v2\/posts\/2025\/revisions\/2031"}],"wp:featuredmedia":[{"embeddable":true,"href":"https:\/\/agora.xtec.cat\/insaferrer\/wp-json\/wp\/v2\/media\/1973"}],"wp:attachment":[{"href":"https:\/\/agora.xtec.cat\/insaferrer\/wp-json\/wp\/v2\/media?parent=2025"}],"wp:term":[{"taxonomy":"category","embeddable":true,"href":"https:\/\/agora.xtec.cat\/insaferrer\/wp-json\/wp\/v2\/categories?post=2025"},{"taxonomy":"post_tag","embeddable":true,"href":"https:\/\/agora.xtec.cat\/insaferrer\/wp-json\/wp\/v2\/tags?post=2025"}],"curies":[{"name":"wp","href":"https:\/\/api.w.org\/{rel}","templated":true}]}}