{"id":2021,"date":"2024-04-25T11:36:32","date_gmt":"2024-04-25T09:36:32","guid":{"rendered":"https:\/\/agora.xtec.cat\/insaferrer\/?p=2021"},"modified":"2024-04-25T11:36:32","modified_gmt":"2024-04-25T09:36:32","slug":"llistat-de-sollicituds-de-preinscripcio-al-centre-amb-la-baremacio-definitiva","status":"publish","type":"post","link":"https:\/\/agora.xtec.cat\/insaferrer\/portada\/llistat-de-sollicituds-de-preinscripcio-al-centre-amb-la-baremacio-definitiva\/","title":{"rendered":"Llistat de sol\u00b7licituds de preinscripci\u00f3 al centre amb la baremaci\u00f3 definitiva"},"content":{"rendered":"<p class=\"gmail_default\"><span style=\"font-family: tahoma, sans-serif;\"><span style=\"color: #000000;\">Publiquem<\/span>\u00a0el llistat de sol\u00b7licituds de preinscripci\u00f3 a l\u2019institut Angeleta Ferrer amb la <strong>puntuaci\u00f3 definitiva<\/strong>, una vegada resoltes les reclamacions i fetes les rectificacions necess\u00e0ries.<\/span><\/p>\n<p><a href=\"https:\/\/agora.xtec.cat\/insaferrer\/wp-content\/uploads\/usu2510\/2024\/04\/Institut-Angeleta-Ferrer-BCN-Barem-resoltes-reclamacions-preinscripcio-curs-2024-25.pdf\">Institut Angeleta Ferrer BCN &#8211; Barem resoltes reclamacions preinscripci\u00f3 curs 2024-25<\/a><\/p>\n<p class=\"gmail_default\">Igualment, en aquest llistat tamb\u00e9 es mostra el n\u00famero de desempat que s\u2019hagi assignat a cada sol\u00b7licitud per si cal desempatar-la amb el sorteig.<\/p>\n<p class=\"gmail_default\">Les fam\u00edlies tamb\u00e9 podeu fer la consulta de la vostra baremaci\u00f3 definitiva a Internet, a trav\u00e9s de l\u2019adre\u00e7a web\u00a0<a href=\"http:\/\/preinscripcio.gencat.cat\/\" target=\"_blank\" rel=\"noopener\" data-saferedirecturl=\"https:\/\/www.google.com\/url?q=http:\/\/preinscripcio.gencat.cat&amp;source=gmail&amp;ust=1714123439849000&amp;usg=AOvVaw122T89MjgxvX1tPwwAPoF5\">preinscripcio.gencat.cat<\/a>\u00a0a l\u2019apartat \u201cFes el seguiment de la teva sol\u00b7licitud\u201d.<\/p>\n","protected":false},"excerpt":{"rendered":"<p>Publiquem\u00a0el llistat de sol\u00b7licituds de preinscripci\u00f3 a l\u2019institut Angeleta Ferrer amb la puntuaci\u00f3 definitiva, una vegada resoltes les reclamacions i fetes les rectificacions necess\u00e0ries.<br \/>\n<a href=\"https:\/\/agora.xtec.cat\/insaferrer\/wp-content\/uploads\/usu2510\/2024\/04\/Institut-Angeleta-Ferrer-BCN-Barem-resoltes-reclamacions-preinscripcio-curs-2024-25.pdf\">Institut Angeleta Ferrer BCN &#8211; Barem resoltes reclamacions preinscripci\u00f3 curs 2024-25<\/a><br \/>\nIgualment, en aquest llistat tamb\u00e9 es mostra el n\u00famero de desempat&hellip;  <a href=\"https:\/\/agora.xtec.cat\/insaferrer\/portada\/llistat-de-sollicituds-de-preinscripcio-al-centre-amb-la-baremacio-definitiva\/\" title=\"Read Llistat de sol\u00b7licituds de preinscripci\u00f3 al centre amb la baremaci\u00f3 definitiva\">Llegeix m\u00e9s\u00bb<\/a><\/p>\n","protected":false},"author":1,"featured_media":2023,"comment_status":"closed","ping_status":"closed","sticky":false,"template":"","format":"standard","meta":{"_bbp_topic_count":0,"_bbp_reply_count":0,"_bbp_total_topic_count":0,"_bbp_total_reply_count":0,"_bbp_voice_count":0,"_bbp_anonymous_reply_count":0,"_bbp_topic_count_hidden":0,"_bbp_reply_count_hidden":0,"_bbp_forum_subforum_count":0,"footnotes":""},"categories":[29],"tags":[105],"class_list":["post-2021","post","type-post","status-publish","format-standard","has-post-thumbnail","hentry","category-portada","tag-preinscripcio"],"post_mailing_queue_ids":[],"_links":{"self":[{"href":"https:\/\/agora.xtec.cat\/insaferrer\/wp-json\/wp\/v2\/posts\/2021","targetHints":{"allow":["GET"]}}],"collection":[{"href":"https:\/\/agora.xtec.cat\/insaferrer\/wp-json\/wp\/v2\/posts"}],"about":[{"href":"https:\/\/agora.xtec.cat\/insaferrer\/wp-json\/wp\/v2\/types\/post"}],"author":[{"embeddable":true,"href":"https:\/\/agora.xtec.cat\/insaferrer\/wp-json\/wp\/v2\/users\/1"}],"replies":[{"embeddable":true,"href":"https:\/\/agora.xtec.cat\/insaferrer\/wp-json\/wp\/v2\/comments?post=2021"}],"version-history":[{"count":1,"href":"https:\/\/agora.xtec.cat\/insaferrer\/wp-json\/wp\/v2\/posts\/2021\/revisions"}],"predecessor-version":[{"id":2024,"href":"https:\/\/agora.xtec.cat\/insaferrer\/wp-json\/wp\/v2\/posts\/2021\/revisions\/2024"}],"wp:featuredmedia":[{"embeddable":true,"href":"https:\/\/agora.xtec.cat\/insaferrer\/wp-json\/wp\/v2\/media\/2023"}],"wp:attachment":[{"href":"https:\/\/agora.xtec.cat\/insaferrer\/wp-json\/wp\/v2\/media?parent=2021"}],"wp:term":[{"taxonomy":"category","embeddable":true,"href":"https:\/\/agora.xtec.cat\/insaferrer\/wp-json\/wp\/v2\/categories?post=2021"},{"taxonomy":"post_tag","embeddable":true,"href":"https:\/\/agora.xtec.cat\/insaferrer\/wp-json\/wp\/v2\/tags?post=2021"}],"curies":[{"name":"wp","href":"https:\/\/api.w.org\/{rel}","templated":true}]}}