{"id":2015,"date":"2024-04-17T14:36:56","date_gmt":"2024-04-17T12:36:56","guid":{"rendered":"https:\/\/agora.xtec.cat\/insaferrer\/?p=2015"},"modified":"2024-04-17T14:47:28","modified_gmt":"2024-04-17T12:47:28","slug":"llistat-de-sollicituds-de-preinscripcio-al-centre-amb-la-puntuacio-provisional","status":"publish","type":"post","link":"https:\/\/agora.xtec.cat\/insaferrer\/general\/llistat-de-sollicituds-de-preinscripcio-al-centre-amb-la-puntuacio-provisional\/","title":{"rendered":"Llistat de sol\u00b7licituds de preinscripci\u00f3 al centre amb la puntuaci\u00f3 provisional"},"content":{"rendered":"<p>Publiquem el llistat de sol\u00b7licituds de preinscripci\u00f3 a l\u2019institut Angeleta Ferrer amb la puntuaci\u00f3 provisional.<\/p>\n<p><a href=\"https:\/\/agora.xtec.cat\/insaferrer\/wp-content\/uploads\/usu2510\/2024\/04\/Institut-Angeleta-Ferrer-BCN-\u2013-Barem-provisional-preinscripcio-curs-2024-25.pdf\">Institut Angeleta Ferrer BCN \u2013 Barem provisional preinscripci\u00f3 curs 2024-25<\/a><\/p>\n<p>Aquesta informaci\u00f3 tamb\u00e9 es pot consultar a les oficines municipals d\u2019escolaritzaci\u00f3 i en la web oficial del Departament:\u00a0<a href=\"https:\/\/preinscripcio.gencat.cat\/ca\/estudis\/infantil-3-6\/preinscriute\/seguiment-sollicitud\/llista-sollicituds-puntuacio\/index.html\" target=\"_blank\" rel=\"noopener\" data-saferedirecturl=\"https:\/\/www.google.com\/url?q=https:\/\/preinscripcio.gencat.cat\/ca\/estudis\/infantil-3-6\/preinscriute\/seguiment-sollicitud\/llista-sollicituds-puntuacio\/index.html&amp;source=gmail&amp;ust=1713442973158000&amp;usg=AOvVaw2iSoWm-344odfnwVqDrOwG\">Consulta la llista de sol\u00b7licituds amb la puntuaci\u00f3 provisional<\/a><\/p>\n<p>Per consultar la informaci\u00f3 necessites:<\/p>\n<ol>\n<li style=\"list-style-type: none;\">\n<ol>\n<li>El document identificador\u00a0<strong>(DNI, NIE, NIF o passaport) de la persona que fa el tr\u00e0mit<\/strong>\u00a0de preinscripci\u00f3.<\/li>\n<li>El codi\u00a0de la sol\u00b7licitud, amb les\u00a0xifres i lletres que identifiquen la sol\u00b7licitud de preinscripci\u00f3, un cop aquesta s\u2019ha tramitat, i que s\u2019especifica<strong>\u00a0en el resguard de la preinscripci\u00f3.<\/strong><\/li>\n<\/ol>\n<\/li>\n<\/ol>\n<p>Si no est\u00e0s d\u2019acord amb la puntuaci\u00f3 provisional, o detectes alguna errada o anomalia, pots presentar una reclamaci\u00f3. En la consulta individual trobar\u00e0s l\u2019enlla\u00e7 per presentar-la.<\/p>\n<h4><span style=\"color: #000000;\">Per\u00edode per presentar reclamacions: del 17 al 22\u00a0d\u2019abril de 2024<\/span><\/h4>\n","protected":false},"excerpt":{"rendered":"<p>Publiquem el llistat de sol\u00b7licituds de preinscripci\u00f3 a l\u2019institut Angeleta Ferrer amb la puntuaci\u00f3 provisional.<br \/>\n<a href=\"https:\/\/agora.xtec.cat\/insaferrer\/wp-content\/uploads\/usu2510\/2024\/04\/Institut-Angeleta-Ferrer-BCN-\u2013-Barem-provisional-preinscripcio-curs-2024-25.pdf\">Institut Angeleta Ferrer BCN \u2013 Barem provisional preinscripci\u00f3 curs 2024-25<\/a><br \/>\nAquesta informaci\u00f3 tamb\u00e9 es pot consultar a les oficines municipals d\u2019escolaritzaci\u00f3 i en la web oficial del Departament:\u00a0<a href=\"https:\/\/preinscripcio.gencat.cat\/ca\/estudis\/infantil-3-6\/preinscriute\/seguiment-sollicitud\/llista-sollicituds-puntuacio\/index.html\" target=\"_blank\" rel=\"noopener\"&hellip;  <a href=\"https:\/\/agora.xtec.cat\/insaferrer\/general\/llistat-de-sollicituds-de-preinscripcio-al-centre-amb-la-puntuacio-provisional\/\" title=\"Read Llistat de sol\u00b7licituds de preinscripci\u00f3 al centre amb la puntuaci\u00f3 provisional\">Llegeix m\u00e9s\u00bb<\/a><\/p>\n","protected":false},"author":1,"featured_media":2017,"comment_status":"closed","ping_status":"closed","sticky":false,"template":"","format":"standard","meta":{"_bbp_topic_count":0,"_bbp_reply_count":0,"_bbp_total_topic_count":0,"_bbp_total_reply_count":0,"_bbp_voice_count":0,"_bbp_anonymous_reply_count":0,"_bbp_topic_count_hidden":0,"_bbp_reply_count_hidden":0,"_bbp_forum_subforum_count":0,"footnotes":""},"categories":[1,29],"tags":[105],"class_list":["post-2015","post","type-post","status-publish","format-standard","has-post-thumbnail","hentry","category-general","category-portada","tag-preinscripcio"],"post_mailing_queue_ids":[],"_links":{"self":[{"href":"https:\/\/agora.xtec.cat\/insaferrer\/wp-json\/wp\/v2\/posts\/2015","targetHints":{"allow":["GET"]}}],"collection":[{"href":"https:\/\/agora.xtec.cat\/insaferrer\/wp-json\/wp\/v2\/posts"}],"about":[{"href":"https:\/\/agora.xtec.cat\/insaferrer\/wp-json\/wp\/v2\/types\/post"}],"author":[{"embeddable":true,"href":"https:\/\/agora.xtec.cat\/insaferrer\/wp-json\/wp\/v2\/users\/1"}],"replies":[{"embeddable":true,"href":"https:\/\/agora.xtec.cat\/insaferrer\/wp-json\/wp\/v2\/comments?post=2015"}],"version-history":[{"count":2,"href":"https:\/\/agora.xtec.cat\/insaferrer\/wp-json\/wp\/v2\/posts\/2015\/revisions"}],"predecessor-version":[{"id":2020,"href":"https:\/\/agora.xtec.cat\/insaferrer\/wp-json\/wp\/v2\/posts\/2015\/revisions\/2020"}],"wp:featuredmedia":[{"embeddable":true,"href":"https:\/\/agora.xtec.cat\/insaferrer\/wp-json\/wp\/v2\/media\/2017"}],"wp:attachment":[{"href":"https:\/\/agora.xtec.cat\/insaferrer\/wp-json\/wp\/v2\/media?parent=2015"}],"wp:term":[{"taxonomy":"category","embeddable":true,"href":"https:\/\/agora.xtec.cat\/insaferrer\/wp-json\/wp\/v2\/categories?post=2015"},{"taxonomy":"post_tag","embeddable":true,"href":"https:\/\/agora.xtec.cat\/insaferrer\/wp-json\/wp\/v2\/tags?post=2015"}],"curies":[{"name":"wp","href":"https:\/\/api.w.org\/{rel}","templated":true}]}}