{"id":1976,"date":"2024-03-27T16:27:20","date_gmt":"2024-03-27T15:27:20","guid":{"rendered":"https:\/\/agora.xtec.cat\/insaferrer\/?p=1976"},"modified":"2024-04-03T09:19:03","modified_gmt":"2024-04-03T07:19:03","slug":"steamconfbcn","status":"publish","type":"post","link":"https:\/\/agora.xtec.cat\/insaferrer\/general\/steamconfbcn\/","title":{"rendered":"Participaci\u00f3 activa en la 9a Confer\u00e8ncia Internacional d&#8217;Aprenentatge #STEAMConfBCN"},"content":{"rendered":"<p>Estem molt contents i honorats de poder participar activament en la propera <a href=\"https:\/\/www.steamconf.com\/\">STEAMConf Barcelona 2024<\/a>, la 9a Confer\u00e8ncia Internacional d&#8217;Aprenentatge que tindr\u00e0 lloc els dies 18, 19 i 20 d&#8217;abril a Barcelona. La <a href=\"https:\/\/www.steamconf.com\/info\/?UPF\">Universitat Pompeu Fabra<\/a>, la <a href=\"https:\/\/www.steamconf.com\/info\/?UPC\">Universitat Polit\u00e8cnica de Catalunya<\/a>, la <a href=\"https:\/\/www.steamconf.com\/info\/?ciencia_societat\">Fundaci\u00f3 Ci\u00e8ncia en Societat<\/a>, el <a href=\"https:\/\/www.steamconf.com\/info\/?BIST\">Barcelona Institute of Science and Technology<\/a>, juntament amb el <a href=\"https:\/\/agora.xtec.cat\/insaferrer\/programa-angeleta-ferrer\/\">Programa STEAM Angeleta Ferrer<\/a> organitzem un esdeveniment internacional sobre educaci\u00f3 STEAM.<\/p>\n<p>STEAMConf Barcelona 2024 insisteix de nou en <strong>l&#8217;aprenentatge basat en projectes i en l&#8217;aprenentatge profund que posa l&#8217;estudiant al centre<\/strong>. \u00c9s en aquest marc que la confer\u00e8ncia incorpora les sessions immersives, dirigides per estudiants, per tal d&#8217;escoltar les seves veus davant dels reptes i el relat de la seva experi\u00e8ncia en el proc\u00e9s d&#8217;aprenentatge. Els nostres estudiants de 3r d&#8217;ESO <strong>dirigiran un taller sobre l&#8217;aprenentatge basat en projectes que desenvolupen al centre<\/strong>.<\/p>\n<p>STEAMConf Barcelona 2024 vol intensificar la seva <strong>dimensi\u00f3 internacional<\/strong> convocant docents transformadors d&#8217;arreu del m\u00f3n i encoratjant la seva participaci\u00f3 en una experi\u00e8ncia col\u00b7lectiva: presentacions, tallers, sessions grupals, sessions performatives, di\u00e0legs, experi\u00e8ncies locals, nous col\u00b7legues, nous espais i noves iniciatives, amb un denominador com\u00fa: no voler deixar ning\u00fa passiu, inactiu o indiferent. <strong>Per aix\u00f2 rebrem visites al centre, en el preprograma de participants d&#8217;Espanya, Europa i Llatinoam\u00e8rica.<\/strong><\/p>\n<p>Els nostres docents tamb\u00e9 hi participaran, b\u00e9 com a assistents, b\u00e9 com a <em>peer locals<\/em> dels ponents internacionals com ara <a href=\"https:\/\/www.steamconf.com\/info\/?nuvia-crisol\">Nuvia Crisol Ruland<\/a>, de la High Tech High Graduate School of Education de San Diego, o <a href=\"https:\/\/www.steamconf.com\/info\/?rochell-guiterrez\">Rochelle Gutierrez<\/a>, professora de matem\u00e0tiques de la University of Illinois.<\/p>\n<p><a href=\"https:\/\/www.steamconf.com\/\"><img loading=\"lazy\" decoding=\"async\" class=\"aligncenter wp-image-1983 size-medium\" src=\"https:\/\/agora.xtec.cat\/insaferrer\/wp-content\/uploads\/usu2510\/2024\/03\/STEAM1-300x253.jpg\" alt=\"https:\/\/www.steamconf.com\/\" width=\"300\" height=\"253\" srcset=\"https:\/\/agora.xtec.cat\/insaferrer\/wp-content\/uploads\/usu2510\/2024\/03\/STEAM1-300x253.jpg 300w, https:\/\/agora.xtec.cat\/insaferrer\/wp-content\/uploads\/usu2510\/2024\/03\/STEAM1-768x647.jpg 768w, https:\/\/agora.xtec.cat\/insaferrer\/wp-content\/uploads\/usu2510\/2024\/03\/STEAM1.jpg 978w\" sizes=\"auto, (max-width: 300px) 100vw, 300px\" \/><\/a><\/p>\n<h3 style=\"text-align: center;\"><a href=\"https:\/\/www.steamconf.com\/\">https:\/\/www.steamconf.com\/<\/a><\/h3>\n<p>&nbsp;<\/p>\n","protected":false},"excerpt":{"rendered":"<p>Estem molt contents i honorats de poder participar activament en la propera <a href=\"https:\/\/www.steamconf.com\/\">STEAMConf Barcelona 2024<\/a>, la 9a Confer\u00e8ncia Internacional d&#8217;Aprenentatge que tindr\u00e0 lloc els dies 18, 19 i 20 d&#8217;abril a Barcelona. La <a href=\"https:\/\/www.steamconf.com\/info\/?UPF\">Universitat Pompeu Fabra<\/a>, la <a href=\"https:\/\/www.steamconf.com\/info\/?UPC\">Universitat Polit\u00e8cnica de Catalunya<\/a>, la&hellip;  <a href=\"https:\/\/agora.xtec.cat\/insaferrer\/general\/steamconfbcn\/\" title=\"Read Participaci\u00f3 activa en la 9a Confer\u00e8ncia Internacional d&#8217;Aprenentatge #STEAMConfBCN\">Llegeix m\u00e9s\u00bb<\/a><\/p>\n","protected":false},"author":1,"featured_media":1977,"comment_status":"closed","ping_status":"closed","sticky":false,"template":"","format":"standard","meta":{"_bbp_topic_count":0,"_bbp_reply_count":0,"_bbp_total_topic_count":0,"_bbp_total_reply_count":0,"_bbp_voice_count":0,"_bbp_anonymous_reply_count":0,"_bbp_topic_count_hidden":0,"_bbp_reply_count_hidden":0,"_bbp_forum_subforum_count":0,"footnotes":""},"categories":[149,124,154,3,1,29],"tags":[155],"class_list":["post-1976","post","type-post","status-publish","format-standard","has-post-thumbnail","hentry","category-abp","category-alumnat","category-cefore","category-eso","category-general","category-portada","tag-steamconfbcn"],"post_mailing_queue_ids":[],"_links":{"self":[{"href":"https:\/\/agora.xtec.cat\/insaferrer\/wp-json\/wp\/v2\/posts\/1976","targetHints":{"allow":["GET"]}}],"collection":[{"href":"https:\/\/agora.xtec.cat\/insaferrer\/wp-json\/wp\/v2\/posts"}],"about":[{"href":"https:\/\/agora.xtec.cat\/insaferrer\/wp-json\/wp\/v2\/types\/post"}],"author":[{"embeddable":true,"href":"https:\/\/agora.xtec.cat\/insaferrer\/wp-json\/wp\/v2\/users\/1"}],"replies":[{"embeddable":true,"href":"https:\/\/agora.xtec.cat\/insaferrer\/wp-json\/wp\/v2\/comments?post=1976"}],"version-history":[{"count":6,"href":"https:\/\/agora.xtec.cat\/insaferrer\/wp-json\/wp\/v2\/posts\/1976\/revisions"}],"predecessor-version":[{"id":2014,"href":"https:\/\/agora.xtec.cat\/insaferrer\/wp-json\/wp\/v2\/posts\/1976\/revisions\/2014"}],"wp:featuredmedia":[{"embeddable":true,"href":"https:\/\/agora.xtec.cat\/insaferrer\/wp-json\/wp\/v2\/media\/1977"}],"wp:attachment":[{"href":"https:\/\/agora.xtec.cat\/insaferrer\/wp-json\/wp\/v2\/media?parent=1976"}],"wp:term":[{"taxonomy":"category","embeddable":true,"href":"https:\/\/agora.xtec.cat\/insaferrer\/wp-json\/wp\/v2\/categories?post=1976"},{"taxonomy":"post_tag","embeddable":true,"href":"https:\/\/agora.xtec.cat\/insaferrer\/wp-json\/wp\/v2\/tags?post=1976"}],"curies":[{"name":"wp","href":"https:\/\/api.w.org\/{rel}","templated":true}]}}