{"id":1967,"date":"2024-03-05T13:20:17","date_gmt":"2024-03-05T12:20:17","guid":{"rendered":"https:\/\/agora.xtec.cat\/insaferrer\/?p=1967"},"modified":"2024-03-05T13:36:08","modified_gmt":"2024-03-05T12:36:08","slug":"preinscripcio-i-matricula-per-al-curs-24-25","status":"publish","type":"post","link":"https:\/\/agora.xtec.cat\/insaferrer\/general\/preinscripcio-i-matricula-per-al-curs-24-25\/","title":{"rendered":"Preinscripci\u00f3 i matr\u00edcula per al curs 24-25"},"content":{"rendered":"<p><img loading=\"lazy\" decoding=\"async\" class=\"size-full wp-image-1973\" src=\"https:\/\/agora.xtec.cat\/insaferrer\/wp-content\/uploads\/usu2510\/2024\/03\/bona.png\" alt=\"Proc\u00e9s de preinscripci\u00f3\" width=\"654\" height=\"458\" srcset=\"https:\/\/agora.xtec.cat\/insaferrer\/wp-content\/uploads\/usu2510\/2024\/03\/bona.png 654w, https:\/\/agora.xtec.cat\/insaferrer\/wp-content\/uploads\/usu2510\/2024\/03\/bona-300x210.png 300w\" sizes=\"auto, (max-width: 654px) 100vw, 654px\" \/><\/p>\n<p>La preinscripci\u00f3 dels alumnes als centres educatius d\u2019ESO t\u00e9 dates i caracter\u00edstiques pr\u00f2pies <a href=\"https:\/\/preinscripcio.gencat.cat\/ca\/estudis\/eso\/inici\/index.html\">que pots trobar en aquest enlla\u00e7<\/a>. Si vols estar al cas de les diferents dates clau i dels terminis, has de tenir en compte que el proc\u00e9s de preinscripci\u00f3 escolar s&#8217;inicia el <strong>8 de mar\u00e7 i acaba amb la formalitzaci\u00f3 de la matr\u00edcula, a mitjans de juny.<\/strong><br \/>\nDurant tot aquest temps, hi ha dates i terminis associats a actuacions clau que has de tenir presents, ja que determinen l&#8217;assignaci\u00f3 final de places als centres educatius.<\/p>\n<h4>Publicaci\u00f3 de l\u2019oferta inicial<\/h4>\n<p>L\u2019oferta inicial no \u00e9s definitiva i pot patir canvis en l\u2019oferta final en el nombre de grups, en la reserva de places NEE o en la capacitat dels grups. En tot cas, aquests canvis seran derivats de la demanda, de les necessitats d\u2019escolaritzaci\u00f3 o de l\u2019evoluci\u00f3 de la matr\u00edcula continuada durant el curs actual.<\/p>\n<p>Les places de reserva NEE tipus B romandran durant tot el proc\u00e9s i no podran ser ocupades per l\u2019alumnat ordinari fins al 2 de setembre, dos dies h\u00e0bils abans de la finalitzaci\u00f3 de la llista d\u2019espera. Les places de reserva NEE tipus A s\u2019alliberen el dia anterior a la publicaci\u00f3 de la llista d\u2019admesos, quan ja s\u2019han at\u00e8s totes les sol\u00b7licituds que afecten aquests alumnes presentades durant el proc\u00e9s de preinscripci\u00f3 i podran ser ocupades, si \u00e9s procedent, per la resta d\u2019alumnes de la preinscripci\u00f3.<\/p>\n<h4>Oferta inicial<\/h4>\n<p>Publicaci\u00f3 de l&#8217;oferta inicial de places Institut Angeleta Ferrer<\/p>\n<p style=\"text-align: center;\"><strong><a href=\"https:\/\/agora.xtec.cat\/insaferrer\/wp-content\/uploads\/usu2510\/2024\/03\/20240305-Institut-Angeleta-Ferrer-Oferta-inicial-de-places.pdf\">20240305 Institut Angeleta Ferrer Oferta inicial de places<\/a><\/strong><\/p>\n<h4>Normativa de refer\u00e8ncia<\/h4>\n<p>\u2022 <a href=\"https:\/\/dogc.gencat.cat\/ca\/document-del-dogc\/?documentId=893678\">DECRET 11\/2021, de 16 de febrer<\/a>, de la programaci\u00f3 de l&#8217;oferta educativa i del procediment d&#8217;admissi\u00f3 en els centres Servei d&#8217;Educaci\u00f3 de Catalunya (art. 25 a 28).<br \/>\n\u2022 <a href=\"https:\/\/dogc.gencat.cat\/ca\/document-del-dogc\/?documentId=979404\">RESOLUCI\u00d3 EDU\/465\/2024<\/a>, de 22 de febrer, de preinscripci\u00f3 i matr\u00edcula (article 2).<\/p>\n","protected":false},"excerpt":{"rendered":"<p>La preinscripci\u00f3 dels alumnes als centres educatius d\u2019ESO t\u00e9 dates i caracter\u00edstiques pr\u00f2pies <a href=\"https:\/\/preinscripcio.gencat.cat\/ca\/estudis\/eso\/inici\/index.html\">que pots trobar en aquest enlla\u00e7<\/a>. Si vols estar al cas de les diferents dates clau i dels terminis, has de tenir en compte que el proc\u00e9s de preinscripci\u00f3 escolar s&#8217;inicia&hellip;  <a href=\"https:\/\/agora.xtec.cat\/insaferrer\/general\/preinscripcio-i-matricula-per-al-curs-24-25\/\" title=\"Read Preinscripci\u00f3 i matr\u00edcula per al curs 24-25\">Llegeix m\u00e9s\u00bb<\/a><\/p>\n","protected":false},"author":1,"featured_media":1973,"comment_status":"closed","ping_status":"closed","sticky":false,"template":"","format":"standard","meta":{"_bbp_topic_count":0,"_bbp_reply_count":0,"_bbp_total_topic_count":0,"_bbp_total_reply_count":0,"_bbp_voice_count":0,"_bbp_anonymous_reply_count":0,"_bbp_topic_count_hidden":0,"_bbp_reply_count_hidden":0,"_bbp_forum_subforum_count":0,"footnotes":""},"categories":[124,3,1,29],"tags":[105],"class_list":["post-1967","post","type-post","status-publish","format-standard","has-post-thumbnail","hentry","category-alumnat","category-eso","category-general","category-portada","tag-preinscripcio"],"post_mailing_queue_ids":[],"_links":{"self":[{"href":"https:\/\/agora.xtec.cat\/insaferrer\/wp-json\/wp\/v2\/posts\/1967","targetHints":{"allow":["GET"]}}],"collection":[{"href":"https:\/\/agora.xtec.cat\/insaferrer\/wp-json\/wp\/v2\/posts"}],"about":[{"href":"https:\/\/agora.xtec.cat\/insaferrer\/wp-json\/wp\/v2\/types\/post"}],"author":[{"embeddable":true,"href":"https:\/\/agora.xtec.cat\/insaferrer\/wp-json\/wp\/v2\/users\/1"}],"replies":[{"embeddable":true,"href":"https:\/\/agora.xtec.cat\/insaferrer\/wp-json\/wp\/v2\/comments?post=1967"}],"version-history":[{"count":5,"href":"https:\/\/agora.xtec.cat\/insaferrer\/wp-json\/wp\/v2\/posts\/1967\/revisions"}],"predecessor-version":[{"id":1975,"href":"https:\/\/agora.xtec.cat\/insaferrer\/wp-json\/wp\/v2\/posts\/1967\/revisions\/1975"}],"wp:featuredmedia":[{"embeddable":true,"href":"https:\/\/agora.xtec.cat\/insaferrer\/wp-json\/wp\/v2\/media\/1973"}],"wp:attachment":[{"href":"https:\/\/agora.xtec.cat\/insaferrer\/wp-json\/wp\/v2\/media?parent=1967"}],"wp:term":[{"taxonomy":"category","embeddable":true,"href":"https:\/\/agora.xtec.cat\/insaferrer\/wp-json\/wp\/v2\/categories?post=1967"},{"taxonomy":"post_tag","embeddable":true,"href":"https:\/\/agora.xtec.cat\/insaferrer\/wp-json\/wp\/v2\/tags?post=1967"}],"curies":[{"name":"wp","href":"https:\/\/api.w.org\/{rel}","templated":true}]}}