{"id":1780,"date":"2023-11-22T15:58:32","date_gmt":"2023-11-22T14:58:32","guid":{"rendered":"https:\/\/agora.xtec.cat\/insaferrer\/?p=1780"},"modified":"2023-11-22T15:58:59","modified_gmt":"2023-11-22T14:58:59","slug":"ja-formem-part-descolessostenibles","status":"publish","type":"post","link":"https:\/\/agora.xtec.cat\/insaferrer\/general\/ja-formem-part-descolessostenibles\/","title":{"rendered":"Ja formem part d\u2019Escoles+Sostenibles"},"content":{"rendered":"<p><span style=\"font-weight: 400;\">El passat\u00a0 17 de novembre va tenir lloc al Sal\u00f3 de Cent de l\u2019Ajuntament de Barcelona l\u2019acte d\u2019Obertura del curs del <\/span><a href=\"http:\/\/lameva.barcelona.cat\/barcelonasostenible\/ca\/escoles-sostenibles\"><span style=\"font-weight: 400;\">programa Escoles+Sostenibles<\/span><\/a><span style=\"font-weight: 400;\">, que ha donat la benvinguda als 14 centres, que com el nostre, inicien el seu cam\u00ed vers la sostenibilitat i tamb\u00e9 reconeix l\u2019esfor\u00e7 i el treball fet als 35 centres que comencen o renoven un projecte triennal. L\u2019acte el va presidir la regidora de Salut, Persones amb Discapacitat i Estrat\u00e8gia contra la Soledat, Marta Villanueva i va estar condu\u00eft per una mestra de cerim\u00f2nies que ens va fer fer molt d\u2019exercici. Tamb\u00e9 fou animat per persones volunt\u00e0ries que generaven energia pedalant i, a l\u2019acabament per androides molt divertits. Podeu veure un tast d&#8217;aquests moments en aquest <a href=\"https:\/\/youtu.be\/i7w1WOKliaA\">v\u00eddeo<\/a> de l&#8217;Ajuntament.<\/span><\/p>\n<p><span style=\"font-weight: 400;\">En Maksym, l\u2019Unai, la Lila i la Candela de 2n d\u2019ESO i en Joan de 3r d\u2019ESO, ens van representar parlant sobre el nostre institut i comentant la nostra motivaci\u00f3 per entrar en aquest programa, les nostres propostes i el que estem fent ara per tal de poder-les dur a terme. Tamb\u00e9 van signar el document de comprom\u00eds per la sostenibilitat de l\u2019institut Angeleta Ferrer que fou lliurat durant l\u2019acte als representants de l\u2019Ajuntament de Barcelona. Com a s\u00edmbol de la nostra adhesi\u00f3 al programa E+S, se\u2019ns va fer el lliurament d\u2019un diploma i d\u2019una petita olivera que podeu veure al vest\u00edbul de l\u2019institut.\u00a0\u00a0<\/span><\/p>\n<p><span style=\"font-weight: 400;\">Enguany un dels eixos tem\u00e0tics de la xarxa \u00e9s la sequera i l\u2019estalvi d\u2019aigua i tamb\u00e9 ho \u00e9s la descarbonitzaci\u00f3 com a eina per reduir els gasos amb efecte d\u2019hivernacle. Durant l\u2019acte vam poder sentir algunes idees per poder contribuir a millorar aquestes problem\u00e0tiques: esperem poder-les posar en marxa ben aviat.\u00a0<\/span><\/p>\n<p><span style=\"font-weight: 400;\">Si ens hi voleu ajudar, feu-nos-ho saber per poder posar en marxa el m\u00e9s aviat possible la Comissi\u00f3 de Sostenibilitat. <\/span><b>Comptem amb vosaltres per fer del nostre un institut m\u00e9s sostenible!\u00a0<\/b><\/p>\n<p>&nbsp;<\/p>\n<p><span style=\"font-weight: 400;\"><a href=\"https:\/\/agora.xtec.cat\/insaferrer\/wp-content\/uploads\/usu2510\/2023\/11\/escoles-sostenibles-6-scaled.jpg\"><img loading=\"lazy\" decoding=\"async\" class=\"alignnone wp-image-1781\" src=\"https:\/\/agora.xtec.cat\/insaferrer\/wp-content\/uploads\/usu2510\/2023\/11\/escoles-sostenibles-6-1024x768.jpg\" alt=\"\" width=\"320\" height=\"240\" srcset=\"https:\/\/agora.xtec.cat\/insaferrer\/wp-content\/uploads\/usu2510\/2023\/11\/escoles-sostenibles-6-1024x768.jpg 1024w, https:\/\/agora.xtec.cat\/insaferrer\/wp-content\/uploads\/usu2510\/2023\/11\/escoles-sostenibles-6-300x225.jpg 300w, https:\/\/agora.xtec.cat\/insaferrer\/wp-content\/uploads\/usu2510\/2023\/11\/escoles-sostenibles-6-768x576.jpg 768w, https:\/\/agora.xtec.cat\/insaferrer\/wp-content\/uploads\/usu2510\/2023\/11\/escoles-sostenibles-6-1536x1152.jpg 1536w, https:\/\/agora.xtec.cat\/insaferrer\/wp-content\/uploads\/usu2510\/2023\/11\/escoles-sostenibles-6-2048x1536.jpg 2048w, https:\/\/agora.xtec.cat\/insaferrer\/wp-content\/uploads\/usu2510\/2023\/11\/escoles-sostenibles-6-200x150.jpg 200w\" sizes=\"auto, (max-width: 320px) 100vw, 320px\" \/><\/a> <a href=\"https:\/\/agora.xtec.cat\/insaferrer\/wp-content\/uploads\/usu2510\/2023\/11\/escoles-sostenibles-5-scaled.jpg\"><img loading=\"lazy\" decoding=\"async\" class=\"alignnone wp-image-1782\" src=\"https:\/\/agora.xtec.cat\/insaferrer\/wp-content\/uploads\/usu2510\/2023\/11\/escoles-sostenibles-5-1024x768.jpg\" alt=\"\" width=\"320\" height=\"240\" srcset=\"https:\/\/agora.xtec.cat\/insaferrer\/wp-content\/uploads\/usu2510\/2023\/11\/escoles-sostenibles-5-1024x768.jpg 1024w, https:\/\/agora.xtec.cat\/insaferrer\/wp-content\/uploads\/usu2510\/2023\/11\/escoles-sostenibles-5-300x225.jpg 300w, https:\/\/agora.xtec.cat\/insaferrer\/wp-content\/uploads\/usu2510\/2023\/11\/escoles-sostenibles-5-768x576.jpg 768w, https:\/\/agora.xtec.cat\/insaferrer\/wp-content\/uploads\/usu2510\/2023\/11\/escoles-sostenibles-5-1536x1152.jpg 1536w, https:\/\/agora.xtec.cat\/insaferrer\/wp-content\/uploads\/usu2510\/2023\/11\/escoles-sostenibles-5-2048x1536.jpg 2048w, https:\/\/agora.xtec.cat\/insaferrer\/wp-content\/uploads\/usu2510\/2023\/11\/escoles-sostenibles-5-200x150.jpg 200w\" sizes=\"auto, (max-width: 320px) 100vw, 320px\" \/><\/a><\/span><\/p>\n<p><span style=\"font-weight: 400;\"> <a href=\"https:\/\/agora.xtec.cat\/insaferrer\/wp-content\/uploads\/usu2510\/2023\/11\/escoles-sostenibles-4-scaled.jpg\"><img loading=\"lazy\" decoding=\"async\" class=\"alignnone wp-image-1783\" src=\"https:\/\/agora.xtec.cat\/insaferrer\/wp-content\/uploads\/usu2510\/2023\/11\/escoles-sostenibles-4-1024x768.jpg\" alt=\"\" width=\"341\" height=\"256\" srcset=\"https:\/\/agora.xtec.cat\/insaferrer\/wp-content\/uploads\/usu2510\/2023\/11\/escoles-sostenibles-4-1024x768.jpg 1024w, https:\/\/agora.xtec.cat\/insaferrer\/wp-content\/uploads\/usu2510\/2023\/11\/escoles-sostenibles-4-300x225.jpg 300w, https:\/\/agora.xtec.cat\/insaferrer\/wp-content\/uploads\/usu2510\/2023\/11\/escoles-sostenibles-4-768x576.jpg 768w, https:\/\/agora.xtec.cat\/insaferrer\/wp-content\/uploads\/usu2510\/2023\/11\/escoles-sostenibles-4-1536x1152.jpg 1536w, https:\/\/agora.xtec.cat\/insaferrer\/wp-content\/uploads\/usu2510\/2023\/11\/escoles-sostenibles-4-2048x1536.jpg 2048w, https:\/\/agora.xtec.cat\/insaferrer\/wp-content\/uploads\/usu2510\/2023\/11\/escoles-sostenibles-4-200x150.jpg 200w\" sizes=\"auto, (max-width: 341px) 100vw, 341px\" \/><\/a> <a href=\"https:\/\/agora.xtec.cat\/insaferrer\/wp-content\/uploads\/usu2510\/2023\/11\/escoles-sostenibles-3-scaled.jpg\"><img loading=\"lazy\" decoding=\"async\" class=\"alignnone wp-image-1784\" src=\"https:\/\/agora.xtec.cat\/insaferrer\/wp-content\/uploads\/usu2510\/2023\/11\/escoles-sostenibles-3-1024x768.jpg\" alt=\"\" width=\"344\" height=\"258\" srcset=\"https:\/\/agora.xtec.cat\/insaferrer\/wp-content\/uploads\/usu2510\/2023\/11\/escoles-sostenibles-3-1024x768.jpg 1024w, https:\/\/agora.xtec.cat\/insaferrer\/wp-content\/uploads\/usu2510\/2023\/11\/escoles-sostenibles-3-300x225.jpg 300w, https:\/\/agora.xtec.cat\/insaferrer\/wp-content\/uploads\/usu2510\/2023\/11\/escoles-sostenibles-3-768x576.jpg 768w, https:\/\/agora.xtec.cat\/insaferrer\/wp-content\/uploads\/usu2510\/2023\/11\/escoles-sostenibles-3-1536x1152.jpg 1536w, https:\/\/agora.xtec.cat\/insaferrer\/wp-content\/uploads\/usu2510\/2023\/11\/escoles-sostenibles-3-2048x1536.jpg 2048w, https:\/\/agora.xtec.cat\/insaferrer\/wp-content\/uploads\/usu2510\/2023\/11\/escoles-sostenibles-3-200x150.jpg 200w\" sizes=\"auto, (max-width: 344px) 100vw, 344px\" \/><\/a><\/span><\/p>\n<p><span style=\"font-weight: 400;\"> <a href=\"https:\/\/agora.xtec.cat\/insaferrer\/wp-content\/uploads\/usu2510\/2023\/11\/escoles-sostenibles-1-scaled.jpg\"><img loading=\"lazy\" decoding=\"async\" class=\"alignnone wp-image-1785\" src=\"https:\/\/agora.xtec.cat\/insaferrer\/wp-content\/uploads\/usu2510\/2023\/11\/escoles-sostenibles-1-1024x768.jpg\" alt=\"\" width=\"337\" height=\"253\" srcset=\"https:\/\/agora.xtec.cat\/insaferrer\/wp-content\/uploads\/usu2510\/2023\/11\/escoles-sostenibles-1-1024x768.jpg 1024w, https:\/\/agora.xtec.cat\/insaferrer\/wp-content\/uploads\/usu2510\/2023\/11\/escoles-sostenibles-1-300x225.jpg 300w, https:\/\/agora.xtec.cat\/insaferrer\/wp-content\/uploads\/usu2510\/2023\/11\/escoles-sostenibles-1-768x576.jpg 768w, https:\/\/agora.xtec.cat\/insaferrer\/wp-content\/uploads\/usu2510\/2023\/11\/escoles-sostenibles-1-1536x1152.jpg 1536w, https:\/\/agora.xtec.cat\/insaferrer\/wp-content\/uploads\/usu2510\/2023\/11\/escoles-sostenibles-1-2048x1536.jpg 2048w, https:\/\/agora.xtec.cat\/insaferrer\/wp-content\/uploads\/usu2510\/2023\/11\/escoles-sostenibles-1-200x150.jpg 200w\" sizes=\"auto, (max-width: 337px) 100vw, 337px\" \/><\/a> <a href=\"https:\/\/agora.xtec.cat\/insaferrer\/wp-content\/uploads\/usu2510\/2023\/11\/escoles-sostenibles-2-scaled.jpg\"><img loading=\"lazy\" decoding=\"async\" class=\"alignnone wp-image-1786\" src=\"https:\/\/agora.xtec.cat\/insaferrer\/wp-content\/uploads\/usu2510\/2023\/11\/escoles-sostenibles-2-1024x768.jpg\" alt=\"\" width=\"340\" height=\"255\" srcset=\"https:\/\/agora.xtec.cat\/insaferrer\/wp-content\/uploads\/usu2510\/2023\/11\/escoles-sostenibles-2-1024x768.jpg 1024w, https:\/\/agora.xtec.cat\/insaferrer\/wp-content\/uploads\/usu2510\/2023\/11\/escoles-sostenibles-2-300x225.jpg 300w, https:\/\/agora.xtec.cat\/insaferrer\/wp-content\/uploads\/usu2510\/2023\/11\/escoles-sostenibles-2-768x576.jpg 768w, https:\/\/agora.xtec.cat\/insaferrer\/wp-content\/uploads\/usu2510\/2023\/11\/escoles-sostenibles-2-1536x1152.jpg 1536w, https:\/\/agora.xtec.cat\/insaferrer\/wp-content\/uploads\/usu2510\/2023\/11\/escoles-sostenibles-2-2048x1536.jpg 2048w, https:\/\/agora.xtec.cat\/insaferrer\/wp-content\/uploads\/usu2510\/2023\/11\/escoles-sostenibles-2-200x150.jpg 200w\" sizes=\"auto, (max-width: 340px) 100vw, 340px\" \/><\/a><\/span><\/p>\n<p>&nbsp;<\/p>\n","protected":false},"excerpt":{"rendered":"<p>El passat\u00a0 17 de novembre va tenir lloc al Sal\u00f3 de Cent de l\u2019Ajuntament de Barcelona l\u2019acte d\u2019Obertura del curs del <a href=\"http:\/\/lameva.barcelona.cat\/barcelonasostenible\/ca\/escoles-sostenibles\">programa Escoles+Sostenibles<\/a>, que ha donat la benvinguda als 14 centres, que com el nostre, inicien el seu cam\u00ed vers la sostenibilitat i tamb\u00e9&hellip;  <a href=\"https:\/\/agora.xtec.cat\/insaferrer\/general\/ja-formem-part-descolessostenibles\/\" title=\"Read Ja formem part d\u2019Escoles+Sostenibles\">Llegeix m\u00e9s\u00bb<\/a><\/p>\n","protected":false},"author":1,"featured_media":1784,"comment_status":"closed","ping_status":"closed","sticky":false,"template":"","format":"standard","meta":{"_bbp_topic_count":0,"_bbp_reply_count":0,"_bbp_total_topic_count":0,"_bbp_total_reply_count":0,"_bbp_voice_count":0,"_bbp_anonymous_reply_count":0,"_bbp_topic_count_hidden":0,"_bbp_reply_count_hidden":0,"_bbp_forum_subforum_count":0,"footnotes":""},"categories":[124,5,1,29],"tags":[],"class_list":["post-1780","post","type-post","status-publish","format-standard","has-post-thumbnail","hentry","category-alumnat","category-eso-2","category-general","category-portada"],"post_mailing_queue_ids":[],"_links":{"self":[{"href":"https:\/\/agora.xtec.cat\/insaferrer\/wp-json\/wp\/v2\/posts\/1780","targetHints":{"allow":["GET"]}}],"collection":[{"href":"https:\/\/agora.xtec.cat\/insaferrer\/wp-json\/wp\/v2\/posts"}],"about":[{"href":"https:\/\/agora.xtec.cat\/insaferrer\/wp-json\/wp\/v2\/types\/post"}],"author":[{"embeddable":true,"href":"https:\/\/agora.xtec.cat\/insaferrer\/wp-json\/wp\/v2\/users\/1"}],"replies":[{"embeddable":true,"href":"https:\/\/agora.xtec.cat\/insaferrer\/wp-json\/wp\/v2\/comments?post=1780"}],"version-history":[{"count":4,"href":"https:\/\/agora.xtec.cat\/insaferrer\/wp-json\/wp\/v2\/posts\/1780\/revisions"}],"predecessor-version":[{"id":1790,"href":"https:\/\/agora.xtec.cat\/insaferrer\/wp-json\/wp\/v2\/posts\/1780\/revisions\/1790"}],"wp:featuredmedia":[{"embeddable":true,"href":"https:\/\/agora.xtec.cat\/insaferrer\/wp-json\/wp\/v2\/media\/1784"}],"wp:attachment":[{"href":"https:\/\/agora.xtec.cat\/insaferrer\/wp-json\/wp\/v2\/media?parent=1780"}],"wp:term":[{"taxonomy":"category","embeddable":true,"href":"https:\/\/agora.xtec.cat\/insaferrer\/wp-json\/wp\/v2\/categories?post=1780"},{"taxonomy":"post_tag","embeddable":true,"href":"https:\/\/agora.xtec.cat\/insaferrer\/wp-json\/wp\/v2\/tags?post=1780"}],"curies":[{"name":"wp","href":"https:\/\/api.w.org\/{rel}","templated":true}]}}