{"id":1773,"date":"2023-10-30T08:00:17","date_gmt":"2023-10-30T07:00:17","guid":{"rendered":"https:\/\/agora.xtec.cat\/insaferrer\/?p=1773"},"modified":"2023-12-28T19:17:07","modified_gmt":"2023-12-28T18:17:07","slug":"jornada-sobre-un-nou-batxillerat","status":"publish","type":"post","link":"https:\/\/agora.xtec.cat\/insaferrer\/general\/jornada-sobre-un-nou-batxillerat\/","title":{"rendered":"Jornada sobre un nou batxillerat"},"content":{"rendered":"<h3 class=\"wp-block-heading\"><strong>Presentaci\u00f3<\/strong><\/h3>\n<p>Repensar el batxillerat \u00e9s urgent i necessari. M\u00e9s enll\u00e0 dels temes curriculars, organitzatius, d\u2019inversi\u00f3\u2026 quin hauria de ser el prop\u00f2sit del nou Batxillerat? Podem repensar el batxillerat en clau d\u2019aprenentatge, ciutadania, equitat i inclusi\u00f3?<strong> Una jornada per a professionals de l\u2019educaci\u00f3, estudiants de batxillerat i de l\u2019ESO que volen ampliar la seva mirada sobre les finalitats d\u2019aquesta etapa educativa i reflexionar serenament sobre un nou batxillerat.<\/strong><\/p>\n<h3 class=\"wp-block-heading\"><strong>Programa<\/strong><\/h3>\n<p><strong>9:00 h Arribada i acreditaci\u00f3.<\/strong><\/p>\n<p><strong>9:15 h a 10:30 h Visionat del documental RISE, Voice of a new generation<\/strong><\/p>\n<p>El centre\u00a0<a href=\"https:\/\/onestone.org\/about\"><em>One Stone<\/em><\/a>\u00a0vol donar poder i veu als joves per crear una cultura equitativa, inclusiva i impulsada pels estudiants.\u00a0<em>One Stone<\/em>\u00a0\u00e9s una organitzaci\u00f3 sense \u00e0nim de lucre dirigida per estudiants que procura que els joves siguin millors l\u00edders i el m\u00f3n sigui un lloc millor per a tothom. El documental presenta el centre i els seus plantejaments<\/p>\n<p><strong>10:30 h a 11:15 h Esmorzar i Cinef\u00f2rum informal<\/strong><\/p>\n<p><strong>11:15 h a 12:00 h Testimonis i reflexions d\u2019un viatge de formaci\u00f3<\/strong><\/p>\n<p>Fanny Figueras, Coordinadora Pedag\u00f2gica i Abraham de la Fuente, Director adjunt de recerca educativa del Programa Angeleta Ferrer han fet un viatge de formaci\u00f3 a l\u2019escola\u00a0<em>One Stone<\/em>. Compartiran de primera m\u00e0 imatges, reflexions i aprenentatges de la seva estada de formaci\u00f3 intensiva.<\/p>\n<p><strong>12:00 h a 13:00 h Converses reflexives entre els participants<\/strong><\/p>\n<p>Grups de treball i reflexi\u00f3 entre els participants de la Jornada a partir del documental, l\u2019experi\u00e8ncia compartida i els coneixements i aportacions de les persones interessades en un nou batxillerat.<\/p>\n<p><strong>13:00 h a 13:30 h Posada en com\u00fa<\/strong><\/p>\n<p>Posada en com\u00fa de reflexions i idees per al nou batxillerat per part de tots els participants. El professorat de l\u2019Angeleta Ferrer conduir\u00e0 una din\u00e0mica per a tancar la sessi\u00f3.<\/p>\n<figure class=\"wp-block-embed is-type-video is-provider-youtube wp-block-embed-youtube wp-embed-aspect-16-9 wp-has-aspect-ratio\">\n<div class=\"wp-block-embed__wrapper\"><iframe loading=\"lazy\" title=\"rise trailer 1080p\" src=\"https:\/\/www.youtube.com\/embed\/MK1v4WNfXuE?feature=oembed\" width=\"660\" height=\"371\" frameborder=\"0\" allowfullscreen=\"allowfullscreen\" data-mce-fragment=\"1\"><\/iframe><\/div>\n<\/figure>\n<h2 class=\"wp-block-heading\"><strong>Costos i inscripci\u00f3<\/strong><\/h2>\n<p>La jornada no t\u00e9 cap import per als participants llevat del cost de l\u2019esmorzar col\u00b7lectiu (5 euros) que es desenvolupar\u00e0 a les mateixes instal\u00b7lacions del centre.<\/p>\n<p><a href=\"https:\/\/www.eventbrite.es\/e\/entradas-jornada-sobre-un-nou-batxillerat-746084216977\" data-type=\"link\" data-id=\"https:\/\/www.eventbrite.es\/e\/entradas-jornada-sobre-un-nou-batxillerat-746084216977\">La inscripci\u00f3 i el pagament d\u2019aquesta despesa s\u2019efectuar\u00e0 a trav\u00e9s de la plataforma Eventbrite.<\/a><\/p>\n<p>Els\u00a0<strong>estudiants<\/strong>\u00a0que n\u2019acreditin la seva condici\u00f3,\u00a0<strong>no<\/strong>\u00a0han d\u2019abonar cap quantitat i han de fer la inscripci\u00f3 amb el codi ESTUDIANT en el moment de fer la inscripci\u00f3.<\/p>\n<h2 class=\"wp-block-heading\"><strong>Organitzaci\u00f3<\/strong><\/h2>\n<p><strong>La jornada sobre un nou batxillerat est\u00e0 coorganitzada per l\u2019Associaci\u00f3 Educativa La Verema i el Programa Angeleta Ferrer d\u2019innovaci\u00f3, recerca educativa i formaci\u00f3 docent.<\/strong><\/p>\n<table style=\"border-collapse: collapse; width: 100%;\">\n<tbody>\n<tr>\n<td style=\"width: 50%;\"><img loading=\"lazy\" decoding=\"async\" class=\"aligncenter size-full wp-image-1776\" src=\"https:\/\/agora.xtec.cat\/insaferrer\/wp-content\/uploads\/usu2510\/2023\/10\/logo123-1.png\" alt=\"\" width=\"542\" height=\"178\" srcset=\"https:\/\/agora.xtec.cat\/insaferrer\/wp-content\/uploads\/usu2510\/2023\/10\/logo123-1.png 542w, https:\/\/agora.xtec.cat\/insaferrer\/wp-content\/uploads\/usu2510\/2023\/10\/logo123-1-300x99.png 300w\" sizes=\"auto, (max-width: 542px) 100vw, 542px\" \/><\/td>\n<td style=\"width: 50%;\"><img loading=\"lazy\" decoding=\"async\" class=\"aligncenter wp-image-1775\" src=\"https:\/\/agora.xtec.cat\/insaferrer\/wp-content\/uploads\/usu2510\/2023\/10\/verema.png\" alt=\"\" width=\"177\" height=\"177\" srcset=\"https:\/\/agora.xtec.cat\/insaferrer\/wp-content\/uploads\/usu2510\/2023\/10\/verema.png 248w, https:\/\/agora.xtec.cat\/insaferrer\/wp-content\/uploads\/usu2510\/2023\/10\/verema-150x150.png 150w\" sizes=\"auto, (max-width: 177px) 100vw, 177px\" \/><\/td>\n<\/tr>\n<\/tbody>\n<\/table>\n<p>Es desenvolupar\u00e0 el<strong>\u00a0dissabte 11 de novembre<\/strong> en les instal\u00b7lacions del centre.<\/p>\n<div class=\"wp-block-buttons is-layout-flex wp-block-buttons-is-layout-flex\">\n<div class=\"wp-block-button\" style=\"text-align: center;\"><strong><a class=\"wp-block-button__link has-medium-pink-background-color has-background has-text-align-center wp-element-button\" href=\"https:\/\/www.eventbrite.es\/e\/entradas-jornada-sobre-un-nou-batxillerat-746084216977\">INSCRIPCI\u00d3 A LA JORNADA<\/a><\/strong><\/div>\n<\/div>\n<div><\/div>\n<div><\/div>\n","protected":false},"excerpt":{"rendered":"<p>Presentaci\u00f3<br \/>\nRepensar el batxillerat \u00e9s urgent i necessari. M\u00e9s enll\u00e0 dels temes curriculars, organitzatius, d\u2019inversi\u00f3\u2026 quin hauria de ser el prop\u00f2sit del nou Batxillerat? Podem repensar el batxillerat en clau d\u2019aprenentatge, ciutadania, equitat i inclusi\u00f3? Una jornada per a professionals de l\u2019educaci\u00f3, estudiants de batxillerat i&hellip;  <a href=\"https:\/\/agora.xtec.cat\/insaferrer\/general\/jornada-sobre-un-nou-batxillerat\/\" title=\"Read Jornada sobre un nou batxillerat\">Llegeix m\u00e9s\u00bb<\/a><\/p>\n","protected":false},"author":1,"featured_media":1778,"comment_status":"closed","ping_status":"closed","sticky":false,"template":"","format":"standard","meta":{"_bbp_topic_count":0,"_bbp_reply_count":0,"_bbp_total_topic_count":0,"_bbp_total_reply_count":0,"_bbp_voice_count":0,"_bbp_anonymous_reply_count":0,"_bbp_topic_count_hidden":0,"_bbp_reply_count_hidden":0,"_bbp_forum_subforum_count":0,"footnotes":""},"categories":[149,8,154,1,29],"tags":[108,153,139,152],"class_list":["post-1773","post","type-post","status-publish","format-standard","has-post-thumbnail","hentry","category-abp","category-batxillerat","category-cefore","category-general","category-portada","tag-angeleta-ferrer","tag-cefore","tag-formacio","tag-jornada"],"post_mailing_queue_ids":[],"_links":{"self":[{"href":"https:\/\/agora.xtec.cat\/insaferrer\/wp-json\/wp\/v2\/posts\/1773","targetHints":{"allow":["GET"]}}],"collection":[{"href":"https:\/\/agora.xtec.cat\/insaferrer\/wp-json\/wp\/v2\/posts"}],"about":[{"href":"https:\/\/agora.xtec.cat\/insaferrer\/wp-json\/wp\/v2\/types\/post"}],"author":[{"embeddable":true,"href":"https:\/\/agora.xtec.cat\/insaferrer\/wp-json\/wp\/v2\/users\/1"}],"replies":[{"embeddable":true,"href":"https:\/\/agora.xtec.cat\/insaferrer\/wp-json\/wp\/v2\/comments?post=1773"}],"version-history":[{"count":2,"href":"https:\/\/agora.xtec.cat\/insaferrer\/wp-json\/wp\/v2\/posts\/1773\/revisions"}],"predecessor-version":[{"id":1779,"href":"https:\/\/agora.xtec.cat\/insaferrer\/wp-json\/wp\/v2\/posts\/1773\/revisions\/1779"}],"wp:featuredmedia":[{"embeddable":true,"href":"https:\/\/agora.xtec.cat\/insaferrer\/wp-json\/wp\/v2\/media\/1778"}],"wp:attachment":[{"href":"https:\/\/agora.xtec.cat\/insaferrer\/wp-json\/wp\/v2\/media?parent=1773"}],"wp:term":[{"taxonomy":"category","embeddable":true,"href":"https:\/\/agora.xtec.cat\/insaferrer\/wp-json\/wp\/v2\/categories?post=1773"},{"taxonomy":"post_tag","embeddable":true,"href":"https:\/\/agora.xtec.cat\/insaferrer\/wp-json\/wp\/v2\/tags?post=1773"}],"curies":[{"name":"wp","href":"https:\/\/api.w.org\/{rel}","templated":true}]}}