{"id":1758,"date":"2023-10-09T07:30:38","date_gmt":"2023-10-09T05:30:38","guid":{"rendered":"https:\/\/agora.xtec.cat\/insaferrer\/?p=1758"},"modified":"2023-10-09T07:52:54","modified_gmt":"2023-10-09T05:52:54","slug":"hem-comencat-el-curs-amb-molts-projectes","status":"publish","type":"post","link":"https:\/\/agora.xtec.cat\/insaferrer\/eso\/hem-comencat-el-curs-amb-molts-projectes\/","title":{"rendered":"Hem comen\u00e7at el curs amb molts projectes!"},"content":{"rendered":"<p><span style=\"font-weight: 400;\">Hem comen\u00e7at el curs i ho hem fet de manera molt intensa. Vam comen\u00e7ar amb els <strong>projectes intensius<\/strong> en qu\u00e8 durant dues setmanes l\u2019alumnat va fer immersi\u00f3 total en diferents temes i reptes.<\/span><\/p>\n<p><span style=\"font-weight: 400;\">A 1r van descobrir<strong> &#8220;Com convivim i aprenem a l&#8217;Angeleta Ferrer&#8221;<\/strong> i ho van explicar a les fam\u00edlies el dia de l\u2019exhibici\u00f3 p\u00fablica en el que esdevenia la \u201creuni\u00f3 d\u2019inici de curs\u201d portada per l\u2019alumnat mateix. <\/span><\/p>\n<figure class=\"figure wp-caption alignnone\"><a href=\"https:\/\/agora.xtec.cat\/insaferrer\/wp-content\/uploads\/usu2510\/2023\/10\/pint-1r-1-scaled.jpg\"><img loading=\"lazy\" decoding=\"async\" class=\"wp-image-1762 size-large\" src=\"https:\/\/agora.xtec.cat\/insaferrer\/wp-content\/uploads\/usu2510\/2023\/10\/pint-1r-1-1024x576.jpg\" alt=\"\" width=\"1024\" height=\"576\" srcset=\"https:\/\/agora.xtec.cat\/insaferrer\/wp-content\/uploads\/usu2510\/2023\/10\/pint-1r-1-1024x576.jpg 1024w, https:\/\/agora.xtec.cat\/insaferrer\/wp-content\/uploads\/usu2510\/2023\/10\/pint-1r-1-300x169.jpg 300w, https:\/\/agora.xtec.cat\/insaferrer\/wp-content\/uploads\/usu2510\/2023\/10\/pint-1r-1-768x432.jpg 768w, https:\/\/agora.xtec.cat\/insaferrer\/wp-content\/uploads\/usu2510\/2023\/10\/pint-1r-1-1536x864.jpg 1536w, https:\/\/agora.xtec.cat\/insaferrer\/wp-content\/uploads\/usu2510\/2023\/10\/pint-1r-1-2048x1152.jpg 2048w\" sizes=\"auto, (max-width: 1024px) 100vw, 1024px\" \/><\/a><figcaption class=\"wp-caption-text\">Alumnat de 1r explicant a les fam\u00edlies com convivim i aprenem a l\u2019Angeleta Ferrer.<\/figcaption><\/figure>\n<p>&nbsp;<\/p>\n<p><span style=\"font-weight: 400;\">A 2n, amb el projecte intensiu <strong>\u201cFes-te escoltar\u201d<\/strong>, l&#8217;alumnat va crear els seus propis raps, tant pel que fa a la m\u00fasica, com a la lletra. Van fer les reivindicacions d\u2019all\u00f2 que creuen important i van oferir un concert a les fam\u00edlies del qual moltes van marxar amb versos que se\u2019ls havien enganxat com&#8230; \u201cNo volem guerra!\u201d.<\/span><\/p>\n<figure class=\"figure wp-caption alignnone\"><a href=\"https:\/\/agora.xtec.cat\/insaferrer\/wp-content\/uploads\/usu2510\/2023\/10\/concert-rap-red-scaled.jpg\"><img loading=\"lazy\" decoding=\"async\" class=\"wp-image-1763 size-large\" src=\"https:\/\/agora.xtec.cat\/insaferrer\/wp-content\/uploads\/usu2510\/2023\/10\/concert-rap-red-scaled-e1696785109630-1024x713.jpg\" alt=\"Alumnat de 2n en el concert de rap el dia de l\u2019exhibici\u00f3 p\u00fablica tot interpretant la can\u00e7\u00f3 \u201cNo volem guerra\u201d.\" width=\"1024\" height=\"713\" srcset=\"https:\/\/agora.xtec.cat\/insaferrer\/wp-content\/uploads\/usu2510\/2023\/10\/concert-rap-red-scaled-e1696785109630-1024x713.jpg 1024w, https:\/\/agora.xtec.cat\/insaferrer\/wp-content\/uploads\/usu2510\/2023\/10\/concert-rap-red-scaled-e1696785109630-300x209.jpg 300w, https:\/\/agora.xtec.cat\/insaferrer\/wp-content\/uploads\/usu2510\/2023\/10\/concert-rap-red-scaled-e1696785109630-768x535.jpg 768w, https:\/\/agora.xtec.cat\/insaferrer\/wp-content\/uploads\/usu2510\/2023\/10\/concert-rap-red-scaled-e1696785109630-1536x1070.jpg 1536w, https:\/\/agora.xtec.cat\/insaferrer\/wp-content\/uploads\/usu2510\/2023\/10\/concert-rap-red-scaled-e1696785109630-2048x1426.jpg 2048w\" sizes=\"auto, (max-width: 1024px) 100vw, 1024px\" \/><\/a><figcaption class=\"wp-caption-text\">Alumnat de 2n en el concert de rap el dia de l\u2019exhibici\u00f3 p\u00fablica tot interpretant la can\u00e7\u00f3 \u201cNo volem guerra\u201d.<\/figcaption><\/figure>\n<p>&nbsp;<\/p>\n<p><span style=\"font-weight: 400;\"> I finalment, l\u2019alumnat de 3r, va dur a terme el projecte <strong>\u201cDemocr\u00e0cia i governan\u00e7a\u201d<\/strong> tot aprenent i duent a terme processos participatius que ajuden a prendre decisions que ens afecten a tota la comunitat.\u00a0<\/span><\/p>\n<p><span style=\"font-weight: 400;\">Ara, ja estem immersos en els projectes extensius que duraran el que queda de trimestre. A primer, el projecte STEAM <strong>\u201cTenim els pl\u00e0nols\u201d<\/strong> i <strong>\u201cQui soc, com som?\u201d<\/strong>, a 2n <strong>\u201c200.000 dones\u201d<\/strong> sobre la cacera de bruixes i en l\u2019\u00e0mbit STEAM<strong> \u201cL\u2019env\u00e0s reutilitzable perfecte\u201d<\/strong> i a 3r <strong>\u201cEnlaira\u2019t\u201d<\/strong> com a projecte STEAM i <strong>\u201cUna mirada als conflictes\u201d<\/strong>. De moment hem gaudit de l&#8217;inici de projectes amb els seus trets de sortida dels quals us deixem algunes imatges. Veurem on ens porten, us ho explicarem m\u00e9s endavant!<\/span><\/p>\n<figure class=\"figure wp-caption alignnone\"><a href=\"https:\/\/agora.xtec.cat\/insaferrer\/wp-content\/uploads\/usu2510\/2023\/10\/Qui-soc-com-soc-1r-scaled.jpg\"><img loading=\"lazy\" decoding=\"async\" class=\"wp-image-1761 size-large\" src=\"https:\/\/agora.xtec.cat\/insaferrer\/wp-content\/uploads\/usu2510\/2023\/10\/Qui-soc-com-soc-1r-1024x751.jpg\" alt=\"\" width=\"1024\" height=\"751\" srcset=\"https:\/\/agora.xtec.cat\/insaferrer\/wp-content\/uploads\/usu2510\/2023\/10\/Qui-soc-com-soc-1r-1024x751.jpg 1024w, https:\/\/agora.xtec.cat\/insaferrer\/wp-content\/uploads\/usu2510\/2023\/10\/Qui-soc-com-soc-1r-300x220.jpg 300w, https:\/\/agora.xtec.cat\/insaferrer\/wp-content\/uploads\/usu2510\/2023\/10\/Qui-soc-com-soc-1r-768x563.jpg 768w, https:\/\/agora.xtec.cat\/insaferrer\/wp-content\/uploads\/usu2510\/2023\/10\/Qui-soc-com-soc-1r-1536x1127.jpg 1536w, https:\/\/agora.xtec.cat\/insaferrer\/wp-content\/uploads\/usu2510\/2023\/10\/Qui-soc-com-soc-1r-2048x1502.jpg 2048w\" sizes=\"auto, (max-width: 1024px) 100vw, 1024px\" \/><\/a><figcaption class=\"wp-caption-text\">Alumnat de 1r comen\u00e7ant el projecte \u201cQui soc, com som\u201d.<\/figcaption><\/figure>\n<p>&nbsp;<\/p>\n<figure class=\"figure wp-caption alignnone\"><a href=\"https:\/\/agora.xtec.cat\/insaferrer\/wp-content\/uploads\/usu2510\/2023\/10\/200mil.jpg\"><img loading=\"lazy\" decoding=\"async\" class=\"wp-image-1759 size-large\" src=\"https:\/\/agora.xtec.cat\/insaferrer\/wp-content\/uploads\/usu2510\/2023\/10\/200mil-1024x697.jpg\" alt=\"\" width=\"1024\" height=\"697\" srcset=\"https:\/\/agora.xtec.cat\/insaferrer\/wp-content\/uploads\/usu2510\/2023\/10\/200mil-1024x697.jpg 1024w, https:\/\/agora.xtec.cat\/insaferrer\/wp-content\/uploads\/usu2510\/2023\/10\/200mil-300x204.jpg 300w, https:\/\/agora.xtec.cat\/insaferrer\/wp-content\/uploads\/usu2510\/2023\/10\/200mil-768x523.jpg 768w, https:\/\/agora.xtec.cat\/insaferrer\/wp-content\/uploads\/usu2510\/2023\/10\/200mil.jpg 1080w\" sizes=\"auto, (max-width: 1024px) 100vw, 1024px\" \/><\/a><figcaption class=\"wp-caption-text\">L\u2019actriu Anna Tamayo en el col\u00b7loqui postfunci\u00f3 de 200.000 dones al CC Parc Sandaru amb l\u2019alumnat.<\/figcaption><\/figure>\n<p>&nbsp;<\/p>\n<figure class=\"figure wp-caption alignnone\"><a href=\"https:\/\/agora.xtec.cat\/insaferrer\/wp-content\/uploads\/usu2510\/2023\/10\/tret-sortida-3r-scaled.jpg\"><img loading=\"lazy\" decoding=\"async\" class=\"wp-image-1760 size-large\" src=\"https:\/\/agora.xtec.cat\/insaferrer\/wp-content\/uploads\/usu2510\/2023\/10\/tret-sortida-3r-1024x776.jpg\" alt=\"\" width=\"1024\" height=\"776\" srcset=\"https:\/\/agora.xtec.cat\/insaferrer\/wp-content\/uploads\/usu2510\/2023\/10\/tret-sortida-3r-1024x776.jpg 1024w, https:\/\/agora.xtec.cat\/insaferrer\/wp-content\/uploads\/usu2510\/2023\/10\/tret-sortida-3r-300x227.jpg 300w, https:\/\/agora.xtec.cat\/insaferrer\/wp-content\/uploads\/usu2510\/2023\/10\/tret-sortida-3r-768x582.jpg 768w, https:\/\/agora.xtec.cat\/insaferrer\/wp-content\/uploads\/usu2510\/2023\/10\/tret-sortida-3r-1536x1164.jpg 1536w, https:\/\/agora.xtec.cat\/insaferrer\/wp-content\/uploads\/usu2510\/2023\/10\/tret-sortida-3r-2048x1552.jpg 2048w\" sizes=\"auto, (max-width: 1024px) 100vw, 1024px\" \/><\/a><figcaption class=\"wp-caption-text\">L\u2019Alain i L\u2019Oljesa parlen del conflicte al Camer\u00fan i a Ucra\u00efna a l&#8217;alumnat de 3r d&#8217;ESO.<\/figcaption><\/figure>\n<p>&nbsp;<\/p>\n","protected":false},"excerpt":{"rendered":"<p>Hem comen\u00e7at el curs i ho hem fet de manera molt intensa. Vam comen\u00e7ar amb els projectes intensius en qu\u00e8 durant dues setmanes l\u2019alumnat va fer immersi\u00f3 total en diferents temes i reptes.<br \/>\nA 1r van descobrir &#8220;Com convivim i aprenem a l&#8217;Angeleta Ferrer&#8221; i ho&hellip;  <a href=\"https:\/\/agora.xtec.cat\/insaferrer\/eso\/hem-comencat-el-curs-amb-molts-projectes\/\" title=\"Read Hem comen\u00e7at el curs amb molts projectes!\">Llegeix m\u00e9s\u00bb<\/a><\/p>\n","protected":false},"author":1,"featured_media":1762,"comment_status":"closed","ping_status":"closed","sticky":false,"template":"","format":"standard","meta":{"_bbp_topic_count":0,"_bbp_reply_count":0,"_bbp_total_topic_count":0,"_bbp_total_reply_count":0,"_bbp_voice_count":0,"_bbp_anonymous_reply_count":0,"_bbp_topic_count_hidden":0,"_bbp_reply_count_hidden":0,"_bbp_forum_subforum_count":0,"footnotes":""},"categories":[149,124,3,4,5,6,29],"tags":[107,141,151,122,111,108,150],"class_list":["post-1758","post","type-post","status-publish","format-standard","has-post-thumbnail","hentry","category-abp","category-alumnat","category-eso","category-eso-1","category-eso-2","category-eso-3","category-portada","tag-1r-eso","tag-2n-eso","tag-3r-eso","tag-abp","tag-alumnat","tag-angeleta-ferrer","tag-projectes"],"post_mailing_queue_ids":[],"_links":{"self":[{"href":"https:\/\/agora.xtec.cat\/insaferrer\/wp-json\/wp\/v2\/posts\/1758","targetHints":{"allow":["GET"]}}],"collection":[{"href":"https:\/\/agora.xtec.cat\/insaferrer\/wp-json\/wp\/v2\/posts"}],"about":[{"href":"https:\/\/agora.xtec.cat\/insaferrer\/wp-json\/wp\/v2\/types\/post"}],"author":[{"embeddable":true,"href":"https:\/\/agora.xtec.cat\/insaferrer\/wp-json\/wp\/v2\/users\/1"}],"replies":[{"embeddable":true,"href":"https:\/\/agora.xtec.cat\/insaferrer\/wp-json\/wp\/v2\/comments?post=1758"}],"version-history":[{"count":5,"href":"https:\/\/agora.xtec.cat\/insaferrer\/wp-json\/wp\/v2\/posts\/1758\/revisions"}],"predecessor-version":[{"id":1770,"href":"https:\/\/agora.xtec.cat\/insaferrer\/wp-json\/wp\/v2\/posts\/1758\/revisions\/1770"}],"wp:featuredmedia":[{"embeddable":true,"href":"https:\/\/agora.xtec.cat\/insaferrer\/wp-json\/wp\/v2\/media\/1762"}],"wp:attachment":[{"href":"https:\/\/agora.xtec.cat\/insaferrer\/wp-json\/wp\/v2\/media?parent=1758"}],"wp:term":[{"taxonomy":"category","embeddable":true,"href":"https:\/\/agora.xtec.cat\/insaferrer\/wp-json\/wp\/v2\/categories?post=1758"},{"taxonomy":"post_tag","embeddable":true,"href":"https:\/\/agora.xtec.cat\/insaferrer\/wp-json\/wp\/v2\/tags?post=1758"}],"curies":[{"name":"wp","href":"https:\/\/api.w.org\/{rel}","templated":true}]}}