{"id":1694,"date":"2023-06-25T22:04:43","date_gmt":"2023-06-25T20:04:43","guid":{"rendered":"https:\/\/agora.xtec.cat\/insaferrer\/?p=1694"},"modified":"2023-10-09T08:05:35","modified_gmt":"2023-10-09T06:05:35","slug":"retratem-el-barri","status":"publish","type":"post","link":"https:\/\/agora.xtec.cat\/insaferrer\/eso\/retratem-el-barri\/","title":{"rendered":"Retratem el barri"},"content":{"rendered":"<p>El 3r trimestre l&#8217;alumnat de 1r d&#8217;ESO dins l&#8217;\u00e0mbit Social-Human\u00edstic ha realitzat el projecte &#8220;Retratem el barri&#8221; en el marc de <em>Fotografia en curs<\/em>. El projecte ens ha perm\u00e8s con\u00e8ixer el barri Fort Pienc a trav\u00e9s de la fotografia.<\/p>\n<p>Vam iniciar el projecte amb la visita a l&#8217;exposici\u00f3 d&#8217;Ilse Bing a la KBR Fundaci\u00f3 Maphre com a tret de sortida. En aquesta sortida vam visitar l&#8217;exposici\u00f3 de la fot\u00f2grafa i tamb\u00e9 vam realitzar un taller de cambra fosca. Despr\u00e9s vam fotografiar panor\u00e0miques a la platja amb una c\u00e0mera instax que ens va cedir #fotografiaencurs.<\/p>\n<p>A continuaci\u00f3 algunes imatges del tret de sortida:<\/p>\n\r\n\t<div class=\"slideshow_container slideshow_container_style-light\" style=\"height: 300px; \" data-slideshow-id=\"1707\" data-style-name=\"style-light\" data-style-version=\"2.3.1\" >\r\n\r\n\t\t\t\t\t<div class=\"slideshow_loading_icon\"><\/div>\r\n\t\t\r\n\t\t<div class=\"slideshow_content\" style=\"display: none;\">\r\n\r\n\t\t\t<div class=\"slideshow_view\">\r\n\t\t\t\t<div class=\"slideshow_slide slideshow_slide_image\">\r\n\t\t\t\t\t\t\t\t\t\t\t<img src=\"https:\/\/agora.xtec.cat\/insaferrer\/wp-content\/uploads\/usu2510\/2023\/06\/Retratistes-del-barri-1rESO-22-23-proce\u0301s-13.jpg\" alt=\"Retratistes del barri 1rESO 22-23 (proce\u0301s) 13\" width=\"1280\" height=\"960\" \/>\r\n\t\t\t\t\t\t\t\t\t\t<div class=\"slideshow_description_box slideshow_transparent\">\r\n\t\t\t\t\t\t<div class=\"slideshow_title\">Retratistes del barri 1rESO 22-23 (proce\u0301s) 13<\/div>\t\t\t\t\t\t\t\t\t\t\t<\/div>\r\n\t\t\t\t<\/div>\r\n\r\n\t\t\t\t\t\t\r\n\t\t\t\t<div class=\"slideshow_slide slideshow_slide_image\">\r\n\t\t\t\t\t\t\t\t\t\t\t<img src=\"https:\/\/agora.xtec.cat\/insaferrer\/wp-content\/uploads\/usu2510\/2023\/06\/Retratistes-del-barri-1rESO-22-23-proce\u0301s-11-1.jpg\" alt=\"Retratistes del barri 1rESO 22-23 (proce\u0301s) 11\" width=\"1280\" height=\"960\" \/>\r\n\t\t\t\t\t\t\t\t\t\t<div class=\"slideshow_description_box slideshow_transparent\">\r\n\t\t\t\t\t\t<div class=\"slideshow_title\">Retratistes del barri 1rESO 22-23 (proce\u0301s) 11<\/div>\t\t\t\t\t\t\t\t\t\t\t<\/div>\r\n\t\t\t\t<\/div>\r\n\r\n\t\t\t\t\t\t<div style=\"clear: both;\"><\/div><\/div><div class=\"slideshow_view\">\r\n\t\t\t\t<div class=\"slideshow_slide slideshow_slide_image\">\r\n\t\t\t\t\t\t\t\t\t\t\t<img src=\"https:\/\/agora.xtec.cat\/insaferrer\/wp-content\/uploads\/usu2510\/2023\/06\/Retratistes-del-barri-1rESO-22-23-proce\u0301s-9-1.jpg\" alt=\"Retratistes del barri 1rESO 22-23 (proce\u0301s) 9\" width=\"1280\" height=\"960\" \/>\r\n\t\t\t\t\t\t\t\t\t\t<div class=\"slideshow_description_box slideshow_transparent\">\r\n\t\t\t\t\t\t<div class=\"slideshow_title\">Retratistes del barri 1rESO 22-23 (proce\u0301s) 9<\/div>\t\t\t\t\t\t\t\t\t\t\t<\/div>\r\n\t\t\t\t<\/div>\r\n\r\n\t\t\t\t\t\t\r\n\t\t\t\t<div class=\"slideshow_slide slideshow_slide_image\">\r\n\t\t\t\t\t\t\t\t\t\t\t<img src=\"https:\/\/agora.xtec.cat\/insaferrer\/wp-content\/uploads\/usu2510\/2023\/06\/Retratistes-del-barri-1rESO-22-23-proce\u0301s-7-1.jpg\" alt=\"Retratistes del barri 1rESO 22-23 (proce\u0301s) 7\" width=\"1280\" height=\"960\" \/>\r\n\t\t\t\t\t\t\t\t\t\t<div class=\"slideshow_description_box slideshow_transparent\">\r\n\t\t\t\t\t\t<div class=\"slideshow_title\">Retratistes del barri 1rESO 22-23 (proce\u0301s) 7<\/div>\t\t\t\t\t\t\t\t\t\t\t<\/div>\r\n\t\t\t\t<\/div>\r\n\r\n\t\t\t\t\t\t<div style=\"clear: both;\"><\/div><\/div><div class=\"slideshow_view\">\r\n\t\t\t\t<div class=\"slideshow_slide slideshow_slide_image\">\r\n\t\t\t\t\t\t\t\t\t\t\t<img src=\"https:\/\/agora.xtec.cat\/insaferrer\/wp-content\/uploads\/usu2510\/2023\/06\/Retratistes-del-barri-1rESO-22-23-proce\u0301s-6-1.jpg\" alt=\"Retratistes del barri 1rESO 22-23 (proce\u0301s) 6\" width=\"960\" height=\"1280\" \/>\r\n\t\t\t\t\t\t\t\t\t\t<div class=\"slideshow_description_box slideshow_transparent\">\r\n\t\t\t\t\t\t<div class=\"slideshow_title\">Retratistes del barri 1rESO 22-23 (proce\u0301s) 6<\/div>\t\t\t\t\t\t\t\t\t\t\t<\/div>\r\n\t\t\t\t<\/div>\r\n\r\n\t\t\t\t\t\t\r\n\t\t\t\t<div class=\"slideshow_slide slideshow_slide_image\">\r\n\t\t\t\t\t\t\t\t\t\t\t<img src=\"https:\/\/agora.xtec.cat\/insaferrer\/wp-content\/uploads\/usu2510\/2023\/06\/Retratistes-del-barri-1rESO-22-23-proce\u0301s-5-1.jpg\" alt=\"Retratistes del barri 1rESO 22-23 (proce\u0301s) 5\" width=\"1280\" height=\"960\" \/>\r\n\t\t\t\t\t\t\t\t\t\t<div class=\"slideshow_description_box slideshow_transparent\">\r\n\t\t\t\t\t\t<div class=\"slideshow_title\">Retratistes del barri 1rESO 22-23 (proce\u0301s) 5<\/div>\t\t\t\t\t\t\t\t\t\t\t<\/div>\r\n\t\t\t\t<\/div>\r\n\r\n\t\t\t\t\t\t<div style=\"clear: both;\"><\/div><\/div><div class=\"slideshow_view\">\r\n\t\t\t\t<div class=\"slideshow_slide slideshow_slide_image\">\r\n\t\t\t\t\t\t\t\t\t\t\t<img src=\"https:\/\/agora.xtec.cat\/insaferrer\/wp-content\/uploads\/usu2510\/2023\/06\/Retratistes-del-barri-1rESO-22-23-proce\u0301s-4.jpg\" alt=\"Retratistes del barri 1rESO 22-23 (proce\u0301s) 4\" width=\"1280\" height=\"960\" \/>\r\n\t\t\t\t\t\t\t\t\t\t<div class=\"slideshow_description_box slideshow_transparent\">\r\n\t\t\t\t\t\t<div class=\"slideshow_title\">Retratistes del barri 1rESO 22-23 (proce\u0301s) 4<\/div>\t\t\t\t\t\t\t\t\t\t\t<\/div>\r\n\t\t\t\t<\/div>\r\n\r\n\t\t\t\t\t\t\r\n\t\t\t\t<div class=\"slideshow_slide slideshow_slide_image\">\r\n\t\t\t\t\t\t\t\t\t\t\t<img src=\"https:\/\/agora.xtec.cat\/insaferrer\/wp-content\/uploads\/usu2510\/2023\/06\/Retratistes-del-barri-1rESO-22-23-proce\u0301s-3.jpg\" alt=\"Retratistes del barri 1rESO 22-23 (proce\u0301s) 3\" width=\"1280\" height=\"960\" \/>\r\n\t\t\t\t\t\t\t\t\t\t<div class=\"slideshow_description_box slideshow_transparent\">\r\n\t\t\t\t\t\t<div class=\"slideshow_title\">Retratistes del barri 1rESO 22-23 (proce\u0301s) 3<\/div>\t\t\t\t\t\t\t\t\t\t\t<\/div>\r\n\t\t\t\t<\/div>\r\n\r\n\t\t\t\t\t\t<div style=\"clear: both;\"><\/div><\/div><div class=\"slideshow_view\">\r\n\t\t\t\t<div class=\"slideshow_slide slideshow_slide_image\">\r\n\t\t\t\t\t\t\t\t\t\t\t<img src=\"https:\/\/agora.xtec.cat\/insaferrer\/wp-content\/uploads\/usu2510\/2023\/06\/Retratistes-del-barri-1rESO-22-23-proce\u0301s-1.jpg\" alt=\"Retratistes del barri 1rESO 22-23 (proce\u0301s) 1\" width=\"960\" height=\"1280\" \/>\r\n\t\t\t\t\t\t\t\t\t\t<div class=\"slideshow_description_box slideshow_transparent\">\r\n\t\t\t\t\t\t<div class=\"slideshow_title\">Retratistes del barri 1rESO 22-23 (proce\u0301s) 1<\/div>\t\t\t\t\t\t\t\t\t\t\t<\/div>\r\n\t\t\t\t<\/div>\r\n\r\n\t\t\t\t\t\t\r\n\t\t\t\t<div class=\"slideshow_slide slideshow_slide_image\">\r\n\t\t\t\t\t\t\t\t\t\t\t<img src=\"https:\/\/agora.xtec.cat\/insaferrer\/wp-content\/uploads\/usu2510\/2023\/06\/Retratistes-del-barri-1rESO-22-23-proce\u0301s-9.jpg\" alt=\"Retratistes del barri 1rESO 22-23 (proce\u0301s) 9\" width=\"1280\" height=\"960\" \/>\r\n\t\t\t\t\t\t\t\t\t\t<div class=\"slideshow_description_box slideshow_transparent\">\r\n\t\t\t\t\t\t<div class=\"slideshow_title\">Retratistes del barri 1rESO 22-23 (proce\u0301s) 9<\/div>\t\t\t\t\t\t\t\t\t\t\t<\/div>\r\n\t\t\t\t<\/div>\r\n\r\n\t\t\t\t\t\t<div style=\"clear: both;\"><\/div><\/div>\r\n\t\t<\/div>\r\n\r\n\t\t<div class=\"slideshow_controlPanel slideshow_transparent\" style=\"display: none;\"><ul><li class=\"slideshow_togglePlay\" data-play-text=\"Visualitza\" data-pause-text=\"Pausa\"><\/li><\/ul><\/div>\r\n\r\n\t\t<div class=\"slideshow_button slideshow_previous slideshow_transparent\" role=\"button\" data-previous-text=\"Anterior\" style=\"display: none;\"><\/div>\r\n\t\t<div class=\"slideshow_button slideshow_next slideshow_transparent\" role=\"button\" data-next-text=\"Seg\u00fcent\" style=\"display: none;\"><\/div>\r\n\r\n\t\t<div class=\"slideshow_pagination\" style=\"display: none;\" data-go-to-text=\"V\u00e9s a la diapositiva\"><div class=\"slideshow_pagination_center\"><\/div><\/div>\r\n\r\n\t\t<!-- WordPress Slideshow Version 2.3.1 -->\r\n\r\n\t\t\t<\/div>\r\n\r\n\n<p>Un exemple d&#8217;una de les panor\u00e0miques que vam realitzar:<\/p>\n<p><a href=\"https:\/\/agora.xtec.cat\/insaferrer\/wp-content\/uploads\/usu2510\/2023\/06\/quatre-seguides-scaled.jpg\"><img loading=\"lazy\" decoding=\"async\" class=\"alignnone wp-image-1735\" src=\"https:\/\/agora.xtec.cat\/insaferrer\/wp-content\/uploads\/usu2510\/2023\/06\/quatre-seguides-1024x334.jpg\" alt=\"\" width=\"756\" height=\"246\" srcset=\"https:\/\/agora.xtec.cat\/insaferrer\/wp-content\/uploads\/usu2510\/2023\/06\/quatre-seguides-1024x334.jpg 1024w, https:\/\/agora.xtec.cat\/insaferrer\/wp-content\/uploads\/usu2510\/2023\/06\/quatre-seguides-300x98.jpg 300w, https:\/\/agora.xtec.cat\/insaferrer\/wp-content\/uploads\/usu2510\/2023\/06\/quatre-seguides-768x251.jpg 768w, https:\/\/agora.xtec.cat\/insaferrer\/wp-content\/uploads\/usu2510\/2023\/06\/quatre-seguides-1536x502.jpg 1536w, https:\/\/agora.xtec.cat\/insaferrer\/wp-content\/uploads\/usu2510\/2023\/06\/quatre-seguides-2048x669.jpg 2048w\" sizes=\"auto, (max-width: 756px) 100vw, 756px\" \/><\/a><\/p>\n<p>Posteriorment a l&#8217;institut vam seguir coneixent Ilse Bing, la hist\u00f2ria de la fotografia i referents fotogr\u00e0fics que al llarg de la hist\u00f2ria han documentat ciutats, oficis i barris. Entre d&#8217;altres: Xavier Miserachs, Berenice Abbott, Francescs Catal\u00e0-Roca, Jordi Bernad\u00f3&#8230; Aquestes primeres sessions ens van ajudar a enfocar-nos i profunditzar en l&#8217;objectiu del projecte: con\u00e8ixer el barri i retratar-lo inspirant-nos en un fot\u00f2graf referent.<\/p>\n<p>Vam con\u00e8ixer els par\u00e0metres t\u00e8cnics de la fotografia: enquadrament, regla dels ter\u00e7os, angulaci\u00f3 i punt de vista&#8230; Tamb\u00e9 vam realitzar una l\u00ednia dels temps on col\u00b7locar fets hist\u00f2rics en relaci\u00f3 amb el descobriment de la fotografia i com les imatges poden evocar-nos moltes hist\u00f2ries, tamb\u00e9 vam crear la nostra hist\u00f2ria.<\/p>\n<p>M\u00e9s endavant, per equips cooperatius vam sortir dues vegades pel barri Fort Pienc, la primera per fer una fotografia en esborrany de l&#8217;indret que vol\u00edem fotografiar i la segona per fer la fotografia definitiva. Aquest cop vam sortir amb c\u00e0mera reflex i trespeus.<\/p>\n<p>De les fotografies finals vam triar-ne una, dues o fins i tot tres per equip. Aquestes imatges ja formarien part de l&#8217;exposici\u00f3 fotogr\u00e0fica final del barri Fort Pienc. Les imatges les hem exposat a l&#8217;institut, al vest\u00edbul, a les escales i al primer pis.<\/p>\n<p>El passat 8 de juny vam fer l&#8217;exhibici\u00f3 p\u00fablica, vam convertir l&#8217;institut en una sala d&#8217;exposicions. Al costat de les imatges vam penjar les cartel\u00b7les i el text narratiu que vam fer de cada fotografia.<\/p>\n<p>Ha estat un projecte molt enriquidor, esperem que d&#8217;aqu\u00ed a 50 anys els alumnes del nostre institut puguin con\u00e8ixer com era el barri Fort Pienc quan nosaltres f\u00e8iem 1r d&#8217;ESO i puguin valorar la nostra feina.<\/p>\n<p>A continuaci\u00f3 algunes imatges:<\/p>\n\r\n\t<div class=\"slideshow_container slideshow_container_style-light\" style=\"height: 300px; \" data-slideshow-id=\"1720\" data-style-name=\"style-light\" data-style-version=\"2.3.1\" >\r\n\r\n\t\t\t\t\t<div class=\"slideshow_loading_icon\"><\/div>\r\n\t\t\r\n\t\t<div class=\"slideshow_content\" style=\"display: none;\">\r\n\r\n\t\t\t<div class=\"slideshow_view\">\r\n\t\t\t\t<div class=\"slideshow_slide slideshow_slide_image\">\r\n\t\t\t\t\t\t\t\t\t\t\t<img src=\"https:\/\/agora.xtec.cat\/insaferrer\/wp-content\/uploads\/usu2510\/2023\/06\/IMG20230526091546.jpg\" alt=\"IMG20230526091546\" width=\"1280\" height=\"960\" \/>\r\n\t\t\t\t\t\t\t\t\t\t<div class=\"slideshow_description_box slideshow_transparent\">\r\n\t\t\t\t\t\t<div class=\"slideshow_title\">IMG20230526091546<\/div>\t\t\t\t\t\t\t\t\t\t\t<\/div>\r\n\t\t\t\t<\/div>\r\n\r\n\t\t\t\t\t\t\r\n\t\t\t\t<div class=\"slideshow_slide slideshow_slide_image\">\r\n\t\t\t\t\t\t\t\t\t\t\t<img src=\"https:\/\/agora.xtec.cat\/insaferrer\/wp-content\/uploads\/usu2510\/2023\/06\/IMG20230525082106.jpg\" alt=\"IMG20230525082106\" width=\"1280\" height=\"960\" \/>\r\n\t\t\t\t\t\t\t\t\t\t<div class=\"slideshow_description_box slideshow_transparent\">\r\n\t\t\t\t\t\t<div class=\"slideshow_title\">IMG20230525082106<\/div>\t\t\t\t\t\t\t\t\t\t\t<\/div>\r\n\t\t\t\t<\/div>\r\n\r\n\t\t\t\t\t\t<div style=\"clear: both;\"><\/div><\/div><div class=\"slideshow_view\">\r\n\t\t\t\t<div class=\"slideshow_slide slideshow_slide_image\">\r\n\t\t\t\t\t\t\t\t\t\t\t<img src=\"https:\/\/agora.xtec.cat\/insaferrer\/wp-content\/uploads\/usu2510\/2023\/06\/Retratistes-del-barri-1ESO-22-23-exhibicio\u030110.jpg\" alt=\"Retratistes del barri 1ESO 22-23 (exhibicio\u0301)10\" width=\"960\" height=\"1280\" \/>\r\n\t\t\t\t\t\t\t\t\t\t<div class=\"slideshow_description_box slideshow_transparent\">\r\n\t\t\t\t\t\t<div class=\"slideshow_title\">Retratistes del barri 1ESO 22-23 (exhibicio\u0301)10<\/div>\t\t\t\t\t\t\t\t\t\t\t<\/div>\r\n\t\t\t\t<\/div>\r\n\r\n\t\t\t\t\t\t\r\n\t\t\t\t<div class=\"slideshow_slide slideshow_slide_image\">\r\n\t\t\t\t\t\t\t\t\t\t\t<img src=\"https:\/\/agora.xtec.cat\/insaferrer\/wp-content\/uploads\/usu2510\/2023\/06\/Retratistes-del-barri-1ESO-22-23-exhibicio\u03019.jpg\" alt=\"Retratistes del barri 1ESO 22-23 (exhibicio\u0301)9\" width=\"960\" height=\"1280\" \/>\r\n\t\t\t\t\t\t\t\t\t\t<div class=\"slideshow_description_box slideshow_transparent\">\r\n\t\t\t\t\t\t<div class=\"slideshow_title\">Retratistes del barri 1ESO 22-23 (exhibicio\u0301)9<\/div>\t\t\t\t\t\t\t\t\t\t\t<\/div>\r\n\t\t\t\t<\/div>\r\n\r\n\t\t\t\t\t\t<div style=\"clear: both;\"><\/div><\/div><div class=\"slideshow_view\">\r\n\t\t\t\t<div class=\"slideshow_slide slideshow_slide_image\">\r\n\t\t\t\t\t\t\t\t\t\t\t<img src=\"https:\/\/agora.xtec.cat\/insaferrer\/wp-content\/uploads\/usu2510\/2023\/06\/Retratistes-del-barri-1ESO-22-23-exhibicio\u03018.jpg\" alt=\"Retratistes del barri 1ESO 22-23 (exhibicio\u0301)8\" width=\"960\" height=\"1280\" \/>\r\n\t\t\t\t\t\t\t\t\t\t<div class=\"slideshow_description_box slideshow_transparent\">\r\n\t\t\t\t\t\t<div class=\"slideshow_title\">Retratistes del barri 1ESO 22-23 (exhibicio\u0301)8<\/div>\t\t\t\t\t\t\t\t\t\t\t<\/div>\r\n\t\t\t\t<\/div>\r\n\r\n\t\t\t\t\t\t\r\n\t\t\t\t<div class=\"slideshow_slide slideshow_slide_image\">\r\n\t\t\t\t\t\t\t\t\t\t\t<img src=\"https:\/\/agora.xtec.cat\/insaferrer\/wp-content\/uploads\/usu2510\/2023\/06\/Retratistes-del-barri-1ESO-22-23-exhibicio\u03017.jpg\" alt=\"Retratistes del barri 1ESO 22-23 (exhibicio\u0301)7\" width=\"960\" height=\"1280\" \/>\r\n\t\t\t\t\t\t\t\t\t\t<div class=\"slideshow_description_box slideshow_transparent\">\r\n\t\t\t\t\t\t<div class=\"slideshow_title\">Retratistes del barri 1ESO 22-23 (exhibicio\u0301)7<\/div>\t\t\t\t\t\t\t\t\t\t\t<\/div>\r\n\t\t\t\t<\/div>\r\n\r\n\t\t\t\t\t\t<div style=\"clear: both;\"><\/div><\/div><div class=\"slideshow_view\">\r\n\t\t\t\t<div class=\"slideshow_slide slideshow_slide_image\">\r\n\t\t\t\t\t\t\t\t\t\t\t<img src=\"https:\/\/agora.xtec.cat\/insaferrer\/wp-content\/uploads\/usu2510\/2023\/06\/Retratistes-del-barri-1ESO-22-23-exhibicio\u03016.jpg\" alt=\"Retratistes del barri 1ESO 22-23 (exhibicio\u0301)6\" width=\"960\" height=\"1280\" \/>\r\n\t\t\t\t\t\t\t\t\t\t<div class=\"slideshow_description_box slideshow_transparent\">\r\n\t\t\t\t\t\t<div class=\"slideshow_title\">Retratistes del barri 1ESO 22-23 (exhibicio\u0301)6<\/div>\t\t\t\t\t\t\t\t\t\t\t<\/div>\r\n\t\t\t\t<\/div>\r\n\r\n\t\t\t\t\t\t\r\n\t\t\t\t<div class=\"slideshow_slide slideshow_slide_image\">\r\n\t\t\t\t\t\t\t\t\t\t\t<img src=\"https:\/\/agora.xtec.cat\/insaferrer\/wp-content\/uploads\/usu2510\/2023\/06\/Retratistes-del-barri-1ESO-22-23-exhibicio\u03015.jpg\" alt=\"Retratistes del barri 1ESO 22-23 (exhibicio\u0301)5\" width=\"960\" height=\"1280\" \/>\r\n\t\t\t\t\t\t\t\t\t\t<div class=\"slideshow_description_box slideshow_transparent\">\r\n\t\t\t\t\t\t<div class=\"slideshow_title\">Retratistes del barri 1ESO 22-23 (exhibicio\u0301)5<\/div>\t\t\t\t\t\t\t\t\t\t\t<\/div>\r\n\t\t\t\t<\/div>\r\n\r\n\t\t\t\t\t\t<div style=\"clear: both;\"><\/div><\/div><div class=\"slideshow_view\">\r\n\t\t\t\t<div class=\"slideshow_slide slideshow_slide_image\">\r\n\t\t\t\t\t\t\t\t\t\t\t<img src=\"https:\/\/agora.xtec.cat\/insaferrer\/wp-content\/uploads\/usu2510\/2023\/06\/Retratistes-del-barri-1ESO-22-23-exhibicio\u03014.jpg\" alt=\"Retratistes del barri 1ESO 22-23 (exhibicio\u0301)4\" width=\"1280\" height=\"960\" \/>\r\n\t\t\t\t\t\t\t\t\t\t<div class=\"slideshow_description_box slideshow_transparent\">\r\n\t\t\t\t\t\t<div class=\"slideshow_title\">Retratistes del barri 1ESO 22-23 (exhibicio\u0301)4<\/div>\t\t\t\t\t\t\t\t\t\t\t<\/div>\r\n\t\t\t\t<\/div>\r\n\r\n\t\t\t\t\t\t\r\n\t\t\t\t<div class=\"slideshow_slide slideshow_slide_image\">\r\n\t\t\t\t\t\t\t\t\t\t\t<img src=\"https:\/\/agora.xtec.cat\/insaferrer\/wp-content\/uploads\/usu2510\/2023\/06\/Retratistes-del-barri-1ESO-22-23-exhibicio\u03013.jpg\" alt=\"Retratistes del barri 1ESO 22-23 (exhibicio\u0301)3\" width=\"960\" height=\"1280\" \/>\r\n\t\t\t\t\t\t\t\t\t\t<div class=\"slideshow_description_box slideshow_transparent\">\r\n\t\t\t\t\t\t<div class=\"slideshow_title\">Retratistes del barri 1ESO 22-23 (exhibicio\u0301)3<\/div>\t\t\t\t\t\t\t\t\t\t\t<\/div>\r\n\t\t\t\t<\/div>\r\n\r\n\t\t\t\t\t\t<div style=\"clear: both;\"><\/div><\/div><div class=\"slideshow_view\">\r\n\t\t\t\t<div class=\"slideshow_slide slideshow_slide_image\">\r\n\t\t\t\t\t\t\t\t\t\t\t<img src=\"https:\/\/agora.xtec.cat\/insaferrer\/wp-content\/uploads\/usu2510\/2023\/06\/Retratistes-del-barri-1ESO-22-23-exhibicio\u03012.jpg\" alt=\"Retratistes del barri 1ESO 22-23 (exhibicio\u0301)2\" width=\"960\" height=\"1280\" \/>\r\n\t\t\t\t\t\t\t\t\t\t<div class=\"slideshow_description_box slideshow_transparent\">\r\n\t\t\t\t\t\t<div class=\"slideshow_title\">Retratistes del barri 1ESO 22-23 (exhibicio\u0301)2<\/div>\t\t\t\t\t\t\t\t\t\t\t<\/div>\r\n\t\t\t\t<\/div>\r\n\r\n\t\t\t\t\t\t\r\n\t\t\t\t<div class=\"slideshow_slide slideshow_slide_image\">\r\n\t\t\t\t\t\t\t\t\t\t\t<img src=\"https:\/\/agora.xtec.cat\/insaferrer\/wp-content\/uploads\/usu2510\/2023\/06\/Retratistes-del-barri-1ESO-22-23-exhibicio\u03011.jpg\" alt=\"Retratistes del barri 1ESO 22-23 (exhibicio\u0301)1\" width=\"1280\" height=\"960\" \/>\r\n\t\t\t\t\t\t\t\t\t\t<div class=\"slideshow_description_box slideshow_transparent\">\r\n\t\t\t\t\t\t<div class=\"slideshow_title\">Retratistes del barri 1ESO 22-23 (exhibicio\u0301)1<\/div>\t\t\t\t\t\t\t\t\t\t\t<\/div>\r\n\t\t\t\t<\/div>\r\n\r\n\t\t\t\t\t\t<div style=\"clear: both;\"><\/div><\/div>\r\n\t\t<\/div>\r\n\r\n\t\t<div class=\"slideshow_controlPanel slideshow_transparent\" style=\"display: none;\"><ul><li class=\"slideshow_togglePlay\" data-play-text=\"Visualitza\" data-pause-text=\"Pausa\"><\/li><\/ul><\/div>\r\n\r\n\t\t<div class=\"slideshow_button slideshow_previous slideshow_transparent\" role=\"button\" data-previous-text=\"Anterior\" style=\"display: none;\"><\/div>\r\n\t\t<div class=\"slideshow_button slideshow_next slideshow_transparent\" role=\"button\" data-next-text=\"Seg\u00fcent\" style=\"display: none;\"><\/div>\r\n\r\n\t\t<div class=\"slideshow_pagination\" style=\"display: none;\" data-go-to-text=\"V\u00e9s a la diapositiva\"><div class=\"slideshow_pagination_center\"><\/div><\/div>\r\n\r\n\t\t<!-- WordPress Slideshow Version 2.3.1 -->\r\n\r\n\t\t\t<\/div>\r\n\r\n\n<p>Us mostrem un exemple de la foto final del grup 6: Niraj, Allison, Max, Zambra, amb la corresponent cartel\u00b7la i el text narratiu:<\/p>\n<p><a href=\"https:\/\/agora.xtec.cat\/insaferrer\/wp-content\/uploads\/usu2510\/2023\/06\/grup-6-paradista-encants-petita-1.jpg\">\u00a0 \u00a0<\/a><a href=\"https:\/\/agora.xtec.cat\/insaferrer\/wp-content\/uploads\/usu2510\/2023\/06\/grup-6-encants-per-fora-gran-1.jpg\"><img loading=\"lazy\" decoding=\"async\" class=\"alignnone wp-image-1738\" src=\"https:\/\/agora.xtec.cat\/insaferrer\/wp-content\/uploads\/usu2510\/2023\/06\/grup-6-encants-per-fora-gran-1-1024x683.jpg\" alt=\"\" width=\"516\" height=\"344\" srcset=\"https:\/\/agora.xtec.cat\/insaferrer\/wp-content\/uploads\/usu2510\/2023\/06\/grup-6-encants-per-fora-gran-1-1024x683.jpg 1024w, https:\/\/agora.xtec.cat\/insaferrer\/wp-content\/uploads\/usu2510\/2023\/06\/grup-6-encants-per-fora-gran-1-300x200.jpg 300w, https:\/\/agora.xtec.cat\/insaferrer\/wp-content\/uploads\/usu2510\/2023\/06\/grup-6-encants-per-fora-gran-1-768x512.jpg 768w, https:\/\/agora.xtec.cat\/insaferrer\/wp-content\/uploads\/usu2510\/2023\/06\/grup-6-encants-per-fora-gran-1.jpg 1280w\" sizes=\"auto, (max-width: 516px) 100vw, 516px\" \/><\/a><a href=\"https:\/\/agora.xtec.cat\/insaferrer\/wp-content\/uploads\/usu2510\/2023\/06\/grup-6-paradista-encants-petita-1.jpg\">\u00a0<\/a> <a href=\"https:\/\/agora.xtec.cat\/insaferrer\/wp-content\/uploads\/usu2510\/2023\/06\/grup-6-paradista-encants-petita-1.jpg\"><img loading=\"lazy\" decoding=\"async\" class=\"alignnone wp-image-1737\" src=\"https:\/\/agora.xtec.cat\/insaferrer\/wp-content\/uploads\/usu2510\/2023\/06\/grup-6-paradista-encants-petita-1-682x1024.jpg\" alt=\"\" width=\"227\" height=\"341\" srcset=\"https:\/\/agora.xtec.cat\/insaferrer\/wp-content\/uploads\/usu2510\/2023\/06\/grup-6-paradista-encants-petita-1-682x1024.jpg 682w, https:\/\/agora.xtec.cat\/insaferrer\/wp-content\/uploads\/usu2510\/2023\/06\/grup-6-paradista-encants-petita-1-200x300.jpg 200w, https:\/\/agora.xtec.cat\/insaferrer\/wp-content\/uploads\/usu2510\/2023\/06\/grup-6-paradista-encants-petita-1-768x1152.jpg 768w, https:\/\/agora.xtec.cat\/insaferrer\/wp-content\/uploads\/usu2510\/2023\/06\/grup-6-paradista-encants-petita-1.jpg 853w\" sizes=\"auto, (max-width: 227px) 100vw, 227px\" \/><\/a><\/p>\n<p>&nbsp;<\/p>\n<p><a href=\"https:\/\/agora.xtec.cat\/insaferrer\/wp-content\/uploads\/usu2510\/2023\/06\/cartela.jpg\"><img loading=\"lazy\" decoding=\"async\" class=\"alignnone  wp-image-1771\" src=\"https:\/\/agora.xtec.cat\/insaferrer\/wp-content\/uploads\/usu2510\/2023\/06\/cartela.jpg\" alt=\"\" width=\"515\" height=\"247\" srcset=\"https:\/\/agora.xtec.cat\/insaferrer\/wp-content\/uploads\/usu2510\/2023\/06\/cartela.jpg 838w, https:\/\/agora.xtec.cat\/insaferrer\/wp-content\/uploads\/usu2510\/2023\/06\/cartela-300x144.jpg 300w, https:\/\/agora.xtec.cat\/insaferrer\/wp-content\/uploads\/usu2510\/2023\/06\/cartela-768x368.jpg 768w\" sizes=\"auto, (max-width: 515px) 100vw, 515px\" \/><\/a><\/p>\n<p><em><b>Un mercat que desapareix<\/b><\/em><\/p>\n<p><em><span style=\"font-weight: 400;\">\u2014Te\u2019n recordes d\u2019aquell dia, un 23 de maig del 2023, quan vam anar nosaltres tres d\u2019excursi\u00f3 al mercat dels Encants? \u2014 vaig preguntar als meus dos amics, emocionat per tornar a veure aquell lloc tan bonic. Feia temps que no hi anava, perqu\u00e8 vaig anar a viure a un altre lloc. Els meus amics ja l&#8217;havien vist m\u00e9s vegades perqu\u00e8 encara vivien all\u00e0, a Barcelona.<\/span><\/em><\/p>\n<p><em><span style=\"font-weight: 400;\">\u2014 Apa s\u00ed!, Aquella excursi\u00f3 que vam fer amb l\u2019institut aquell dia tan assolellat aquell dia tan assolellat. Vam anar d&#8217;excursi\u00f3 per un projecte que f\u00e8iem en el que hav\u00edem de fer fotografies d&#8217;aquest mercat tan especial.\u00a0<\/span><\/em><\/p>\n<p><em><span style=\"font-weight: 400;\">\u2014 I despr\u00e9s vam anar al parc a fer un p\u00edcnic\u2014 va dir un del meu amic Joan<\/span><\/em><\/p>\n<p><em><span style=\"font-weight: 400;\">Nosaltres encara estem al\u00b7lucinant de veure quant ha durat aquell mercat perqu\u00e8 est\u00e0 obert des del 2013, all\u00e0 a les Gl\u00f2ries, tot i que abans ja feien paradetes similars des del 1200. Malgrat que sembli que el mercat est\u00e0 en perfecte estat, no ho est\u00e0. Dels anys que fa que \u00e9s obert, el color s\u2019est\u00e0 esborrant i les parets s&#8217;estan desenganxant. Els ve\u00efns del barri hem demanat que ho restaurin.<\/span><\/em><\/p>\n<p>Finalment, podeu accedir a la <a href=\"https:\/\/www.fotografiaencurs.org\/ca\/content\/retratem-el-barri-0\">nostra exposici\u00f3 virtual<\/a> a trav\u00e9s de la p\u00e0gina de Fotografia en curs.<\/p>\n<p>&nbsp;<\/p>\n","protected":false},"excerpt":{"rendered":"<p>El 3r trimestre l&#8217;alumnat de 1r d&#8217;ESO dins l&#8217;\u00e0mbit Social-Human\u00edstic ha realitzat el projecte &#8220;Retratem el barri&#8221; en el marc de Fotografia en curs. El projecte ens ha perm\u00e8s con\u00e8ixer el barri Fort Pienc a trav\u00e9s de la fotografia.<br \/>\nVam iniciar el projecte amb la visita&hellip;  <a href=\"https:\/\/agora.xtec.cat\/insaferrer\/eso\/retratem-el-barri\/\" title=\"Read Retratem el barri\">Llegeix m\u00e9s\u00bb<\/a><\/p>\n","protected":false},"author":1,"featured_media":1721,"comment_status":"closed","ping_status":"closed","sticky":false,"template":"","format":"standard","meta":{"_bbp_topic_count":0,"_bbp_reply_count":0,"_bbp_total_topic_count":0,"_bbp_total_reply_count":0,"_bbp_voice_count":0,"_bbp_anonymous_reply_count":0,"_bbp_topic_count_hidden":0,"_bbp_reply_count_hidden":0,"_bbp_forum_subforum_count":0,"footnotes":""},"categories":[124,3,4,29],"tags":[107,111,119,144],"class_list":["post-1694","post","type-post","status-publish","format-standard","has-post-thumbnail","hentry","category-alumnat","category-eso","category-eso-1","category-portada","tag-1r-eso","tag-alumnat","tag-projecte-dambit","tag-retratem-el-barri"],"post_mailing_queue_ids":[],"_links":{"self":[{"href":"https:\/\/agora.xtec.cat\/insaferrer\/wp-json\/wp\/v2\/posts\/1694","targetHints":{"allow":["GET"]}}],"collection":[{"href":"https:\/\/agora.xtec.cat\/insaferrer\/wp-json\/wp\/v2\/posts"}],"about":[{"href":"https:\/\/agora.xtec.cat\/insaferrer\/wp-json\/wp\/v2\/types\/post"}],"author":[{"embeddable":true,"href":"https:\/\/agora.xtec.cat\/insaferrer\/wp-json\/wp\/v2\/users\/1"}],"replies":[{"embeddable":true,"href":"https:\/\/agora.xtec.cat\/insaferrer\/wp-json\/wp\/v2\/comments?post=1694"}],"version-history":[{"count":5,"href":"https:\/\/agora.xtec.cat\/insaferrer\/wp-json\/wp\/v2\/posts\/1694\/revisions"}],"predecessor-version":[{"id":1772,"href":"https:\/\/agora.xtec.cat\/insaferrer\/wp-json\/wp\/v2\/posts\/1694\/revisions\/1772"}],"wp:featuredmedia":[{"embeddable":true,"href":"https:\/\/agora.xtec.cat\/insaferrer\/wp-json\/wp\/v2\/media\/1721"}],"wp:attachment":[{"href":"https:\/\/agora.xtec.cat\/insaferrer\/wp-json\/wp\/v2\/media?parent=1694"}],"wp:term":[{"taxonomy":"category","embeddable":true,"href":"https:\/\/agora.xtec.cat\/insaferrer\/wp-json\/wp\/v2\/categories?post=1694"},{"taxonomy":"post_tag","embeddable":true,"href":"https:\/\/agora.xtec.cat\/insaferrer\/wp-json\/wp\/v2\/tags?post=1694"}],"curies":[{"name":"wp","href":"https:\/\/api.w.org\/{rel}","templated":true}]}}