{"id":1671,"date":"2023-06-14T08:08:07","date_gmt":"2023-06-14T06:08:07","guid":{"rendered":"https:\/\/agora.xtec.cat\/insaferrer\/?p=1671"},"modified":"2023-06-14T23:58:25","modified_gmt":"2023-06-14T21:58:25","slug":"estrena-del-documental-una-historia-que-comenca","status":"publish","type":"post","link":"https:\/\/agora.xtec.cat\/insaferrer\/general\/estrena-del-documental-una-historia-que-comenca\/","title":{"rendered":"Estrena del documental &#8220;Una hist\u00f2ria que comen\u00e7a&#8221;"},"content":{"rendered":"<p>En el marc del projecte Cinema en curs, aquest any l&#8217;alumnat de 1r i 2n d&#8217;ESO hem realitzat el documental &#8220;Una hist\u00f2ria que comen\u00e7a&#8221;. Un film que retrata els inicis del nostre institut, els primers nois i noies, el nom de l&#8217;institut, les lluites ve\u00efnals per la construcci\u00f3 de l&#8217;institut, les persones que l&#8217;habitem, les il\u00b7lusions&#8230;<\/p>\n<p>Un proc\u00e9s de creaci\u00f3 de dos trimestres que hem realitzat amb l&#8217;acompanyament de la cineasta Ver\u00f3nica Font.<\/p>\n<p>Podeu consultar el proc\u00e9s de creaci\u00f3 al <a href=\"https:\/\/www.cinemaencurs.org\/ca\/diari-dels-tallers?centers_from_land_50%5B7246%5D=7246\">Diari del tallers.<\/a><\/p>\n<p>El passat 1 de juny vam estrenar el film a la Filmoteca de Catalunya juntament amb altres centres participants, <strong>dijous 15 a les 18 h<\/strong> estrenem el film al <a href=\"https:\/\/ajuntament.barcelona.cat\/ccivics\/parcsandaru\/p\/53345\/institut-angeleta-ferrer-presenta-una-historia-que-comena\">centre c\u00edvic Parc Sandaru<\/a>. Una projecci\u00f3 oberta a les fam\u00edlies i al p\u00fablic.<\/p>\n<p><a href=\"https:\/\/agora.xtec.cat\/insaferrer\/wp-content\/uploads\/usu2510\/2023\/06\/Cartell_Cinema-en-curs_2023-scaled.jpg\"><img loading=\"lazy\" decoding=\"async\" class=\"alignnone size-large wp-image-1672\" src=\"https:\/\/agora.xtec.cat\/insaferrer\/wp-content\/uploads\/usu2510\/2023\/06\/Cartell_Cinema-en-curs_2023-724x1024.jpg\" alt=\"\" width=\"724\" height=\"1024\" srcset=\"https:\/\/agora.xtec.cat\/insaferrer\/wp-content\/uploads\/usu2510\/2023\/06\/Cartell_Cinema-en-curs_2023-724x1024.jpg 724w, https:\/\/agora.xtec.cat\/insaferrer\/wp-content\/uploads\/usu2510\/2023\/06\/Cartell_Cinema-en-curs_2023-212x300.jpg 212w, https:\/\/agora.xtec.cat\/insaferrer\/wp-content\/uploads\/usu2510\/2023\/06\/Cartell_Cinema-en-curs_2023-768x1086.jpg 768w, https:\/\/agora.xtec.cat\/insaferrer\/wp-content\/uploads\/usu2510\/2023\/06\/Cartell_Cinema-en-curs_2023-1086x1536.jpg 1086w, https:\/\/agora.xtec.cat\/insaferrer\/wp-content\/uploads\/usu2510\/2023\/06\/Cartell_Cinema-en-curs_2023-1448x2048.jpg 1448w, https:\/\/agora.xtec.cat\/insaferrer\/wp-content\/uploads\/usu2510\/2023\/06\/Cartell_Cinema-en-curs_2023-scaled.jpg 1810w\" sizes=\"auto, (max-width: 724px) 100vw, 724px\" \/><\/a><\/p>\n<p>A continuaci\u00f3 podeu veure algunes imatges de l&#8217;estrena a la Filmoteca de Catalunya:<\/p>\n<p>&nbsp;<\/p>\n","protected":false},"excerpt":{"rendered":"<p>En el marc del projecte Cinema en curs, aquest any l&#8217;alumnat de 1r i 2n d&#8217;ESO hem realitzat el documental &#8220;Una hist\u00f2ria que comen\u00e7a&#8221;. Un film que retrata els inicis del nostre institut, els primers nois i noies, el nom de l&#8217;institut, les lluites ve\u00efnals&hellip;  <a href=\"https:\/\/agora.xtec.cat\/insaferrer\/general\/estrena-del-documental-una-historia-que-comenca\/\" title=\"Read Estrena del documental &#8220;Una hist\u00f2ria que comen\u00e7a&#8221;\">Llegeix m\u00e9s\u00bb<\/a><\/p>\n","protected":false},"author":1,"featured_media":1675,"comment_status":"closed","ping_status":"closed","sticky":false,"template":"","format":"standard","meta":{"_bbp_topic_count":0,"_bbp_reply_count":0,"_bbp_total_topic_count":0,"_bbp_total_reply_count":0,"_bbp_voice_count":0,"_bbp_anonymous_reply_count":0,"_bbp_topic_count_hidden":0,"_bbp_reply_count_hidden":0,"_bbp_forum_subforum_count":0,"footnotes":""},"categories":[31,124,3,4,5,1,29],"tags":[107,141,111,108,106],"class_list":["post-1671","post","type-post","status-publish","format-standard","has-post-thumbnail","hentry","category-afa","category-alumnat","category-eso","category-eso-1","category-eso-2","category-general","category-portada","tag-1r-eso","tag-2n-eso","tag-alumnat","tag-angeleta-ferrer","tag-families"],"post_mailing_queue_ids":[],"_links":{"self":[{"href":"https:\/\/agora.xtec.cat\/insaferrer\/wp-json\/wp\/v2\/posts\/1671","targetHints":{"allow":["GET"]}}],"collection":[{"href":"https:\/\/agora.xtec.cat\/insaferrer\/wp-json\/wp\/v2\/posts"}],"about":[{"href":"https:\/\/agora.xtec.cat\/insaferrer\/wp-json\/wp\/v2\/types\/post"}],"author":[{"embeddable":true,"href":"https:\/\/agora.xtec.cat\/insaferrer\/wp-json\/wp\/v2\/users\/1"}],"replies":[{"embeddable":true,"href":"https:\/\/agora.xtec.cat\/insaferrer\/wp-json\/wp\/v2\/comments?post=1671"}],"version-history":[{"count":1,"href":"https:\/\/agora.xtec.cat\/insaferrer\/wp-json\/wp\/v2\/posts\/1671\/revisions"}],"predecessor-version":[{"id":1673,"href":"https:\/\/agora.xtec.cat\/insaferrer\/wp-json\/wp\/v2\/posts\/1671\/revisions\/1673"}],"wp:featuredmedia":[{"embeddable":true,"href":"https:\/\/agora.xtec.cat\/insaferrer\/wp-json\/wp\/v2\/media\/1675"}],"wp:attachment":[{"href":"https:\/\/agora.xtec.cat\/insaferrer\/wp-json\/wp\/v2\/media?parent=1671"}],"wp:term":[{"taxonomy":"category","embeddable":true,"href":"https:\/\/agora.xtec.cat\/insaferrer\/wp-json\/wp\/v2\/categories?post=1671"},{"taxonomy":"post_tag","embeddable":true,"href":"https:\/\/agora.xtec.cat\/insaferrer\/wp-json\/wp\/v2\/tags?post=1671"}],"curies":[{"name":"wp","href":"https:\/\/api.w.org\/{rel}","templated":true}]}}