{"id":1656,"date":"2023-06-09T15:50:44","date_gmt":"2023-06-09T13:50:44","guid":{"rendered":"https:\/\/agora.xtec.cat\/insaferrer\/?p=1656"},"modified":"2023-06-09T15:51:14","modified_gmt":"2023-06-09T13:51:14","slug":"publicacio-de-loferta-definitiva-de-places","status":"publish","type":"post","link":"https:\/\/agora.xtec.cat\/insaferrer\/general\/publicacio-de-loferta-definitiva-de-places\/","title":{"rendered":"Publicaci\u00f3 de l&#8217;oferta definitiva de places"},"content":{"rendered":"<p>Publicaci\u00f3 del nombre definitiu de places escolars per centre i curs que \u00e9s el que s&#8217;utilitza per a l&#8217;assignaci\u00f3 de places.<\/p>\n<p><img loading=\"lazy\" decoding=\"async\" class=\"aligncenter size-full wp-image-1657\" src=\"https:\/\/agora.xtec.cat\/insaferrer\/wp-content\/uploads\/usu2510\/2023\/06\/oferta-definitiva-Angeleta-Ferrer-Barcelona.png\" alt=\"Oferta definitiva\" width=\"804\" height=\"174\" srcset=\"https:\/\/agora.xtec.cat\/insaferrer\/wp-content\/uploads\/usu2510\/2023\/06\/oferta-definitiva-Angeleta-Ferrer-Barcelona.png 804w, https:\/\/agora.xtec.cat\/insaferrer\/wp-content\/uploads\/usu2510\/2023\/06\/oferta-definitiva-Angeleta-Ferrer-Barcelona-300x65.png 300w, https:\/\/agora.xtec.cat\/insaferrer\/wp-content\/uploads\/usu2510\/2023\/06\/oferta-definitiva-Angeleta-Ferrer-Barcelona-768x166.png 768w\" sizes=\"auto, (max-width: 804px) 100vw, 804px\" \/><\/p>\n<p>Els alumnes admesos al centre s\u00f3n informats per l&#8217;administraci\u00f3 p\u00fablica a partir del 12 de juny.<\/p>\n<p>Es publicar\u00e0 la llista d&#8217;alumnes admesos al centre i tamb\u00e9 la llista d&#8217;espera quan siguin comunicats a la direcci\u00f3 del centre.<\/p>\n","protected":false},"excerpt":{"rendered":"<p>Publicaci\u00f3 del nombre definitiu de places escolars per centre i curs que \u00e9s el que s&#8217;utilitza per a l&#8217;assignaci\u00f3 de places.<\/p>\n<p>Els alumnes admesos al centre s\u00f3n informats per l&#8217;administraci\u00f3 p\u00fablica a partir del 12 de juny.<br \/>\nEs publicar\u00e0 la llista d&#8217;alumnes admesos al centre i tamb\u00e9&hellip;  <a href=\"https:\/\/agora.xtec.cat\/insaferrer\/general\/publicacio-de-loferta-definitiva-de-places\/\" title=\"Read Publicaci\u00f3 de l&#8217;oferta definitiva de places\">Llegeix m\u00e9s\u00bb<\/a><\/p>\n","protected":false},"author":1,"featured_media":1641,"comment_status":"closed","ping_status":"closed","sticky":false,"template":"","format":"standard","meta":{"_bbp_topic_count":0,"_bbp_reply_count":0,"_bbp_total_topic_count":0,"_bbp_total_reply_count":0,"_bbp_voice_count":0,"_bbp_anonymous_reply_count":0,"_bbp_topic_count_hidden":0,"_bbp_reply_count_hidden":0,"_bbp_forum_subforum_count":0,"footnotes":""},"categories":[3,1,29],"tags":[133,105],"class_list":["post-1656","post","type-post","status-publish","format-standard","has-post-thumbnail","hentry","category-eso","category-general","category-portada","tag-matricula","tag-preinscripcio"],"post_mailing_queue_ids":[],"_links":{"self":[{"href":"https:\/\/agora.xtec.cat\/insaferrer\/wp-json\/wp\/v2\/posts\/1656","targetHints":{"allow":["GET"]}}],"collection":[{"href":"https:\/\/agora.xtec.cat\/insaferrer\/wp-json\/wp\/v2\/posts"}],"about":[{"href":"https:\/\/agora.xtec.cat\/insaferrer\/wp-json\/wp\/v2\/types\/post"}],"author":[{"embeddable":true,"href":"https:\/\/agora.xtec.cat\/insaferrer\/wp-json\/wp\/v2\/users\/1"}],"replies":[{"embeddable":true,"href":"https:\/\/agora.xtec.cat\/insaferrer\/wp-json\/wp\/v2\/comments?post=1656"}],"version-history":[{"count":1,"href":"https:\/\/agora.xtec.cat\/insaferrer\/wp-json\/wp\/v2\/posts\/1656\/revisions"}],"predecessor-version":[{"id":1658,"href":"https:\/\/agora.xtec.cat\/insaferrer\/wp-json\/wp\/v2\/posts\/1656\/revisions\/1658"}],"wp:featuredmedia":[{"embeddable":true,"href":"https:\/\/agora.xtec.cat\/insaferrer\/wp-json\/wp\/v2\/media\/1641"}],"wp:attachment":[{"href":"https:\/\/agora.xtec.cat\/insaferrer\/wp-json\/wp\/v2\/media?parent=1656"}],"wp:term":[{"taxonomy":"category","embeddable":true,"href":"https:\/\/agora.xtec.cat\/insaferrer\/wp-json\/wp\/v2\/categories?post=1656"},{"taxonomy":"post_tag","embeddable":true,"href":"https:\/\/agora.xtec.cat\/insaferrer\/wp-json\/wp\/v2\/tags?post=1656"}],"curies":[{"name":"wp","href":"https:\/\/api.w.org\/{rel}","templated":true}]}}