{"id":1649,"date":"2023-05-12T09:52:17","date_gmt":"2023-05-12T07:52:17","guid":{"rendered":"https:\/\/agora.xtec.cat\/insaferrer\/?p=1649"},"modified":"2023-06-09T15:51:55","modified_gmt":"2023-06-09T13:51:55","slug":"llista-de-sollicituds-baremada","status":"publish","type":"post","link":"https:\/\/agora.xtec.cat\/insaferrer\/general\/llista-de-sollicituds-baremada\/","title":{"rendered":"Llista de sol\u00b7licituds baremada a l\u2019Angeleta Ferrer"},"content":{"rendered":"<p>La llista recull l&#8217;ordre en qu\u00e8 s&#8217;assignaran les places segons els criteris de prioritat i el no de desempat. Amb aquesta llista, les fam\u00edlies poden fer-se una idea sobre si obtindran pla\u00e7a en el centre de 1a petici\u00f3.<\/p>\n<p>Tingueu en compte, per\u00f2, que caldr\u00e0 esperar la llista d&#8217;admesos per saber si finalment s\u2019ha fet l\u2019assignaci\u00f3 en el centre de 1a opci\u00f3 o en un centre diferent del primer, doncs resta pendent l&#8217;assignaci\u00f3 de places de reserva per a l&#8217;alumnat NEE i aix\u00f2 podria tenir afectaci\u00f3 en l&#8217;oferta final. El centre no t\u00e9 cap intervenci\u00f3 en aquest proc\u00e9s, que dep\u00e8n de l&#8217;administraci\u00f3 educativa.<\/p>\n<h4 style=\"text-align: center;\">Publicaci\u00f3 de la llista de sol\u00b7licituds que han demanat el centre i l&#8217;ensenyament en primera petici\u00f3 ordenada<br \/>\n<a href=\"https:\/\/agora.xtec.cat\/insaferrer\/wp-content\/uploads\/usu2510\/2023\/05\/Institut-Angeleta-Ferrer-20230511-BAREM_DEFINITIU-ESO.pdf\">Institut Angeleta Ferrer &#8211; 20230511 BAREM_DEFINITIU ESO<\/a><\/h4>\n<p>&nbsp;<\/p>\n","protected":false},"excerpt":{"rendered":"<p>La llista recull l&#8217;ordre en qu\u00e8 s&#8217;assignaran les places segons els criteris de prioritat i el no de desempat. Amb aquesta llista, les fam\u00edlies poden fer-se una idea sobre si obtindran pla\u00e7a en el centre de 1a petici\u00f3.<br \/>\nTingueu en compte, per\u00f2, que caldr\u00e0 esperar la&hellip;  <a href=\"https:\/\/agora.xtec.cat\/insaferrer\/general\/llista-de-sollicituds-baremada\/\" title=\"Read Llista de sol\u00b7licituds baremada a l\u2019Angeleta Ferrer\">Llegeix m\u00e9s\u00bb<\/a><\/p>\n","protected":false},"author":1,"featured_media":1641,"comment_status":"closed","ping_status":"closed","sticky":false,"template":"","format":"standard","meta":{"_bbp_topic_count":0,"_bbp_reply_count":0,"_bbp_total_topic_count":0,"_bbp_total_reply_count":0,"_bbp_voice_count":0,"_bbp_anonymous_reply_count":0,"_bbp_topic_count_hidden":0,"_bbp_reply_count_hidden":0,"_bbp_forum_subforum_count":0,"footnotes":""},"categories":[3,1],"tags":[133,105],"class_list":["post-1649","post","type-post","status-publish","format-standard","has-post-thumbnail","hentry","category-eso","category-general","tag-matricula","tag-preinscripcio"],"post_mailing_queue_ids":[],"_links":{"self":[{"href":"https:\/\/agora.xtec.cat\/insaferrer\/wp-json\/wp\/v2\/posts\/1649","targetHints":{"allow":["GET"]}}],"collection":[{"href":"https:\/\/agora.xtec.cat\/insaferrer\/wp-json\/wp\/v2\/posts"}],"about":[{"href":"https:\/\/agora.xtec.cat\/insaferrer\/wp-json\/wp\/v2\/types\/post"}],"author":[{"embeddable":true,"href":"https:\/\/agora.xtec.cat\/insaferrer\/wp-json\/wp\/v2\/users\/1"}],"replies":[{"embeddable":true,"href":"https:\/\/agora.xtec.cat\/insaferrer\/wp-json\/wp\/v2\/comments?post=1649"}],"version-history":[{"count":2,"href":"https:\/\/agora.xtec.cat\/insaferrer\/wp-json\/wp\/v2\/posts\/1649\/revisions"}],"predecessor-version":[{"id":1653,"href":"https:\/\/agora.xtec.cat\/insaferrer\/wp-json\/wp\/v2\/posts\/1649\/revisions\/1653"}],"wp:featuredmedia":[{"embeddable":true,"href":"https:\/\/agora.xtec.cat\/insaferrer\/wp-json\/wp\/v2\/media\/1641"}],"wp:attachment":[{"href":"https:\/\/agora.xtec.cat\/insaferrer\/wp-json\/wp\/v2\/media?parent=1649"}],"wp:term":[{"taxonomy":"category","embeddable":true,"href":"https:\/\/agora.xtec.cat\/insaferrer\/wp-json\/wp\/v2\/categories?post=1649"},{"taxonomy":"post_tag","embeddable":true,"href":"https:\/\/agora.xtec.cat\/insaferrer\/wp-json\/wp\/v2\/tags?post=1649"}],"curies":[{"name":"wp","href":"https:\/\/api.w.org\/{rel}","templated":true}]}}