{"id":1596,"date":"2023-04-11T15:51:45","date_gmt":"2023-04-11T13:51:45","guid":{"rendered":"https:\/\/agora.xtec.cat\/insaferrer\/?p=1596"},"modified":"2023-04-11T15:51:45","modified_gmt":"2023-04-11T13:51:45","slug":"ja-tenim-dos-murals-al-pati","status":"publish","type":"post","link":"https:\/\/agora.xtec.cat\/insaferrer\/eso\/eso-1\/ja-tenim-dos-murals-al-pati\/","title":{"rendered":"Ja tenim dos murals al pati!"},"content":{"rendered":"<p><span style=\"font-weight: 400;\">El passat 21 de mar\u00e7 va tenir lloc la inauguraci\u00f3 dels dos murals realitzats al pati gr\u00e0cies al suport del programa Enginy del Consorci d\u2019Educaci\u00f3 de Barcelona.<\/span><\/p>\n<p><span style=\"font-weight: 400;\">Aquesta inauguraci\u00f3 va ser la culminaci\u00f3 d\u2019un proc\u00e9s col\u00b7lectiu de creaci\u00f3 que ha durat tot el segon trimestre i que ha estat realitzat per l\u2019alumnat del Treball pel col\u00b7lectiu \u201cEls nostres espais\u201d amb l\u2019acompanyament dels artistes Let\u00edcia Rodr\u00edguez i Xavi Sert.<\/span><\/p>\n<p><span style=\"font-weight: 400;\">La tem\u00e0tica dels murals va partir de les inquietuds dels nois i noies que finalment van consensuar realitzar-ne un de centrat en l\u2019Adolesc\u00e8ncia i un altre que represent\u00e9s la controv\u00e8rsia entre Natura i Tecnologia, dos temes que preocupen els adolescents d\u2019avui en dia.<\/span><\/p>\n<p><a href=\"https:\/\/agora.xtec.cat\/insaferrer\/wp-content\/uploads\/usu2510\/2023\/04\/IMG_20230209_130839-scaled.jpg\"><img loading=\"lazy\" decoding=\"async\" class=\"wp-image-1597 alignleft\" src=\"https:\/\/agora.xtec.cat\/insaferrer\/wp-content\/uploads\/usu2510\/2023\/04\/IMG_20230209_130839-1024x768.jpg\" alt=\"\" width=\"385\" height=\"289\" srcset=\"https:\/\/agora.xtec.cat\/insaferrer\/wp-content\/uploads\/usu2510\/2023\/04\/IMG_20230209_130839-1024x768.jpg 1024w, https:\/\/agora.xtec.cat\/insaferrer\/wp-content\/uploads\/usu2510\/2023\/04\/IMG_20230209_130839-300x225.jpg 300w, https:\/\/agora.xtec.cat\/insaferrer\/wp-content\/uploads\/usu2510\/2023\/04\/IMG_20230209_130839-768x576.jpg 768w, https:\/\/agora.xtec.cat\/insaferrer\/wp-content\/uploads\/usu2510\/2023\/04\/IMG_20230209_130839-1536x1152.jpg 1536w, https:\/\/agora.xtec.cat\/insaferrer\/wp-content\/uploads\/usu2510\/2023\/04\/IMG_20230209_130839-2048x1536.jpg 2048w, https:\/\/agora.xtec.cat\/insaferrer\/wp-content\/uploads\/usu2510\/2023\/04\/IMG_20230209_130839-200x150.jpg 200w\" sizes=\"auto, (max-width: 385px) 100vw, 385px\" \/><\/a> <a href=\"https:\/\/agora.xtec.cat\/insaferrer\/wp-content\/uploads\/usu2510\/2023\/04\/IMG_20230216_130744-scaled.jpg\"><img loading=\"lazy\" decoding=\"async\" class=\"alignnone  wp-image-1598\" src=\"https:\/\/agora.xtec.cat\/insaferrer\/wp-content\/uploads\/usu2510\/2023\/04\/IMG_20230216_130744-1024x768.jpg\" alt=\"\" width=\"395\" height=\"296\" srcset=\"https:\/\/agora.xtec.cat\/insaferrer\/wp-content\/uploads\/usu2510\/2023\/04\/IMG_20230216_130744-1024x768.jpg 1024w, https:\/\/agora.xtec.cat\/insaferrer\/wp-content\/uploads\/usu2510\/2023\/04\/IMG_20230216_130744-300x225.jpg 300w, https:\/\/agora.xtec.cat\/insaferrer\/wp-content\/uploads\/usu2510\/2023\/04\/IMG_20230216_130744-768x576.jpg 768w, https:\/\/agora.xtec.cat\/insaferrer\/wp-content\/uploads\/usu2510\/2023\/04\/IMG_20230216_130744-1536x1152.jpg 1536w, https:\/\/agora.xtec.cat\/insaferrer\/wp-content\/uploads\/usu2510\/2023\/04\/IMG_20230216_130744-2048x1536.jpg 2048w, https:\/\/agora.xtec.cat\/insaferrer\/wp-content\/uploads\/usu2510\/2023\/04\/IMG_20230216_130744-200x150.jpg 200w\" sizes=\"auto, (max-width: 395px) 100vw, 395px\" \/><\/a><\/p>\n<p><em><span style=\"font-weight: 400;\">Proc\u00e9s de creaci\u00f3 de la composici\u00f3 final dels dos murals.<\/span><\/em><\/p>\n<p><span style=\"font-weight: 400;\">Un cop decidida la tem\u00e0tica, cada alumne va realitzar dibuixos individuals que a poc a poc, i a trav\u00e9s d\u2019un proc\u00e9s de discussi\u00f3 i di\u00e0leg entre ells, van confluir en petites composicions que, finalment es van unir en una gran composici\u00f3-mural amb un eix narratiu.<\/span><\/p>\n<p><span style=\"font-weight: 400;\">A trav\u00e9s de la creaci\u00f3 dels murals l\u2019alumnat ha apr\u00e8s t\u00e8cniques de dibuix i pintura, teoria del color, estils art\u00edstics\u2026, per\u00f2 tamb\u00e9 valors i actituds tan importants com l\u2019escolta, el consens, la inclusi\u00f3 i la cooperaci\u00f3.<\/span><\/p>\n<p><span style=\"font-weight: 400;\">Els dos murals s\u2019han complementat amb un cartell explicatiu amb un petit text que tamb\u00e9 inclou un codi QR que porta a una composici\u00f3 musical creada per alguns alumnes i inspirada en el mural.\u00a0<\/span><\/p>\n<p><a href=\"https:\/\/agora.xtec.cat\/insaferrer\/wp-content\/uploads\/usu2510\/2023\/04\/DSC01668.jpg\"><img loading=\"lazy\" decoding=\"async\" class=\"alignnone  wp-image-1599\" src=\"https:\/\/agora.xtec.cat\/insaferrer\/wp-content\/uploads\/usu2510\/2023\/04\/DSC01668-1024x577.jpg\" alt=\"\" width=\"419\" height=\"236\" srcset=\"https:\/\/agora.xtec.cat\/insaferrer\/wp-content\/uploads\/usu2510\/2023\/04\/DSC01668-1024x577.jpg 1024w, https:\/\/agora.xtec.cat\/insaferrer\/wp-content\/uploads\/usu2510\/2023\/04\/DSC01668-300x169.jpg 300w, https:\/\/agora.xtec.cat\/insaferrer\/wp-content\/uploads\/usu2510\/2023\/04\/DSC01668-768x433.jpg 768w, https:\/\/agora.xtec.cat\/insaferrer\/wp-content\/uploads\/usu2510\/2023\/04\/DSC01668.jpg 1280w\" sizes=\"auto, (max-width: 419px) 100vw, 419px\" \/><\/a> <a href=\"https:\/\/agora.xtec.cat\/insaferrer\/wp-content\/uploads\/usu2510\/2023\/04\/DSC01663.jpg\"><img loading=\"lazy\" decoding=\"async\" class=\"alignnone  wp-image-1600\" src=\"https:\/\/agora.xtec.cat\/insaferrer\/wp-content\/uploads\/usu2510\/2023\/04\/DSC01663-1024x577.jpg\" alt=\"\" width=\"416\" height=\"234\" srcset=\"https:\/\/agora.xtec.cat\/insaferrer\/wp-content\/uploads\/usu2510\/2023\/04\/DSC01663-1024x577.jpg 1024w, https:\/\/agora.xtec.cat\/insaferrer\/wp-content\/uploads\/usu2510\/2023\/04\/DSC01663-300x169.jpg 300w, https:\/\/agora.xtec.cat\/insaferrer\/wp-content\/uploads\/usu2510\/2023\/04\/DSC01663-768x433.jpg 768w, https:\/\/agora.xtec.cat\/insaferrer\/wp-content\/uploads\/usu2510\/2023\/04\/DSC01663.jpg 1280w\" sizes=\"auto, (max-width: 416px) 100vw, 416px\" \/><\/a><\/p>\n<p><em><span style=\"font-weight: 400;\">Equips d\u2019alumnes acabant els darrers detalls dels dos murals. A la dreta, el mural sobre l\u2019Adolesc\u00e8ncia acompanyat per la Leti Rodr\u00edguez, i a l\u2019esquerra el mural titulat \u201cNatura vs Tecnologia\u201d coordinat per en Xavi Sert. <\/span><\/em><\/p>\n<p><span style=\"font-weight: 400;\">Us convidem, doncs, a contemplar aquestes obres col\u00b7lectives quan vingueu al nostre centre i a gaudir de la m\u00fasica i textos que trobareu als cartells.\u00a0<\/span><\/p>\n<p><span style=\"font-weight: 400;\">No volem acabar sense agrair de forma especial en Xavier Sert i la Leticia Rodr\u00edguez, els artistes que han guiat i acompanyat tot el proc\u00e9s de creaci\u00f3 i realitzaci\u00f3 dels murals, per la seva manera de ser i fer, buscant sempre el consens i el di\u00e0leg, escoltant tots els nois i noies i integrant totes les seves aportacions. Un plaer poder comptar amb tots dos!<\/span><\/p>\n<p><span style=\"font-weight: 400;\">Els dos murals s\u2019han complementat amb un cartell explicatiu amb un petit text que tamb\u00e9 inclou un codi QR que porta a una composici\u00f3 musical creada per alguns alumnes i inspirada en el mural.\u00a0<\/span><\/p>\n<p><a href=\"https:\/\/agora.xtec.cat\/insaferrer\/wp-content\/uploads\/usu2510\/2023\/04\/CEB_logo_blau-768x224-1.png\"><img loading=\"lazy\" decoding=\"async\" class=\"alignnone  wp-image-1601\" src=\"https:\/\/agora.xtec.cat\/insaferrer\/wp-content\/uploads\/usu2510\/2023\/04\/CEB_logo_blau-768x224-1.png\" alt=\"\" width=\"123\" height=\"36\" srcset=\"https:\/\/agora.xtec.cat\/insaferrer\/wp-content\/uploads\/usu2510\/2023\/04\/CEB_logo_blau-768x224-1.png 768w, https:\/\/agora.xtec.cat\/insaferrer\/wp-content\/uploads\/usu2510\/2023\/04\/CEB_logo_blau-768x224-1-300x88.png 300w\" sizes=\"auto, (max-width: 123px) 100vw, 123px\" \/><\/a><\/p>\n","protected":false},"excerpt":{"rendered":"<p>El passat 21 de mar\u00e7 va tenir lloc la inauguraci\u00f3 dels dos murals realitzats al pati gr\u00e0cies al suport del programa Enginy del Consorci d\u2019Educaci\u00f3 de Barcelona.<br \/>\nAquesta inauguraci\u00f3 va ser la culminaci\u00f3 d\u2019un proc\u00e9s col\u00b7lectiu de creaci\u00f3 que ha durat tot el segon trimestre i&hellip;  <a href=\"https:\/\/agora.xtec.cat\/insaferrer\/eso\/eso-1\/ja-tenim-dos-murals-al-pati\/\" title=\"Read Ja tenim dos murals al pati!\">Llegeix m\u00e9s\u00bb<\/a><\/p>\n","protected":false},"author":1,"featured_media":1600,"comment_status":"closed","ping_status":"closed","sticky":false,"template":"","format":"standard","meta":{"_bbp_topic_count":0,"_bbp_reply_count":0,"_bbp_total_topic_count":0,"_bbp_total_reply_count":0,"_bbp_voice_count":0,"_bbp_anonymous_reply_count":0,"_bbp_topic_count_hidden":0,"_bbp_reply_count_hidden":0,"_bbp_forum_subforum_count":0,"footnotes":""},"categories":[4,5,29],"tags":[107,141,111,136,143],"class_list":["post-1596","post","type-post","status-publish","format-standard","has-post-thumbnail","hentry","category-eso-1","category-eso-2","category-portada","tag-1r-eso","tag-2n-eso","tag-alumnat","tag-consorci","tag-treball-pel-collectiu"],"post_mailing_queue_ids":[],"_links":{"self":[{"href":"https:\/\/agora.xtec.cat\/insaferrer\/wp-json\/wp\/v2\/posts\/1596","targetHints":{"allow":["GET"]}}],"collection":[{"href":"https:\/\/agora.xtec.cat\/insaferrer\/wp-json\/wp\/v2\/posts"}],"about":[{"href":"https:\/\/agora.xtec.cat\/insaferrer\/wp-json\/wp\/v2\/types\/post"}],"author":[{"embeddable":true,"href":"https:\/\/agora.xtec.cat\/insaferrer\/wp-json\/wp\/v2\/users\/1"}],"replies":[{"embeddable":true,"href":"https:\/\/agora.xtec.cat\/insaferrer\/wp-json\/wp\/v2\/comments?post=1596"}],"version-history":[{"count":1,"href":"https:\/\/agora.xtec.cat\/insaferrer\/wp-json\/wp\/v2\/posts\/1596\/revisions"}],"predecessor-version":[{"id":1602,"href":"https:\/\/agora.xtec.cat\/insaferrer\/wp-json\/wp\/v2\/posts\/1596\/revisions\/1602"}],"wp:featuredmedia":[{"embeddable":true,"href":"https:\/\/agora.xtec.cat\/insaferrer\/wp-json\/wp\/v2\/media\/1600"}],"wp:attachment":[{"href":"https:\/\/agora.xtec.cat\/insaferrer\/wp-json\/wp\/v2\/media?parent=1596"}],"wp:term":[{"taxonomy":"category","embeddable":true,"href":"https:\/\/agora.xtec.cat\/insaferrer\/wp-json\/wp\/v2\/categories?post=1596"},{"taxonomy":"post_tag","embeddable":true,"href":"https:\/\/agora.xtec.cat\/insaferrer\/wp-json\/wp\/v2\/tags?post=1596"}],"curies":[{"name":"wp","href":"https:\/\/api.w.org\/{rel}","templated":true}]}}