{"id":1589,"date":"2023-04-05T15:34:06","date_gmt":"2023-04-05T13:34:06","guid":{"rendered":"https:\/\/agora.xtec.cat\/insaferrer\/?p=1589"},"modified":"2023-04-07T12:52:39","modified_gmt":"2023-04-07T10:52:39","slug":"lalumnat-de-1r-sendinsa-a-la-recerca-amb-el-bist","status":"publish","type":"post","link":"https:\/\/agora.xtec.cat\/insaferrer\/general\/lalumnat-de-1r-sendinsa-a-la-recerca-amb-el-bist\/","title":{"rendered":"L\u2019alumnat de 1r s\u2019endinsa a la recerca amb el BIST"},"content":{"rendered":"<p>El passat 22 de mar\u00e7 l\u2019alumnat de 1r d\u2019ESO va fer l\u2019exhibici\u00f3 p\u00fablica del projecte STEAM del 2n Trimestre, \u201cEns endinsem en la recerca amb el BIST\u201d.<\/p>\n<figure class=\"figure wp-caption aligncenter\"><img loading=\"lazy\" decoding=\"async\" class=\"size-full wp-image-1590\" src=\"https:\/\/agora.xtec.cat\/insaferrer\/wp-content\/uploads\/usu2510\/2023\/04\/Un-grup-dalumnes-presentant-a-les-families-el-seu-experiment-i-poster-cientific.jpg\" alt=\"\" width=\"871\" height=\"534\" srcset=\"https:\/\/agora.xtec.cat\/insaferrer\/wp-content\/uploads\/usu2510\/2023\/04\/Un-grup-dalumnes-presentant-a-les-families-el-seu-experiment-i-poster-cientific.jpg 871w, https:\/\/agora.xtec.cat\/insaferrer\/wp-content\/uploads\/usu2510\/2023\/04\/Un-grup-dalumnes-presentant-a-les-families-el-seu-experiment-i-poster-cientific-300x184.jpg 300w, https:\/\/agora.xtec.cat\/insaferrer\/wp-content\/uploads\/usu2510\/2023\/04\/Un-grup-dalumnes-presentant-a-les-families-el-seu-experiment-i-poster-cientific-768x471.jpg 768w\" sizes=\"auto, (max-width: 871px) 100vw, 871px\" \/><figcaption class=\"wp-caption-text\">Un grup d\u2019alumnes presentant a les fam\u00edlies el seu experiment i p\u00f2ster cient\u00edfic.<\/figcaption><\/figure>\n<p>&nbsp;<\/p>\n<p>Aquesta exhibici\u00f3 va ser una celebraci\u00f3 i una oportunitat per mostrar i compartir alguns dels aprenentatges que l\u2019alumnat ha fet al llarg dels darrers 3 mesos dins de l\u2019\u00e0mbit STEAM. En particular i tal com diu el t\u00edtol del projecte, els nois i les noies de 1r s\u2019han endinsat en el m\u00f3n de la recerca i aix\u00f2 vol dir que han conegut com es treballa en centres de recerca d\u2019excel\u00b7l\u00e8ncia del nostre pa\u00eds com s\u00f3n l\u2019IBEC, l\u2019IFAE i l\u2019IRB, aix\u00ed com tamb\u00e9 han experimentat qu\u00e8 vol dir fer recerca en la seva pr\u00f2pia pell tot convertint-se en investigadors\/es per uns dies. A m\u00e9s de con\u00e8ixer qu\u00e8 vol dir fer recerca, haver-la fet i haver conegut les recerques de determinats investigadors\/es tamb\u00e9 han apr\u00e8s com aquestes recerques es comuniquen i en aquest sentit han experimentat qu\u00e8 vol dir fer un p\u00f2ster cient\u00edfic i explicar-lo tal com es fa en congressos i simposis, aix\u00ed com comunicar de manera divulgativa amb l\u2019elaboraci\u00f3 d\u2019un v\u00eddeo.<\/p>\n<p><strong>Aqu\u00ed us deixem un enlla\u00e7 amb els <a href=\"https:\/\/drive.google.com\/drive\/folders\/1I4py-qO3i97igHp52jAAVcnQ8YOiEzvh?usp=share_link\">p\u00f2sters<\/a> que han fet i un altre enlla\u00e7 amb els <a href=\"https:\/\/drive.google.com\/drive\/folders\/1Kxm6_J_tqdknxybIxDCrlxsVmIjaHbZB?usp=share_link\">v\u00eddeos<\/a> que han elaborat. Us animem a veure\u2019ls. De ben segur descobrireu fen\u00f2mens de la f\u00edsica i de la biologia que no sab\u00edeu.<\/strong><\/p>\n<p>Com veieu aquest projecte ha comportat molta feina, fer-nos moltes preguntes, descobrir m\u00e9s sobre el m\u00f3n que ens envolta i sobretot de la feina qu\u00e8 hi ha al darrere del m\u00f3n de la investigaci\u00f3 cient\u00edfica. En aquest sentit, l\u2019alumnat ha pogut constatar com la feina que fem a l\u2019institut de treballar cooperativament tamb\u00e9 \u00e9s un b\u00e0sic imprescindible per aquells que treballen al laboratori per aconseguir fites que poden canviar les nostres vides.<\/p>\n<p>Finalment, volem fer un agra\u00efment especial al BIST que ens ha facilitat els contactes amb els centres de recerca, a les persones de comunicaci\u00f3 &#8211; divulgaci\u00f3 de l\u2019IFAE, l\u2019IBEC i l\u2019IRB que ens han rebut als seus centres i ens han posat en contacte amb els seus investigadors\/es i a aquests en particular, que molt amablement van venir fins al nostre institut i van respondre les nostres preguntes en forma d\u2019entrevista. A tots ells, moltes gr\u00e0cies! Quedem amb ganes de seguir col\u00b7laborant en futurs projectes el curs vinent!<\/p>\n<figure class=\"figure wp-caption aligncenter\"><img loading=\"lazy\" decoding=\"async\" class=\"size-large wp-image-1591\" src=\"https:\/\/agora.xtec.cat\/insaferrer\/wp-content\/uploads\/usu2510\/2023\/04\/La-investigadora-Anna-Bartomeu-de-lIRB-mostra-el-seu-laboratori-a-un-grup-dalumnes-1024x638.jpg\" alt=\"\" width=\"1024\" height=\"638\" srcset=\"https:\/\/agora.xtec.cat\/insaferrer\/wp-content\/uploads\/usu2510\/2023\/04\/La-investigadora-Anna-Bartomeu-de-lIRB-mostra-el-seu-laboratori-a-un-grup-dalumnes-1024x638.jpg 1024w, https:\/\/agora.xtec.cat\/insaferrer\/wp-content\/uploads\/usu2510\/2023\/04\/La-investigadora-Anna-Bartomeu-de-lIRB-mostra-el-seu-laboratori-a-un-grup-dalumnes-300x187.jpg 300w, https:\/\/agora.xtec.cat\/insaferrer\/wp-content\/uploads\/usu2510\/2023\/04\/La-investigadora-Anna-Bartomeu-de-lIRB-mostra-el-seu-laboratori-a-un-grup-dalumnes-768x478.jpg 768w, https:\/\/agora.xtec.cat\/insaferrer\/wp-content\/uploads\/usu2510\/2023\/04\/La-investigadora-Anna-Bartomeu-de-lIRB-mostra-el-seu-laboratori-a-un-grup-dalumnes.jpg 1037w\" sizes=\"auto, (max-width: 1024px) 100vw, 1024px\" \/><figcaption class=\"wp-caption-text\">La investigadora Anna Bartomeu de l\u2019IRB mostra el seu laboratori a un grup d\u2019alumnes.<\/figcaption><\/figure>\n","protected":false},"excerpt":{"rendered":"<p>El passat 22 de mar\u00e7 l\u2019alumnat de 1r d\u2019ESO va fer l\u2019exhibici\u00f3 p\u00fablica del projecte STEAM del 2n Trimestre, \u201cEns endinsem en la recerca amb el BIST\u201d. Aquesta exhibici\u00f3 va ser una celebraci\u00f3 i una oportunitat per mostrar i compartir alguns dels aprenentatges que l\u2019alumnat ha fet al llarg dels darrers 3 mesos dins de l\u2019\u00e0mbit STEAM.&hellip;  <a href=\"https:\/\/agora.xtec.cat\/insaferrer\/general\/lalumnat-de-1r-sendinsa-a-la-recerca-amb-el-bist\/\" title=\"Read L\u2019alumnat de 1r s\u2019endinsa a la recerca amb el BIST\">Llegeix m\u00e9s\u00bb<\/a><\/p>\n","protected":false},"author":1,"featured_media":1590,"comment_status":"closed","ping_status":"closed","sticky":false,"template":"","format":"standard","meta":{"_bbp_topic_count":0,"_bbp_reply_count":0,"_bbp_total_topic_count":0,"_bbp_total_reply_count":0,"_bbp_voice_count":0,"_bbp_anonymous_reply_count":0,"_bbp_topic_count_hidden":0,"_bbp_reply_count_hidden":0,"_bbp_forum_subforum_count":0,"footnotes":""},"categories":[3,4,1,29],"tags":[122],"class_list":["post-1589","post","type-post","status-publish","format-standard","has-post-thumbnail","hentry","category-eso","category-eso-1","category-general","category-portada","tag-abp"],"post_mailing_queue_ids":[],"_links":{"self":[{"href":"https:\/\/agora.xtec.cat\/insaferrer\/wp-json\/wp\/v2\/posts\/1589","targetHints":{"allow":["GET"]}}],"collection":[{"href":"https:\/\/agora.xtec.cat\/insaferrer\/wp-json\/wp\/v2\/posts"}],"about":[{"href":"https:\/\/agora.xtec.cat\/insaferrer\/wp-json\/wp\/v2\/types\/post"}],"author":[{"embeddable":true,"href":"https:\/\/agora.xtec.cat\/insaferrer\/wp-json\/wp\/v2\/users\/1"}],"replies":[{"embeddable":true,"href":"https:\/\/agora.xtec.cat\/insaferrer\/wp-json\/wp\/v2\/comments?post=1589"}],"version-history":[{"count":3,"href":"https:\/\/agora.xtec.cat\/insaferrer\/wp-json\/wp\/v2\/posts\/1589\/revisions"}],"predecessor-version":[{"id":1595,"href":"https:\/\/agora.xtec.cat\/insaferrer\/wp-json\/wp\/v2\/posts\/1589\/revisions\/1595"}],"wp:featuredmedia":[{"embeddable":true,"href":"https:\/\/agora.xtec.cat\/insaferrer\/wp-json\/wp\/v2\/media\/1590"}],"wp:attachment":[{"href":"https:\/\/agora.xtec.cat\/insaferrer\/wp-json\/wp\/v2\/media?parent=1589"}],"wp:term":[{"taxonomy":"category","embeddable":true,"href":"https:\/\/agora.xtec.cat\/insaferrer\/wp-json\/wp\/v2\/categories?post=1589"},{"taxonomy":"post_tag","embeddable":true,"href":"https:\/\/agora.xtec.cat\/insaferrer\/wp-json\/wp\/v2\/tags?post=1589"}],"curies":[{"name":"wp","href":"https:\/\/api.w.org\/{rel}","templated":true}]}}