{"id":1573,"date":"2023-03-03T13:58:49","date_gmt":"2023-03-03T12:58:49","guid":{"rendered":"https:\/\/agora.xtec.cat\/insaferrer\/?p=1573"},"modified":"2023-03-03T14:05:49","modified_gmt":"2023-03-03T13:05:49","slug":"preinscripcio-i-matricula-per-al-curs-23-24","status":"publish","type":"post","link":"https:\/\/agora.xtec.cat\/insaferrer\/general\/preinscripcio-i-matricula-per-al-curs-23-24\/","title":{"rendered":"Preinscripci\u00f3 i matr\u00edcula per al curs 23-24"},"content":{"rendered":"<p><a href=\"https:\/\/preinscripcio.gencat.cat\/ca\/estudis\/eso\/inici\/\">La preinscripci\u00f3 dels alumnes als centres educatius d&#8217;ESO<\/a> t\u00e9 dates i caracter\u00edstiques pr\u00f2pies. Si vols estar al cas de les diferents dates clau i dels terminis, has de tenir en compte alguns que el proc\u00e9s de preinscripci\u00f3 escolar s&#8217;inicia al mar\u00e7 i acaba amb la formalitzaci\u00f3 de la matr\u00edcula, a mitjan juny.<\/p>\n<p>Durant tot aquest temps, hi ha dates i terminis associats a actuacions clau que cal tenir presents, ja que determinen l&#8217;assignaci\u00f3 final de places als centres educatius: <strong>en<a href=\"https:\/\/preinscripcio.gencat.cat\/ca\/estudis\/eso\/inici\/\"> aquesta web<\/a> hi ha tota la informaci\u00f3 oficial.<\/strong><\/p>\n<h1>Publicaci\u00f3 de l\u2019oferta inicial<\/h1>\n<p>\u2022 L\u2019oferta inicial no \u00e9s definitiva i pot patir canvis en l\u2019oferta final derivats de la demanda, de necessitats en l\u2019escolaritzaci\u00f3 o l\u2019evoluci\u00f3 de la matr\u00edcula continuada durant el curs actual.<\/p>\n<p>\u2022 Les places de reserva NEE tipus B romandran durant tot el proc\u00e9s i no podran ser ocupades per l\u2019alumnat ordinari fins al 31 d\u2019agost, dos dies h\u00e0bils abans de la finalitzaci\u00f3 de la llista d\u2019espera. Les places de reserva NEE tipus A s\u2019alliberen el dia anterior a la publicaci\u00f3 de la llista d\u2019admesos, quan ja s\u2019han at\u00e8s totes les sol\u00b7licituds que afecten aquests alumnes presentades durant el proc\u00e9s de preinscripci\u00f3 i podran ser ocupades, si s\u2019escau, per la resta d\u2019alumnes de la preinscripci\u00f3.<\/p>\n<h2 style=\"text-align: center;\">Oferta inicial<\/h2>\n<p style=\"text-align: center;\"><a href=\"https:\/\/agora.xtec.cat\/insaferrer\/wp-content\/uploads\/usu2510\/2023\/03\/Institut-Angeleta-Ferrer-Barcelona-Oferta-educativa.pdf\">Institut Angeleta Ferrer Barcelona &#8211; Oferta educativa<\/a><\/p>\n<p>&nbsp;<\/p>\n<h3>Normativa de refer\u00e8ncia<\/h3>\n<p>\u2022 <a href=\"https:\/\/portaljuridic.gencat.cat\/ca\/document-del-pjur\/?documentId=893678\">DECRET 11\/2021<\/a>,de 16 de febrer, de la programaci\u00f3 de l&#8217;oferta educativa i del procediment d&#8217;admissi\u00f3 en els centres del Servei d&#8217;Educaci\u00f3 de Catalunya (articles 25\u00a0a 28).<\/p>\n<p>\u2022 <a href=\"https:\/\/dogc.gencat.cat\/ca\/document-del-dogc\/?documentId=952879\">RESOLUCI\u00d3 EDU\/507\/2023<\/a>, de 16 de febrer, de preinscripci\u00f3 i matr\u00edcula (article 2).<\/p>\n<p>&nbsp;<\/p>\n<p>&nbsp;<\/p>\n<p>&nbsp;<\/p>\n<p>&nbsp;<\/p>\n","protected":false},"excerpt":{"rendered":"<p><a href=\"https:\/\/preinscripcio.gencat.cat\/ca\/estudis\/eso\/inici\/\">La preinscripci\u00f3 dels alumnes als centres educatius d&#8217;ESO<\/a> t\u00e9 dates i caracter\u00edstiques pr\u00f2pies. Si vols estar al cas de les diferents dates clau i dels terminis, has de tenir en compte alguns que el proc\u00e9s de preinscripci\u00f3 escolar s&#8217;inicia al mar\u00e7 i acaba amb&hellip;  <a href=\"https:\/\/agora.xtec.cat\/insaferrer\/general\/preinscripcio-i-matricula-per-al-curs-23-24\/\" title=\"Read Preinscripci\u00f3 i matr\u00edcula per al curs 23-24\">Llegeix m\u00e9s\u00bb<\/a><\/p>\n","protected":false},"author":1,"featured_media":1574,"comment_status":"closed","ping_status":"closed","sticky":false,"template":"","format":"standard","meta":{"_bbp_topic_count":0,"_bbp_reply_count":0,"_bbp_total_topic_count":0,"_bbp_total_reply_count":0,"_bbp_voice_count":0,"_bbp_anonymous_reply_count":0,"_bbp_topic_count_hidden":0,"_bbp_reply_count_hidden":0,"_bbp_forum_subforum_count":0,"footnotes":""},"categories":[124,3,4,1,29],"tags":[105],"class_list":["post-1573","post","type-post","status-publish","format-standard","has-post-thumbnail","hentry","category-alumnat","category-eso","category-eso-1","category-general","category-portada","tag-preinscripcio"],"post_mailing_queue_ids":[],"_links":{"self":[{"href":"https:\/\/agora.xtec.cat\/insaferrer\/wp-json\/wp\/v2\/posts\/1573","targetHints":{"allow":["GET"]}}],"collection":[{"href":"https:\/\/agora.xtec.cat\/insaferrer\/wp-json\/wp\/v2\/posts"}],"about":[{"href":"https:\/\/agora.xtec.cat\/insaferrer\/wp-json\/wp\/v2\/types\/post"}],"author":[{"embeddable":true,"href":"https:\/\/agora.xtec.cat\/insaferrer\/wp-json\/wp\/v2\/users\/1"}],"replies":[{"embeddable":true,"href":"https:\/\/agora.xtec.cat\/insaferrer\/wp-json\/wp\/v2\/comments?post=1573"}],"version-history":[{"count":3,"href":"https:\/\/agora.xtec.cat\/insaferrer\/wp-json\/wp\/v2\/posts\/1573\/revisions"}],"predecessor-version":[{"id":1579,"href":"https:\/\/agora.xtec.cat\/insaferrer\/wp-json\/wp\/v2\/posts\/1573\/revisions\/1579"}],"wp:featuredmedia":[{"embeddable":true,"href":"https:\/\/agora.xtec.cat\/insaferrer\/wp-json\/wp\/v2\/media\/1574"}],"wp:attachment":[{"href":"https:\/\/agora.xtec.cat\/insaferrer\/wp-json\/wp\/v2\/media?parent=1573"}],"wp:term":[{"taxonomy":"category","embeddable":true,"href":"https:\/\/agora.xtec.cat\/insaferrer\/wp-json\/wp\/v2\/categories?post=1573"},{"taxonomy":"post_tag","embeddable":true,"href":"https:\/\/agora.xtec.cat\/insaferrer\/wp-json\/wp\/v2\/tags?post=1573"}],"curies":[{"name":"wp","href":"https:\/\/api.w.org\/{rel}","templated":true}]}}