{"id":1540,"date":"2023-01-26T08:38:20","date_gmt":"2023-01-26T07:38:20","guid":{"rendered":"https:\/\/agora.xtec.cat\/insaferrer\/?p=1540"},"modified":"2023-01-31T23:20:04","modified_gmt":"2023-01-31T22:20:04","slug":"portes-obertes-per-al-curs-2023-2024","status":"publish","type":"post","link":"https:\/\/agora.xtec.cat\/insaferrer\/general\/portes-obertes-per-al-curs-2023-2024\/","title":{"rendered":"Portes obertes per al curs 2023\/2024"},"content":{"rendered":"<p>Per tal de donar a con\u00e8ixer l\u2019oferta educativa i el projecte educatiu de l\u2019institut Angeleta Ferrer, el divendres 3 de mar\u00e7, l\u2019equip docent i la comunitat educativa de l\u2019institut farem una Jornada de portes obertes. La jornada de portes obertes est\u00e0 adre\u00e7ada a totes les fam\u00edlies que tinguin inter\u00e8s en el nostre centre i vulguin cursar 1r d\u2019ESO amb nosaltres el curs 2023\/2024.<\/p>\n<p>La jornada est\u00e0 organitzada en dos torns, un a les 16 h i un altre a les 18 h i les persones interessades a assistir-hi cal que ompliu el seg\u00fcent formulari indicant el torn en el qual assistireu:<\/p>\n<h3 style=\"text-align: center;\"><span style=\"color: #008000;\"><strong><a style=\"color: #008000;\" href=\"https:\/\/docs.google.com\/forms\/d\/e\/1FAIpQLSdszUB8iAMWAtofHG43oJXmXWZdD0T72gIvA_WsoZUJhbH-rg\/viewform\">Formulari d\u2019inscripci\u00f3<br \/>\na les portes obertes<\/a><\/strong><\/span><\/h3>\n<p>Preguem que els assistents sigueu puntuals a la sessi\u00f3 a la qual us heu inscrit perqu\u00e8 est\u00e0 prevista una visita guiada.<\/p>\n<p>&nbsp;<\/p>\n<p style=\"text-align: center;\">Tamb\u00e9 us aconsellem d&#8217;anar a veure les portes obertes dels altres instituts de l&#8217;Eixample!<\/p>\n<p><img loading=\"lazy\" decoding=\"async\" class=\"size-large wp-image-1550\" src=\"https:\/\/agora.xtec.cat\/insaferrer\/wp-content\/uploads\/usu2510\/2023\/01\/Cartell-Portes-Obertes-lEixample-2023-1024x724.jpg\" alt=\"Cartell Portes Obertes l'Eixample 2023\" width=\"1024\" height=\"724\" srcset=\"https:\/\/agora.xtec.cat\/insaferrer\/wp-content\/uploads\/usu2510\/2023\/01\/Cartell-Portes-Obertes-lEixample-2023-1024x724.jpg 1024w, https:\/\/agora.xtec.cat\/insaferrer\/wp-content\/uploads\/usu2510\/2023\/01\/Cartell-Portes-Obertes-lEixample-2023-300x212.jpg 300w, https:\/\/agora.xtec.cat\/insaferrer\/wp-content\/uploads\/usu2510\/2023\/01\/Cartell-Portes-Obertes-lEixample-2023-768x543.jpg 768w, https:\/\/agora.xtec.cat\/insaferrer\/wp-content\/uploads\/usu2510\/2023\/01\/Cartell-Portes-Obertes-lEixample-2023-1536x1086.jpg 1536w, https:\/\/agora.xtec.cat\/insaferrer\/wp-content\/uploads\/usu2510\/2023\/01\/Cartell-Portes-Obertes-lEixample-2023.jpg 1755w\" sizes=\"auto, (max-width: 1024px) 100vw, 1024px\" \/><\/p>\n","protected":false},"excerpt":{"rendered":"<p>Per tal de donar a con\u00e8ixer l\u2019oferta educativa i el projecte educatiu de l\u2019institut Angeleta Ferrer, el divendres 3 de mar\u00e7, l\u2019equip docent i la comunitat educativa de l\u2019institut farem una Jornada de portes obertes. La jornada de portes obertes est\u00e0 adre\u00e7ada a totes les&hellip;  <a href=\"https:\/\/agora.xtec.cat\/insaferrer\/general\/portes-obertes-per-al-curs-2023-2024\/\" title=\"Read Portes obertes per al curs 2023\/2024\">Llegeix m\u00e9s\u00bb<\/a><\/p>\n","protected":false},"author":1,"featured_media":1546,"comment_status":"closed","ping_status":"closed","sticky":false,"template":"","format":"standard","meta":{"_bbp_topic_count":0,"_bbp_reply_count":0,"_bbp_total_topic_count":0,"_bbp_total_reply_count":0,"_bbp_voice_count":0,"_bbp_anonymous_reply_count":0,"_bbp_topic_count_hidden":0,"_bbp_reply_count_hidden":0,"_bbp_forum_subforum_count":0,"footnotes":""},"categories":[124,3,1,29],"tags":[111,106,120],"class_list":["post-1540","post","type-post","status-publish","format-standard","has-post-thumbnail","hentry","category-alumnat","category-eso","category-general","category-portada","tag-alumnat","tag-families","tag-portes-obertes"],"post_mailing_queue_ids":[],"_links":{"self":[{"href":"https:\/\/agora.xtec.cat\/insaferrer\/wp-json\/wp\/v2\/posts\/1540","targetHints":{"allow":["GET"]}}],"collection":[{"href":"https:\/\/agora.xtec.cat\/insaferrer\/wp-json\/wp\/v2\/posts"}],"about":[{"href":"https:\/\/agora.xtec.cat\/insaferrer\/wp-json\/wp\/v2\/types\/post"}],"author":[{"embeddable":true,"href":"https:\/\/agora.xtec.cat\/insaferrer\/wp-json\/wp\/v2\/users\/1"}],"replies":[{"embeddable":true,"href":"https:\/\/agora.xtec.cat\/insaferrer\/wp-json\/wp\/v2\/comments?post=1540"}],"version-history":[{"count":4,"href":"https:\/\/agora.xtec.cat\/insaferrer\/wp-json\/wp\/v2\/posts\/1540\/revisions"}],"predecessor-version":[{"id":1551,"href":"https:\/\/agora.xtec.cat\/insaferrer\/wp-json\/wp\/v2\/posts\/1540\/revisions\/1551"}],"wp:featuredmedia":[{"embeddable":true,"href":"https:\/\/agora.xtec.cat\/insaferrer\/wp-json\/wp\/v2\/media\/1546"}],"wp:attachment":[{"href":"https:\/\/agora.xtec.cat\/insaferrer\/wp-json\/wp\/v2\/media?parent=1540"}],"wp:term":[{"taxonomy":"category","embeddable":true,"href":"https:\/\/agora.xtec.cat\/insaferrer\/wp-json\/wp\/v2\/categories?post=1540"},{"taxonomy":"post_tag","embeddable":true,"href":"https:\/\/agora.xtec.cat\/insaferrer\/wp-json\/wp\/v2\/tags?post=1540"}],"curies":[{"name":"wp","href":"https:\/\/api.w.org\/{rel}","templated":true}]}}