{"id":1533,"date":"2023-01-14T21:04:05","date_gmt":"2023-01-14T20:04:05","guid":{"rendered":"https:\/\/agora.xtec.cat\/insaferrer\/?p=1533"},"modified":"2023-01-15T11:36:45","modified_gmt":"2023-01-15T10:36:45","slug":"poetiques-de-la-tardor","status":"publish","type":"post","link":"https:\/\/agora.xtec.cat\/insaferrer\/general\/poetiques-de-la-tardor\/","title":{"rendered":"Po\u00e8tiques de la tardor"},"content":{"rendered":"<p>En el marc del projecte <em>Fotografia en curs<\/em>, l&#8217;alumnat de 1r i 2n d&#8217;ESO, acompanyats per M\u00edriam Mart\u00ed, s&#8217;ha endinsat en el m\u00f3n de la Fotografia observant l&#8217;entorn.<\/p>\n<p>Per realitzar la proposta s&#8217;han inspirat en fot\u00f2grafs de tots els temps. Entre ells: Bernard Plossu, Bleda y Rosa, Enric Montes, Tanit Plana, Israel Ari\u00f1o, David Jimenez i Dorothea Lange, entre altres.<\/p>\n<p><a href=\"https:\/\/agora.xtec.cat\/insaferrer\/wp-content\/uploads\/usu2510\/2023\/01\/Captura-de-pantalla-2023-01-14-a-las-20.58.13.png\"><img loading=\"lazy\" decoding=\"async\" class=\"alignnone size-large wp-image-1535\" src=\"https:\/\/agora.xtec.cat\/insaferrer\/wp-content\/uploads\/usu2510\/2023\/01\/Captura-de-pantalla-2023-01-14-a-las-20.58.13.png\" alt=\"\" width=\"1016\" height=\"549\" srcset=\"https:\/\/agora.xtec.cat\/insaferrer\/wp-content\/uploads\/usu2510\/2023\/01\/Captura-de-pantalla-2023-01-14-a-las-20.58.13.png 1016w, https:\/\/agora.xtec.cat\/insaferrer\/wp-content\/uploads\/usu2510\/2023\/01\/Captura-de-pantalla-2023-01-14-a-las-20.58.13-300x162.png 300w, https:\/\/agora.xtec.cat\/insaferrer\/wp-content\/uploads\/usu2510\/2023\/01\/Captura-de-pantalla-2023-01-14-a-las-20.58.13-768x415.png 768w\" sizes=\"auto, (max-width: 1016px) 100vw, 1016px\" \/><\/a><a href=\"https:\/\/agora.xtec.cat\/insaferrer\/wp-content\/uploads\/usu2510\/2023\/01\/Captura-de-pantalla-2023-01-14-a-las-20.58.26.png\"><img loading=\"lazy\" decoding=\"async\" class=\"alignnone size-full wp-image-1534\" src=\"https:\/\/agora.xtec.cat\/insaferrer\/wp-content\/uploads\/usu2510\/2023\/01\/Captura-de-pantalla-2023-01-14-a-las-20.58.26.png\" alt=\"\" width=\"1017\" height=\"561\" srcset=\"https:\/\/agora.xtec.cat\/insaferrer\/wp-content\/uploads\/usu2510\/2023\/01\/Captura-de-pantalla-2023-01-14-a-las-20.58.26.png 1017w, https:\/\/agora.xtec.cat\/insaferrer\/wp-content\/uploads\/usu2510\/2023\/01\/Captura-de-pantalla-2023-01-14-a-las-20.58.26-300x165.png 300w, https:\/\/agora.xtec.cat\/insaferrer\/wp-content\/uploads\/usu2510\/2023\/01\/Captura-de-pantalla-2023-01-14-a-las-20.58.26-768x424.png 768w\" sizes=\"auto, (max-width: 1017px) 100vw, 1017px\" \/><\/a><\/p>\n<p>Hem publicat les fotografies realitzades per l&#8217;alumnat en un <a href=\"https:\/\/www.fotografiaencurs.org\/ca\/content\/po%C3%A8tiques-de-la-tardor-ins-ferrer-barcelona-curs-22-23\">post al bloc de <\/a><em>Fotografia en curs, <\/em>us animem a consultar-lo clicant l&#8217;enlla\u00e7, l&#8217;alumnat ha fet fotografies precioses. Molt bona feina!<\/p>\n<p><a href=\"https:\/\/agora.xtec.cat\/insaferrer\/wp-content\/uploads\/usu2510\/2023\/01\/Captura-de-pantalla-2023-01-14-a-las-21.00.58.png\"><img loading=\"lazy\" decoding=\"async\" class=\"alignnone size-large wp-image-1536\" src=\"https:\/\/agora.xtec.cat\/insaferrer\/wp-content\/uploads\/usu2510\/2023\/01\/Captura-de-pantalla-2023-01-14-a-las-21.00.58-1024x643.png\" alt=\"\" width=\"1024\" height=\"643\" srcset=\"https:\/\/agora.xtec.cat\/insaferrer\/wp-content\/uploads\/usu2510\/2023\/01\/Captura-de-pantalla-2023-01-14-a-las-21.00.58-1024x643.png 1024w, https:\/\/agora.xtec.cat\/insaferrer\/wp-content\/uploads\/usu2510\/2023\/01\/Captura-de-pantalla-2023-01-14-a-las-21.00.58-300x188.png 300w, https:\/\/agora.xtec.cat\/insaferrer\/wp-content\/uploads\/usu2510\/2023\/01\/Captura-de-pantalla-2023-01-14-a-las-21.00.58-768x482.png 768w, https:\/\/agora.xtec.cat\/insaferrer\/wp-content\/uploads\/usu2510\/2023\/01\/Captura-de-pantalla-2023-01-14-a-las-21.00.58.png 1029w\" sizes=\"auto, (max-width: 1024px) 100vw, 1024px\" \/><\/a><\/p>\n<p>&nbsp;<\/p>\n","protected":false},"excerpt":{"rendered":"<p>En el marc del projecte Fotografia en curs, l&#8217;alumnat de 1r i 2n d&#8217;ESO, acompanyats per M\u00edriam Mart\u00ed, s&#8217;ha endinsat en el m\u00f3n de la Fotografia observant l&#8217;entorn.<br \/>\nPer realitzar la proposta s&#8217;han inspirat en fot\u00f2grafs de tots els temps. Entre ells: Bernard Plossu, Bleda y&hellip;  <a href=\"https:\/\/agora.xtec.cat\/insaferrer\/general\/poetiques-de-la-tardor\/\" title=\"Read Po\u00e8tiques de la tardor\">Llegeix m\u00e9s\u00bb<\/a><\/p>\n","protected":false},"author":1,"featured_media":1537,"comment_status":"closed","ping_status":"closed","sticky":false,"template":"","format":"standard","meta":{"_bbp_topic_count":0,"_bbp_reply_count":0,"_bbp_total_topic_count":0,"_bbp_total_reply_count":0,"_bbp_voice_count":0,"_bbp_anonymous_reply_count":0,"_bbp_topic_count_hidden":0,"_bbp_reply_count_hidden":0,"_bbp_forum_subforum_count":0,"footnotes":""},"categories":[4,5,1,29],"tags":[107,141,142],"class_list":["post-1533","post","type-post","status-publish","format-standard","has-post-thumbnail","hentry","category-eso-1","category-eso-2","category-general","category-portada","tag-1r-eso","tag-2n-eso","tag-pla-personal-daprenentatge"],"post_mailing_queue_ids":[],"_links":{"self":[{"href":"https:\/\/agora.xtec.cat\/insaferrer\/wp-json\/wp\/v2\/posts\/1533","targetHints":{"allow":["GET"]}}],"collection":[{"href":"https:\/\/agora.xtec.cat\/insaferrer\/wp-json\/wp\/v2\/posts"}],"about":[{"href":"https:\/\/agora.xtec.cat\/insaferrer\/wp-json\/wp\/v2\/types\/post"}],"author":[{"embeddable":true,"href":"https:\/\/agora.xtec.cat\/insaferrer\/wp-json\/wp\/v2\/users\/1"}],"replies":[{"embeddable":true,"href":"https:\/\/agora.xtec.cat\/insaferrer\/wp-json\/wp\/v2\/comments?post=1533"}],"version-history":[{"count":2,"href":"https:\/\/agora.xtec.cat\/insaferrer\/wp-json\/wp\/v2\/posts\/1533\/revisions"}],"predecessor-version":[{"id":1539,"href":"https:\/\/agora.xtec.cat\/insaferrer\/wp-json\/wp\/v2\/posts\/1533\/revisions\/1539"}],"wp:featuredmedia":[{"embeddable":true,"href":"https:\/\/agora.xtec.cat\/insaferrer\/wp-json\/wp\/v2\/media\/1537"}],"wp:attachment":[{"href":"https:\/\/agora.xtec.cat\/insaferrer\/wp-json\/wp\/v2\/media?parent=1533"}],"wp:term":[{"taxonomy":"category","embeddable":true,"href":"https:\/\/agora.xtec.cat\/insaferrer\/wp-json\/wp\/v2\/categories?post=1533"},{"taxonomy":"post_tag","embeddable":true,"href":"https:\/\/agora.xtec.cat\/insaferrer\/wp-json\/wp\/v2\/tags?post=1533"}],"curies":[{"name":"wp","href":"https:\/\/api.w.org\/{rel}","templated":true}]}}