{"id":1413,"date":"2022-10-10T14:38:40","date_gmt":"2022-10-10T12:38:40","guid":{"rendered":"https:\/\/agora.xtec.cat\/insaferrer\/?p=1413"},"modified":"2022-10-10T15:05:02","modified_gmt":"2022-10-10T13:05:02","slug":"inauguracio-de-linstitut-angeleta-ferrer","status":"publish","type":"post","link":"https:\/\/agora.xtec.cat\/insaferrer\/general\/inauguracio-de-linstitut-angeleta-ferrer\/","title":{"rendered":"Inauguraci\u00f3 de l&#8217;Institut Angeleta Ferrer"},"content":{"rendered":"<p>El divendres 7 d&#8217;octubre va tenir lloc l\u2019acte d\u2019inauguraci\u00f3 del nou edifici de l&#8217;Institut Angeleta Ferrer. A la inauguraci\u00f3 han assistit el conseller d\u2019Educaci\u00f3 i president del Consorci d\u2019Educaci\u00f3, Josep Gonz\u00e0lez-Cambray, l\u2019alcaldessa de Barcelona, Ada Colau, i el president del <em>Barcelona Institute of Science and Technology<\/em> (BIST), Dr. Andreu Mas-Colell.<\/p>\n<p>Les autoritats, acompanyades de c\u00e0rrecs del Departament i el consorci, aix\u00ed com de nombrosos periodistes, van visitar les instal\u00b7lacions i van poder compartir una estona amb l&#8217;alumnat. En el moment de la visita, els grups de 1r i 2n d&#8217;ESO estaven en la franja d&#8217;aprenentatge basat en projectes. Aqu\u00ed en teniu una petita mostra, recollida pels mitjans de comunicaci\u00f3:<\/p>\n<p style=\"text-align: center;\"><iframe loading=\"lazy\" src=\"https:\/\/cdnapisec.kaltura.com\/p\/2346171\/sp\/234617100\/embedIframeJs\/uiconf_id\/42600891\/partner_id\/2346171?iframeembed=true&amp;playerId=1_4x25y6fz&amp;entry_id=1_4x25y6fz&amp;flashvars[streamerType]=auto\" width=\"470\" height=\"265\" frameborder=\"0\" allowfullscreen=\"allowfullscreen\"><\/iframe><\/p>\n<p>En finalitzar la visita a les aules i a l&#8217;edifici, les autoritats van adre\u00e7ar uns parlaments a tota la comunitat educativa, destacant cadasc\u00fa les seves aportacions al projecte col\u00b7lectiu de l&#8217;Angeleta Ferrer. En acabar l&#8217;acte, el conseller i el seu equip va tenir una conversa amb l&#8217;equip directiu del centre i els representants del BIST. Es va abordar l&#8217;actual estat de la q\u00fcesti\u00f3 i les properes passes per a desenvolupar el projecte singular que significar\u00e0 la creaci\u00f3 d&#8217;un centre STEAM i de refer\u00e8ncia en la formaci\u00f3 docent i en la recerca educativa.<\/p>\n<p style=\"text-align: center;\"><iframe loading=\"lazy\" title=\"YouTube video player\" src=\"https:\/\/www.youtube.com\/embed\/uhUyg8MkJyA?start=460\" width=\"560\" height=\"315\" frameborder=\"0\" allowfullscreen=\"allowfullscreen\"><\/iframe><\/p>\n<p style=\"text-align: center;\">\n<p style=\"text-align: center;\"><a href=\"https:\/\/educacio.gencat.cat\/ca\/inici\/nota-premsa\/?id=458762\">Enlla\u00e7 a la nota de premsa del Departament<\/a><\/p>\n","protected":false},"excerpt":{"rendered":"<p>El divendres 7 d&#8217;octubre va tenir lloc l\u2019acte d\u2019inauguraci\u00f3 del nou edifici de l&#8217;Institut Angeleta Ferrer. A la inauguraci\u00f3 han assistit el conseller d\u2019Educaci\u00f3 i president del Consorci d\u2019Educaci\u00f3, Josep Gonz\u00e0lez-Cambray, l\u2019alcaldessa de Barcelona, Ada Colau, i el president del Barcelona Institute of Science and&hellip;  <a href=\"https:\/\/agora.xtec.cat\/insaferrer\/general\/inauguracio-de-linstitut-angeleta-ferrer\/\" title=\"Read Inauguraci\u00f3 de l&#8217;Institut Angeleta Ferrer\">Llegeix m\u00e9s\u00bb<\/a><\/p>\n","protected":false},"author":1,"featured_media":1414,"comment_status":"closed","ping_status":"closed","sticky":false,"template":"","format":"standard","meta":{"_bbp_topic_count":0,"_bbp_reply_count":0,"_bbp_total_topic_count":0,"_bbp_total_reply_count":0,"_bbp_voice_count":0,"_bbp_anonymous_reply_count":0,"_bbp_topic_count_hidden":0,"_bbp_reply_count_hidden":0,"_bbp_forum_subforum_count":0,"footnotes":""},"categories":[31,124,3,1,29],"tags":[135,136,137,106],"class_list":["post-1413","post","type-post","status-publish","format-standard","has-post-thumbnail","hentry","category-afa","category-alumnat","category-eso","category-general","category-portada","tag-comunitat","tag-consorci","tag-departament","tag-families"],"post_mailing_queue_ids":[],"_links":{"self":[{"href":"https:\/\/agora.xtec.cat\/insaferrer\/wp-json\/wp\/v2\/posts\/1413","targetHints":{"allow":["GET"]}}],"collection":[{"href":"https:\/\/agora.xtec.cat\/insaferrer\/wp-json\/wp\/v2\/posts"}],"about":[{"href":"https:\/\/agora.xtec.cat\/insaferrer\/wp-json\/wp\/v2\/types\/post"}],"author":[{"embeddable":true,"href":"https:\/\/agora.xtec.cat\/insaferrer\/wp-json\/wp\/v2\/users\/1"}],"replies":[{"embeddable":true,"href":"https:\/\/agora.xtec.cat\/insaferrer\/wp-json\/wp\/v2\/comments?post=1413"}],"version-history":[{"count":4,"href":"https:\/\/agora.xtec.cat\/insaferrer\/wp-json\/wp\/v2\/posts\/1413\/revisions"}],"predecessor-version":[{"id":1421,"href":"https:\/\/agora.xtec.cat\/insaferrer\/wp-json\/wp\/v2\/posts\/1413\/revisions\/1421"}],"wp:featuredmedia":[{"embeddable":true,"href":"https:\/\/agora.xtec.cat\/insaferrer\/wp-json\/wp\/v2\/media\/1414"}],"wp:attachment":[{"href":"https:\/\/agora.xtec.cat\/insaferrer\/wp-json\/wp\/v2\/media?parent=1413"}],"wp:term":[{"taxonomy":"category","embeddable":true,"href":"https:\/\/agora.xtec.cat\/insaferrer\/wp-json\/wp\/v2\/categories?post=1413"},{"taxonomy":"post_tag","embeddable":true,"href":"https:\/\/agora.xtec.cat\/insaferrer\/wp-json\/wp\/v2\/tags?post=1413"}],"curies":[{"name":"wp","href":"https:\/\/api.w.org\/{rel}","templated":true}]}}