{"id":1404,"date":"2022-09-23T17:18:55","date_gmt":"2022-09-23T15:18:55","guid":{"rendered":"https:\/\/agora.xtec.cat\/insaferrer\/?p=1404"},"modified":"2022-09-25T17:21:53","modified_gmt":"2022-09-25T15:21:53","slug":"inici-de-curs","status":"publish","type":"post","link":"https:\/\/agora.xtec.cat\/insaferrer\/general\/inici-de-curs\/","title":{"rendered":"Inici de curs"},"content":{"rendered":"<p>Hem iniciat el curs amb una trobada amb les fam\u00edlies del nou alumnat i la realitzaci\u00f3 d&#8217;un projecte intensiu amb cada promoci\u00f3. Tamb\u00e9 hem fet molta tasca d&#8217;instal\u00b7lar mobiliari, adequar espais, posar en marxa serveis, menjador, equipaments, pissarres&#8230; un sobreesfor\u00e7 important amb un edifici per estrenar i un curs nou per preparar amb poc temps.<\/p>\n<figure class=\"figure wp-caption alignright\"><img loading=\"lazy\" decoding=\"async\" class=\" wp-image-1405\" src=\"https:\/\/agora.xtec.cat\/insaferrer\/wp-content\/uploads\/usu2510\/2022\/09\/exhib.png\" alt=\"Presenmtant el Pla personal d'aprenentatge a les fam\u00edlies\" width=\"374\" height=\"196\" srcset=\"https:\/\/agora.xtec.cat\/insaferrer\/wp-content\/uploads\/usu2510\/2022\/09\/exhib.png 953w, https:\/\/agora.xtec.cat\/insaferrer\/wp-content\/uploads\/usu2510\/2022\/09\/exhib-300x157.png 300w, https:\/\/agora.xtec.cat\/insaferrer\/wp-content\/uploads\/usu2510\/2022\/09\/exhib-768x402.png 768w\" sizes=\"auto, (max-width: 374px) 100vw, 374px\" \/><figcaption class=\"wp-caption-text\">Presentant el Pla personal a les fam\u00edlies<\/figcaption><\/figure>\n<p>A primer d&#8217;ESO, hem desenvolupat el projecte &#8220;<strong>Com aprenem i convivim a l&#8217;Angeleta Ferrer&#8221;<\/strong>. Ens ha servit per a con\u00e8ixer-nos, establir els cercles de refer\u00e8ncia amb companys i docents. Tamb\u00e9 hem aprofundit sobre les diferents formes d&#8217;aprendre que tenim a l&#8217;institut: l\u2019aprenentatge basat en projectes, l\u2019aprenentatge basat en el treball pel col\u00b7lectiu, l\u2019aprenentatge personalitzat autodirigit i l\u2019aprenentatge comunitari de cercles i assemblees.<\/p>\n<p>&nbsp;<\/p>\n<figure class=\"figure wp-caption alignleft\"><img loading=\"lazy\" decoding=\"async\" class=\" wp-image-1406\" src=\"https:\/\/agora.xtec.cat\/insaferrer\/wp-content\/uploads\/usu2510\/2022\/09\/castells.png\" alt=\"Taller de castells\" width=\"301\" height=\"331\" srcset=\"https:\/\/agora.xtec.cat\/insaferrer\/wp-content\/uploads\/usu2510\/2022\/09\/castells.png 702w, https:\/\/agora.xtec.cat\/insaferrer\/wp-content\/uploads\/usu2510\/2022\/09\/castells-272x300.png 272w\" sizes=\"auto, (max-width: 301px) 100vw, 301px\" \/><figcaption class=\"wp-caption-text\">Taller de castellers.<\/figcaption><\/figure>\n<p>A segon d&#8217;ESO, hem fet el projecte &#8220;<strong>El barri \u00e9s nostre<\/strong>&#8220;, per apropiar-nos de totes les possibilitats d&#8217;educaci\u00f3 i lleure que ens ofereix l&#8217;entorn. Amb la intenci\u00f3 de participar-hi activament, hem explorat activitats, esports, suport juvenil, castellers, arts marcials, m\u00fasica, esplais, cuina&#8230; No ens ho acabarem!<\/p>\n<p>Tamb\u00e9 hem identificat a qu\u00e8 dediquem el temps fora de l\u2019institut, hem conegut molts dels serveis que tenim al voltant del centre i ens hem fet propostes per apuntar-nos-hi, ampliar les nostres activitats o con\u00e8ixer noves iniciatives del barri.<\/p>\n<p>El passat dimecres vam rebre les fam\u00edlies del primer i segon i vam compartir amb elles tot el que hem apr\u00e8s. Aprofitem per donar-los les gr\u00e0cies pel seu inter\u00e8s i complicitat amb l&#8217;institut.<\/p>\n<p><strong>Ha estat un inici de curs intens, sense cap dubte. Per\u00f2 hem comen\u00e7at a caminar junts estudiants, fam\u00edlies i docents!<\/strong><\/p>\n","protected":false},"excerpt":{"rendered":"<p>Hem iniciat el curs amb una trobada amb les fam\u00edlies del nou alumnat i la realitzaci\u00f3 d&#8217;un projecte intensiu amb cada promoci\u00f3. Tamb\u00e9 hem fet molta tasca d&#8217;instal\u00b7lar mobiliari, adequar espais, posar en marxa serveis, menjador, equipaments, pissarres&#8230; un sobreesfor\u00e7 important amb un edifici per&hellip;  <a href=\"https:\/\/agora.xtec.cat\/insaferrer\/general\/inici-de-curs\/\" title=\"Read Inici de curs\">Llegeix m\u00e9s\u00bb<\/a><\/p>\n","protected":false},"author":1,"featured_media":1410,"comment_status":"closed","ping_status":"closed","sticky":false,"template":"","format":"standard","meta":{"_bbp_topic_count":0,"_bbp_reply_count":0,"_bbp_total_topic_count":0,"_bbp_total_reply_count":0,"_bbp_voice_count":0,"_bbp_anonymous_reply_count":0,"_bbp_topic_count_hidden":0,"_bbp_reply_count_hidden":0,"_bbp_forum_subforum_count":0,"footnotes":""},"categories":[124,3,4,5,1,29],"tags":[122],"class_list":["post-1404","post","type-post","status-publish","format-standard","has-post-thumbnail","hentry","category-alumnat","category-eso","category-eso-1","category-eso-2","category-general","category-portada","tag-abp"],"post_mailing_queue_ids":[],"_links":{"self":[{"href":"https:\/\/agora.xtec.cat\/insaferrer\/wp-json\/wp\/v2\/posts\/1404","targetHints":{"allow":["GET"]}}],"collection":[{"href":"https:\/\/agora.xtec.cat\/insaferrer\/wp-json\/wp\/v2\/posts"}],"about":[{"href":"https:\/\/agora.xtec.cat\/insaferrer\/wp-json\/wp\/v2\/types\/post"}],"author":[{"embeddable":true,"href":"https:\/\/agora.xtec.cat\/insaferrer\/wp-json\/wp\/v2\/users\/1"}],"replies":[{"embeddable":true,"href":"https:\/\/agora.xtec.cat\/insaferrer\/wp-json\/wp\/v2\/comments?post=1404"}],"version-history":[{"count":3,"href":"https:\/\/agora.xtec.cat\/insaferrer\/wp-json\/wp\/v2\/posts\/1404\/revisions"}],"predecessor-version":[{"id":1412,"href":"https:\/\/agora.xtec.cat\/insaferrer\/wp-json\/wp\/v2\/posts\/1404\/revisions\/1412"}],"wp:featuredmedia":[{"embeddable":true,"href":"https:\/\/agora.xtec.cat\/insaferrer\/wp-json\/wp\/v2\/media\/1410"}],"wp:attachment":[{"href":"https:\/\/agora.xtec.cat\/insaferrer\/wp-json\/wp\/v2\/media?parent=1404"}],"wp:term":[{"taxonomy":"category","embeddable":true,"href":"https:\/\/agora.xtec.cat\/insaferrer\/wp-json\/wp\/v2\/categories?post=1404"},{"taxonomy":"post_tag","embeddable":true,"href":"https:\/\/agora.xtec.cat\/insaferrer\/wp-json\/wp\/v2\/tags?post=1404"}],"curies":[{"name":"wp","href":"https:\/\/api.w.org\/{rel}","templated":true}]}}