{"id":1319,"date":"2022-06-15T13:52:56","date_gmt":"2022-06-15T11:52:56","guid":{"rendered":"https:\/\/agora.xtec.cat\/insaferrer\/?p=1319"},"modified":"2022-06-15T13:56:14","modified_gmt":"2022-06-15T11:56:14","slug":"matriculacio-de-1r-eso-del-curs-2022-2023","status":"publish","type":"post","link":"https:\/\/agora.xtec.cat\/insaferrer\/general\/matriculacio-de-1r-eso-del-curs-2022-2023\/","title":{"rendered":"Matriculaci\u00f3 de 1r ESO"},"content":{"rendered":"<p>El per\u00edode de formalitzaci\u00f3 de la matriculaci\u00f3 de 1r d\u2019ESO ser\u00e0 entre el <strong>dimarts 21 i el dimecres 29 de juny<\/strong>.<br \/>\nLa matriculaci\u00f3 es far\u00e0 de forma presencial en el <strong>Consorci d\u2019Educaci\u00f3 de Barcelona (Pla\u00e7a Urquinaona, n\u00ba 6)<\/strong>.<\/p>\n<p>Caldr\u00e0 demanar cita pr\u00e8via en el seg\u00fcent aplicatiu, que ja es troba obert:<\/p>\n<p style=\"padding-left: 40px;\"><a href=\"https:\/\/aplicacions.gestioeducativa.gencat.cat\/pls\/apex\/f?p=CITA_PREVIA:4::::4:P4_TIPUS_CALENDARI,P4_DOMINI:03_Oblig,08064192\"><img loading=\"lazy\" decoding=\"async\" class=\"alignnone wp-image-586\" src=\"https:\/\/agora.xtec.cat\/insaferrer\/wp-content\/uploads\/usu2510\/2021\/06\/reserva.png\" alt=\"Aplicatiu per a reserves\" width=\"296\" height=\"125\" srcset=\"https:\/\/agora.xtec.cat\/insaferrer\/wp-content\/uploads\/usu2510\/2021\/06\/reserva.png 554w, https:\/\/agora.xtec.cat\/insaferrer\/wp-content\/uploads\/usu2510\/2021\/06\/reserva-300x127.png 300w\" sizes=\"auto, (max-width: 296px) 100vw, 296px\" \/><\/a><\/p>\n<p style=\"text-align: left; padding-left: 40px;\"><a href=\"https:\/\/aplicacions.gestioeducativa.gencat.cat\/pls\/apex\/f?p=CITA_PREVIA:4::::4:P4_TIPUS_CALENDARI,P4_DOMINI:03_Oblig,08064192\"><strong>Aplicatiu de cita pr\u00e8via per a la matriculaci\u00f3<\/strong><\/a><\/p>\n<p>&nbsp;<\/p>\n<h4>Documentaci\u00f3<\/h4>\n<p>En el moment de la matr\u00edcula caldr\u00e0 portar:<\/p>\n<p>&#8211; <strong>Fotoc\u00f2pia del carnet de vacunacions de l&#8217;alumne o l&#8217;alumna<\/strong>. Si no es t\u00e9 el carnet de vacunacions, s&#8217;ha d&#8217;aportar un certificat m\u00e8dic oficial o el carnet de salut de l&#8217;infant en el qual figurin les dosis de les vacunes rebudes amb les dates corresponents. Si el vostre fill o filla no ha estat vacunat per indicaci\u00f3 m\u00e8dica o per altres circumst\u00e0ncies, cal aportar un certificat m\u00e8dic oficial justificatiu.<\/p>\n<p>&#8211; <strong>Fotoc\u00f2pia<\/strong> <strong>Targeta sanit\u00e0ria<\/strong> o equivalent (mutualitats de funcionaris i funcion\u00e0ries) per adre\u00e7ar-se a un centre sanitari si necessiten atenci\u00f3 sanit\u00e0ria d&#8217;urg\u00e8ncia.<\/p>\n<p>Si no pots fer la matriculaci\u00f3 en aquestes dates, cal que presentis un justificant al m\u00e9s aviat possible, perqu\u00e8 si no es considera que <strong>renuncies a la pla\u00e7a i la perds.<\/strong><\/p>\n<p>&nbsp;<\/p>\n","protected":false},"excerpt":{"rendered":"<p>El per\u00edode de formalitzaci\u00f3 de la matriculaci\u00f3 de 1r d\u2019ESO ser\u00e0 entre el dimarts 21 i el dimecres 29 de juny.<br \/>\nLa matriculaci\u00f3 es far\u00e0 de forma presencial en el Consorci d\u2019Educaci\u00f3 de Barcelona (Pla\u00e7a Urquinaona, n\u00ba 6).<br \/>\nCaldr\u00e0 demanar cita pr\u00e8via en el seg\u00fcent aplicatiu, que&hellip;  <a href=\"https:\/\/agora.xtec.cat\/insaferrer\/general\/matriculacio-de-1r-eso-del-curs-2022-2023\/\" title=\"Read Matriculaci\u00f3 de 1r ESO\">Llegeix m\u00e9s\u00bb<\/a><\/p>\n","protected":false},"author":1,"featured_media":1320,"comment_status":"closed","ping_status":"closed","sticky":false,"template":"","format":"standard","meta":{"_bbp_topic_count":0,"_bbp_reply_count":0,"_bbp_total_topic_count":0,"_bbp_total_reply_count":0,"_bbp_voice_count":0,"_bbp_anonymous_reply_count":0,"_bbp_topic_count_hidden":0,"_bbp_reply_count_hidden":0,"_bbp_forum_subforum_count":0,"footnotes":""},"categories":[3,4,1],"tags":[133],"class_list":["post-1319","post","type-post","status-publish","format-standard","has-post-thumbnail","hentry","category-eso","category-eso-1","category-general","tag-matricula"],"post_mailing_queue_ids":[],"_links":{"self":[{"href":"https:\/\/agora.xtec.cat\/insaferrer\/wp-json\/wp\/v2\/posts\/1319","targetHints":{"allow":["GET"]}}],"collection":[{"href":"https:\/\/agora.xtec.cat\/insaferrer\/wp-json\/wp\/v2\/posts"}],"about":[{"href":"https:\/\/agora.xtec.cat\/insaferrer\/wp-json\/wp\/v2\/types\/post"}],"author":[{"embeddable":true,"href":"https:\/\/agora.xtec.cat\/insaferrer\/wp-json\/wp\/v2\/users\/1"}],"replies":[{"embeddable":true,"href":"https:\/\/agora.xtec.cat\/insaferrer\/wp-json\/wp\/v2\/comments?post=1319"}],"version-history":[{"count":3,"href":"https:\/\/agora.xtec.cat\/insaferrer\/wp-json\/wp\/v2\/posts\/1319\/revisions"}],"predecessor-version":[{"id":1324,"href":"https:\/\/agora.xtec.cat\/insaferrer\/wp-json\/wp\/v2\/posts\/1319\/revisions\/1324"}],"wp:featuredmedia":[{"embeddable":true,"href":"https:\/\/agora.xtec.cat\/insaferrer\/wp-json\/wp\/v2\/media\/1320"}],"wp:attachment":[{"href":"https:\/\/agora.xtec.cat\/insaferrer\/wp-json\/wp\/v2\/media?parent=1319"}],"wp:term":[{"taxonomy":"category","embeddable":true,"href":"https:\/\/agora.xtec.cat\/insaferrer\/wp-json\/wp\/v2\/categories?post=1319"},{"taxonomy":"post_tag","embeddable":true,"href":"https:\/\/agora.xtec.cat\/insaferrer\/wp-json\/wp\/v2\/tags?post=1319"}],"curies":[{"name":"wp","href":"https:\/\/api.w.org\/{rel}","templated":true}]}}