{"id":1300,"date":"2022-06-07T10:46:36","date_gmt":"2022-06-07T08:46:36","guid":{"rendered":"https:\/\/agora.xtec.cat\/insaferrer\/?p=1300"},"modified":"2022-06-09T15:41:36","modified_gmt":"2022-06-09T13:41:36","slug":"publicacio-de-loferta-final-de-places-escolars","status":"publish","type":"post","link":"https:\/\/agora.xtec.cat\/insaferrer\/general\/publicacio-de-loferta-final-de-places-escolars\/","title":{"rendered":"Publicaci\u00f3 de l&#8217;oferta final de places escolars"},"content":{"rendered":"<p>Segons calendari previst, i tal com disposa el Decret d\u2019admissi\u00f3, avui els centres educatius publiquem l\u2019oferta final de places per a la preinscripci\u00f3 2022-2023.<\/p>\n<p>L\u2019oferta inicial s&#8217;ha modificat al llarg del proc\u00e9s (en nombre de grups, places i reserva de places NEE) en funci\u00f3 de les necessitats d\u2019escolaritzaci\u00f3 i del nombre d\u2019alumnes amb necessitats educatives espec\u00edfiques que s\u2019han detectat.<\/p>\n<p>L\u2019oferta final de places a l\u2019institut Angeleta Ferrer pel pr\u00f2xim curs \u00e9s la seg\u00fcent:<\/p>\n<figure class=\"figure wp-caption aligncenter\"><img loading=\"lazy\" decoding=\"async\" class=\"size-full wp-image-1310\" src=\"https:\/\/agora.xtec.cat\/insaferrer\/wp-content\/uploads\/usu2510\/2022\/06\/quadre.png\" alt=\"Oferta de places\" width=\"1021\" height=\"177\" srcset=\"https:\/\/agora.xtec.cat\/insaferrer\/wp-content\/uploads\/usu2510\/2022\/06\/quadre.png 1021w, https:\/\/agora.xtec.cat\/insaferrer\/wp-content\/uploads\/usu2510\/2022\/06\/quadre-300x52.png 300w, https:\/\/agora.xtec.cat\/insaferrer\/wp-content\/uploads\/usu2510\/2022\/06\/quadre-768x133.png 768w\" sizes=\"auto, (max-width: 1021px) 100vw, 1021px\" \/><figcaption class=\"wp-caption-text\">Oferta de places<\/figcaption><\/figure>\n<p>&nbsp;<\/p>\n<p>L\u2019oferta per al curs 2022-2023 est\u00e0 aprovada pel Consell de Direcci\u00f3, el dia 1 de febrer de 2022 i ha estat plantejada en els diferents\u00a0\u00f2rgans de participaci\u00f3 per la programaci\u00f3\u00a0de\u00a0l\u2019oferta\u00a0establerts en el Decret 11\/2021.<\/p>\n<p>&nbsp;<\/p>\n","protected":false},"excerpt":{"rendered":"<p>Segons calendari previst, i tal com disposa el Decret d\u2019admissi\u00f3, avui els centres educatius publiquem l\u2019oferta final de places per a la preinscripci\u00f3 2022-2023.<br \/>\nL\u2019oferta inicial s&#8217;ha modificat al llarg del proc\u00e9s (en nombre de grups, places i reserva de places NEE) en funci\u00f3 de les&hellip;  <a href=\"https:\/\/agora.xtec.cat\/insaferrer\/general\/publicacio-de-loferta-final-de-places-escolars\/\" title=\"Read Publicaci\u00f3 de l&#8217;oferta final de places escolars\">Llegeix m\u00e9s\u00bb<\/a><\/p>\n","protected":false},"author":1,"featured_media":1307,"comment_status":"closed","ping_status":"closed","sticky":false,"template":"","format":"standard","meta":{"_bbp_topic_count":0,"_bbp_reply_count":0,"_bbp_total_topic_count":0,"_bbp_total_reply_count":0,"_bbp_voice_count":0,"_bbp_anonymous_reply_count":0,"_bbp_topic_count_hidden":0,"_bbp_reply_count_hidden":0,"_bbp_forum_subforum_count":0,"footnotes":""},"categories":[3,1],"tags":[111,106,105],"class_list":["post-1300","post","type-post","status-publish","format-standard","has-post-thumbnail","hentry","category-eso","category-general","tag-alumnat","tag-families","tag-preinscripcio"],"post_mailing_queue_ids":[],"_links":{"self":[{"href":"https:\/\/agora.xtec.cat\/insaferrer\/wp-json\/wp\/v2\/posts\/1300","targetHints":{"allow":["GET"]}}],"collection":[{"href":"https:\/\/agora.xtec.cat\/insaferrer\/wp-json\/wp\/v2\/posts"}],"about":[{"href":"https:\/\/agora.xtec.cat\/insaferrer\/wp-json\/wp\/v2\/types\/post"}],"author":[{"embeddable":true,"href":"https:\/\/agora.xtec.cat\/insaferrer\/wp-json\/wp\/v2\/users\/1"}],"replies":[{"embeddable":true,"href":"https:\/\/agora.xtec.cat\/insaferrer\/wp-json\/wp\/v2\/comments?post=1300"}],"version-history":[{"count":4,"href":"https:\/\/agora.xtec.cat\/insaferrer\/wp-json\/wp\/v2\/posts\/1300\/revisions"}],"predecessor-version":[{"id":1312,"href":"https:\/\/agora.xtec.cat\/insaferrer\/wp-json\/wp\/v2\/posts\/1300\/revisions\/1312"}],"wp:featuredmedia":[{"embeddable":true,"href":"https:\/\/agora.xtec.cat\/insaferrer\/wp-json\/wp\/v2\/media\/1307"}],"wp:attachment":[{"href":"https:\/\/agora.xtec.cat\/insaferrer\/wp-json\/wp\/v2\/media?parent=1300"}],"wp:term":[{"taxonomy":"category","embeddable":true,"href":"https:\/\/agora.xtec.cat\/insaferrer\/wp-json\/wp\/v2\/categories?post=1300"},{"taxonomy":"post_tag","embeddable":true,"href":"https:\/\/agora.xtec.cat\/insaferrer\/wp-json\/wp\/v2\/tags?post=1300"}],"curies":[{"name":"wp","href":"https:\/\/api.w.org\/{rel}","templated":true}]}}