{"id":1205,"date":"2022-05-11T15:10:24","date_gmt":"2022-05-11T13:10:24","guid":{"rendered":"https:\/\/agora.xtec.cat\/insaferrer\/?p=1205"},"modified":"2022-05-11T15:10:24","modified_gmt":"2022-05-11T13:10:24","slug":"llista-ordenada-de-sollicituds","status":"publish","type":"post","link":"https:\/\/agora.xtec.cat\/insaferrer\/general\/llista-ordenada-de-sollicituds\/","title":{"rendered":"Llista ordenada de sol\u00b7licituds"},"content":{"rendered":"<p class=\"gmail_default\">Publiquem la llista ordenada de sol\u00b7licituds per a l&#8217;assignaci\u00f3 de places:<\/p>\n<p style=\"padding-left: 40px;\"><span style=\"color: #3366ff;\"><strong><a style=\"color: #3366ff;\" href=\"https:\/\/agora.xtec.cat\/insaferrer\/wp-content\/uploads\/usu2510\/2022\/05\/INFORME_BAREM_DEFINITIU_BAREM.pdf\">Angeleta Ferrer &#8211; barem definitiu<\/a><\/strong><\/span><\/p>\n<p class=\"gmail_default\">Aquesta llista ja no est\u00e0 ordenada per ordre alfab\u00e8tic, sin\u00f3 que recull l&#8217;ordre en qu\u00e8 s&#8217;assignaran les places segons els criteris de prioritat i el n\u00famero de desempat.<\/p>\n<p class=\"gmail_default\">Pr\u00f2ximament, es publicar\u00e0 la llista d&#8217;admesos per saber si finalment s\u2019ha fet l\u2019assignaci\u00f3 en el centre de primera opci\u00f3 o en un<span class=\"gmail_default\">\u00a0<\/span>centre diferent del primer.<\/p>\n<p class=\"gmail_default\">Les fam\u00edlies tamb\u00e9 podeu dur a terme la consulta a trav\u00e9s de l\u2019adre\u00e7a web\u00a0<a href=\"https:\/\/preinscripcio.gencat.cat\/ca\/estudis\/eso\/preinscriute\/seguiment-sollicitud\/llista-ordenada\/\" target=\"_blank\" rel=\"noopener\">preinscripci\u00f3.gencat.cat<\/a> a l\u2019apartat:\u00a0<em>Fes el seguiment de la teva sol\u00b7licitud -&gt; Consulta la llista ordenada.<\/em><\/p>\n","protected":false},"excerpt":{"rendered":"<p>Publiquem la llista ordenada de sol\u00b7licituds per a l&#8217;assignaci\u00f3 de places:<br \/>\n<a style=\"color: #3366ff;\" href=\"https:\/\/agora.xtec.cat\/insaferrer\/wp-content\/uploads\/usu2510\/2022\/05\/INFORME_BAREM_DEFINITIU_BAREM.pdf\">Angeleta Ferrer &#8211; barem definitiu<\/a><br \/>\nAquesta llista ja no est\u00e0 ordenada per ordre alfab\u00e8tic, sin\u00f3 que recull l&#8217;ordre en qu\u00e8 s&#8217;assignaran les places segons els criteris de prioritat i el n\u00famero de desempat.<br \/>\nPr\u00f2ximament,&hellip;  <a href=\"https:\/\/agora.xtec.cat\/insaferrer\/general\/llista-ordenada-de-sollicituds\/\" title=\"Read Llista ordenada de sol\u00b7licituds\">Llegeix m\u00e9s\u00bb<\/a><\/p>\n","protected":false},"author":1,"featured_media":1116,"comment_status":"closed","ping_status":"closed","sticky":false,"template":"","format":"standard","meta":{"_bbp_topic_count":0,"_bbp_reply_count":0,"_bbp_total_topic_count":0,"_bbp_total_reply_count":0,"_bbp_voice_count":0,"_bbp_anonymous_reply_count":0,"_bbp_topic_count_hidden":0,"_bbp_reply_count_hidden":0,"_bbp_forum_subforum_count":0,"footnotes":""},"categories":[124,3,4,1],"tags":[105],"class_list":["post-1205","post","type-post","status-publish","format-standard","has-post-thumbnail","hentry","category-alumnat","category-eso","category-eso-1","category-general","tag-preinscripcio"],"post_mailing_queue_ids":[],"_links":{"self":[{"href":"https:\/\/agora.xtec.cat\/insaferrer\/wp-json\/wp\/v2\/posts\/1205","targetHints":{"allow":["GET"]}}],"collection":[{"href":"https:\/\/agora.xtec.cat\/insaferrer\/wp-json\/wp\/v2\/posts"}],"about":[{"href":"https:\/\/agora.xtec.cat\/insaferrer\/wp-json\/wp\/v2\/types\/post"}],"author":[{"embeddable":true,"href":"https:\/\/agora.xtec.cat\/insaferrer\/wp-json\/wp\/v2\/users\/1"}],"replies":[{"embeddable":true,"href":"https:\/\/agora.xtec.cat\/insaferrer\/wp-json\/wp\/v2\/comments?post=1205"}],"version-history":[{"count":3,"href":"https:\/\/agora.xtec.cat\/insaferrer\/wp-json\/wp\/v2\/posts\/1205\/revisions"}],"predecessor-version":[{"id":1211,"href":"https:\/\/agora.xtec.cat\/insaferrer\/wp-json\/wp\/v2\/posts\/1205\/revisions\/1211"}],"wp:featuredmedia":[{"embeddable":true,"href":"https:\/\/agora.xtec.cat\/insaferrer\/wp-json\/wp\/v2\/media\/1116"}],"wp:attachment":[{"href":"https:\/\/agora.xtec.cat\/insaferrer\/wp-json\/wp\/v2\/media?parent=1205"}],"wp:term":[{"taxonomy":"category","embeddable":true,"href":"https:\/\/agora.xtec.cat\/insaferrer\/wp-json\/wp\/v2\/categories?post=1205"},{"taxonomy":"post_tag","embeddable":true,"href":"https:\/\/agora.xtec.cat\/insaferrer\/wp-json\/wp\/v2\/tags?post=1205"}],"curies":[{"name":"wp","href":"https:\/\/api.w.org\/{rel}","templated":true}]}}