{"id":1150,"date":"2022-05-07T18:52:12","date_gmt":"2022-05-07T16:52:12","guid":{"rendered":"https:\/\/agora.xtec.cat\/insaferrer\/?p=1150"},"modified":"2022-07-31T10:36:56","modified_gmt":"2022-07-31T08:36:56","slug":"exhibicio-publica-fes-te-escoltar","status":"publish","type":"post","link":"https:\/\/agora.xtec.cat\/insaferrer\/general\/exhibicio-publica-fes-te-escoltar\/","title":{"rendered":"Exhibici\u00f3 p\u00fablica &#8220;Fes-te escoltar&#8221;"},"content":{"rendered":"<p>Aquest 2n trimestre hem realitzat el projecte intensiu &#8220;Fes-te escoltar&#8221;. Ha consistit en<span style=\"font-weight: 400;\"> la creaci\u00f3 d\u2019un rap i un \u00e0lbum conjunt que expressa el desig de l&#8217;alumnat de 1r d\u2019ESO de denunciar les injust\u00edcies socials. Per dur a terme el rap ens hem endinsat en els secrets de la creaci\u00f3 po\u00e8tica, els ritmes, la composici\u00f3 musical i altres recursos tant de la llengua com de la m\u00fasica per tal de fer una creaci\u00f3 que parl\u00e9s de nosaltres i del que volem dir al m\u00f3n.<\/span><\/p>\n<p>El projecte el vam iniciar amb un tret de sortida, un taller de dos professionals del rap de<span style=\"font-weight: 400;\">\u00a0l&#8217;entitat <\/span><a href=\"https:\/\/www.versembrant.cat\/\"><span style=\"font-weight: 400;\">Versembrant<\/span><\/a><span style=\"font-weight: 400;\">.<\/span><\/p>\n<p>Despr\u00e9s d&#8217;aquesta aproximaci\u00f3 inicial, hem treballat amb grups cooperatius i cada grup hem tingut l&#8217;enc\u00e0rrec de triar el tema, escriure la lletra i fer la base musical. Per acompanyar-nos en les nostres creacions hem constru\u00eft el coneixement sobre les bases de les lletres de les can\u00e7ons, les rimes, com u<span style=\"font-weight: 400;\">tilitzar les aplicacions b\u00e0siques d\u2019edici\u00f3 de so per a produccions de documents digitals i com construir un rap amb tem\u00e0tica d&#8217;injust\u00edcia social.<\/span><\/p>\n<p>A continuaci\u00f3 algunes imatges del proc\u00e9s:<\/p>\n\r\n\t<div class=\"slideshow_container slideshow_container_style-light\" style=\"height: 300px; \" data-slideshow-id=\"1153\" data-style-name=\"style-light\" data-style-version=\"2.3.1\" >\r\n\r\n\t\t\t\t\t<div class=\"slideshow_loading_icon\"><\/div>\r\n\t\t\r\n\t\t<div class=\"slideshow_content\" style=\"display: none;\">\r\n\r\n\t\t\t<div class=\"slideshow_view\">\r\n\t\t\t\t<div class=\"slideshow_slide slideshow_slide_image\">\r\n\t\t\t\t\t\t\t\t\t\t\t<img src=\"https:\/\/agora.xtec.cat\/insaferrer\/wp-content\/uploads\/usu2510\/2022\/05\/Taller_versembrant.jpeg\" alt=\"Taller_versembrant\" width=\"2048\" height=\"1536\" \/>\r\n\t\t\t\t\t\t\t\t\t\t<div class=\"slideshow_description_box slideshow_transparent\">\r\n\t\t\t\t\t\t<div class=\"slideshow_title\">Taller_versembrant<\/div>\t\t\t\t\t\t\t\t\t\t\t<\/div>\r\n\t\t\t\t<\/div>\r\n\r\n\t\t\t\t\t\t\r\n\t\t\t\t<div class=\"slideshow_slide slideshow_slide_image\">\r\n\t\t\t\t\t\t\t\t\t\t\t<img src=\"https:\/\/agora.xtec.cat\/insaferrer\/wp-content\/uploads\/usu2510\/2022\/05\/Taller_versembrant1.jpeg\" alt=\"Taller_versembrant1\" width=\"2048\" height=\"1536\" \/>\r\n\t\t\t\t\t\t\t\t\t\t<div class=\"slideshow_description_box slideshow_transparent\">\r\n\t\t\t\t\t\t<div class=\"slideshow_title\">Taller_versembrant1<\/div>\t\t\t\t\t\t\t\t\t\t\t<\/div>\r\n\t\t\t\t<\/div>\r\n\r\n\t\t\t\t\t\t<div style=\"clear: both;\"><\/div><\/div><div class=\"slideshow_view\">\r\n\t\t\t\t<div class=\"slideshow_slide slideshow_slide_image\">\r\n\t\t\t\t\t\t\t\t\t\t\t<img src=\"https:\/\/agora.xtec.cat\/insaferrer\/wp-content\/uploads\/usu2510\/2022\/05\/Taller_versembrant2.jpeg\" alt=\"Taller_versembrant2\" width=\"2048\" height=\"1536\" \/>\r\n\t\t\t\t\t\t\t\t\t\t<div class=\"slideshow_description_box slideshow_transparent\">\r\n\t\t\t\t\t\t<div class=\"slideshow_title\">Taller_versembrant2<\/div>\t\t\t\t\t\t\t\t\t\t\t<\/div>\r\n\t\t\t\t<\/div>\r\n\r\n\t\t\t\t\t\t\r\n\t\t\t\t<div class=\"slideshow_slide slideshow_slide_image\">\r\n\t\t\t\t\t\t\t\t\t\t\t<img src=\"https:\/\/agora.xtec.cat\/insaferrer\/wp-content\/uploads\/usu2510\/2022\/05\/Visita-Pau-Ginart_2-scaled.jpg\" alt=\"Visita Pau Ginart_2\" width=\"1920\" height=\"2560\" \/>\r\n\t\t\t\t\t\t\t\t\t\t<div class=\"slideshow_description_box slideshow_transparent\">\r\n\t\t\t\t\t\t<div class=\"slideshow_title\">Visita Pau Ginart_2<\/div>\t\t\t\t\t\t\t\t\t\t\t<\/div>\r\n\t\t\t\t<\/div>\r\n\r\n\t\t\t\t\t\t<div style=\"clear: both;\"><\/div><\/div><div class=\"slideshow_view\">\r\n\t\t\t\t<div class=\"slideshow_slide slideshow_slide_image\">\r\n\t\t\t\t\t\t\t\t\t\t\t<img src=\"https:\/\/agora.xtec.cat\/insaferrer\/wp-content\/uploads\/usu2510\/2022\/05\/Visita-Pau-Ginart_1-scaled.jpg\" alt=\"Visita Pau Ginart_1\" width=\"2560\" height=\"1920\" \/>\r\n\t\t\t\t\t\t\t\t\t\t<div class=\"slideshow_description_box slideshow_transparent\">\r\n\t\t\t\t\t\t<div class=\"slideshow_title\">Visita Pau Ginart_1<\/div>\t\t\t\t\t\t\t\t\t\t\t<\/div>\r\n\t\t\t\t<\/div>\r\n\r\n\t\t\t\t\t\t\r\n\t\t\t\t<div class=\"slideshow_slide slideshow_slide_image\">\r\n\t\t\t\t\t\t\t\t\t\t\t<img src=\"https:\/\/agora.xtec.cat\/insaferrer\/wp-content\/uploads\/usu2510\/2022\/05\/Visita-Pau-Ginart_4-scaled.jpg\" alt=\"Visita Pau Ginart_4\" width=\"2560\" height=\"1920\" \/>\r\n\t\t\t\t\t\t\t\t\t\t<div class=\"slideshow_description_box slideshow_transparent\">\r\n\t\t\t\t\t\t<div class=\"slideshow_title\">Visita Pau Ginart_4<\/div>\t\t\t\t\t\t\t\t\t\t\t<\/div>\r\n\t\t\t\t<\/div>\r\n\r\n\t\t\t\t\t\t<div style=\"clear: both;\"><\/div><\/div>\r\n\t\t<\/div>\r\n\r\n\t\t<div class=\"slideshow_controlPanel slideshow_transparent\" style=\"display: none;\"><ul><li class=\"slideshow_togglePlay\" data-play-text=\"Visualitza\" data-pause-text=\"Pausa\"><\/li><\/ul><\/div>\r\n\r\n\t\t<div class=\"slideshow_button slideshow_previous slideshow_transparent\" role=\"button\" data-previous-text=\"Anterior\" style=\"display: none;\"><\/div>\r\n\t\t<div class=\"slideshow_button slideshow_next slideshow_transparent\" role=\"button\" data-next-text=\"Seg\u00fcent\" style=\"display: none;\"><\/div>\r\n\r\n\t\t<div class=\"slideshow_pagination\" style=\"display: none;\" data-go-to-text=\"V\u00e9s a la diapositiva\"><div class=\"slideshow_pagination_center\"><\/div><\/div>\r\n\r\n\t\t<!-- WordPress Slideshow Version 2.3.1 -->\r\n\r\n\t\t\t<\/div>\r\n\r\n\n<p><span style=\"font-weight: 400;\">El projecte ha acabat amb l&#8217;exhibici\u00f3 p\u00fablica a les fam\u00edlies, un concert de rap que vam fer el passat 28 d&#8217;abril al nostre institut, us mostrem algunes imatges d&#8217;aquest dia:<\/span><\/p>\n\r\n\t<div class=\"slideshow_container slideshow_container_style-light\" style=\"height: 300px; \" data-slideshow-id=\"1166\" data-style-name=\"style-light\" data-style-version=\"2.3.1\" >\r\n\r\n\t\t\t\t\t<div class=\"slideshow_loading_icon\"><\/div>\r\n\t\t\r\n\t\t<div class=\"slideshow_content\" style=\"display: none;\">\r\n\r\n\t\t\t<div class=\"slideshow_view\">\r\n\t\t\t\t<div class=\"slideshow_slide slideshow_slide_image\">\r\n\t\t\t\t\t\t\t\t\t\t\t<img src=\"https:\/\/agora.xtec.cat\/insaferrer\/wp-content\/uploads\/usu2510\/2022\/05\/Exhibicio\u0301_Fes-te-escoltar15.jpg\" alt=\"Exhibicio\u0301_Fes-te escoltar15\" width=\"1280\" height=\"960\" \/>\r\n\t\t\t\t\t\t\t\t\t\t<div class=\"slideshow_description_box slideshow_transparent\">\r\n\t\t\t\t\t\t<div class=\"slideshow_title\">Exhibicio\u0301_Fes-te escoltar15<\/div>\t\t\t\t\t\t\t\t\t\t\t<\/div>\r\n\t\t\t\t<\/div>\r\n\r\n\t\t\t\t\t\t\r\n\t\t\t\t<div class=\"slideshow_slide slideshow_slide_image\">\r\n\t\t\t\t\t\t\t\t\t\t\t<img src=\"https:\/\/agora.xtec.cat\/insaferrer\/wp-content\/uploads\/usu2510\/2022\/05\/Exhibicio\u0301_Fes-te-escoltar14.jpg\" alt=\"Exhibicio\u0301_Fes-te escoltar14\" width=\"1280\" height=\"960\" \/>\r\n\t\t\t\t\t\t\t\t\t\t<div class=\"slideshow_description_box slideshow_transparent\">\r\n\t\t\t\t\t\t<div class=\"slideshow_title\">Exhibicio\u0301_Fes-te escoltar14<\/div>\t\t\t\t\t\t\t\t\t\t\t<\/div>\r\n\t\t\t\t<\/div>\r\n\r\n\t\t\t\t\t\t<div style=\"clear: both;\"><\/div><\/div><div class=\"slideshow_view\">\r\n\t\t\t\t<div class=\"slideshow_slide slideshow_slide_image\">\r\n\t\t\t\t\t\t\t\t\t\t\t<img src=\"https:\/\/agora.xtec.cat\/insaferrer\/wp-content\/uploads\/usu2510\/2022\/05\/Exhibicio\u0301_Fes-te-escoltar13-1.jpg\" alt=\"Exhibicio\u0301_Fes-te escoltar13\" width=\"960\" height=\"1280\" \/>\r\n\t\t\t\t\t\t\t\t\t\t<div class=\"slideshow_description_box slideshow_transparent\">\r\n\t\t\t\t\t\t<div class=\"slideshow_title\">Exhibicio\u0301_Fes-te escoltar13<\/div>\t\t\t\t\t\t\t\t\t\t\t<\/div>\r\n\t\t\t\t<\/div>\r\n\r\n\t\t\t\t\t\t\r\n\t\t\t\t<div class=\"slideshow_slide slideshow_slide_image\">\r\n\t\t\t\t\t\t\t\t\t\t\t<img src=\"https:\/\/agora.xtec.cat\/insaferrer\/wp-content\/uploads\/usu2510\/2022\/05\/Exhibicio\u0301_Fes-te-escoltar10.jpg\" alt=\"Exhibicio\u0301_Fes-te escoltar10\" width=\"960\" height=\"1280\" \/>\r\n\t\t\t\t\t\t\t\t\t\t<div class=\"slideshow_description_box slideshow_transparent\">\r\n\t\t\t\t\t\t<div class=\"slideshow_title\">Exhibicio\u0301_Fes-te escoltar10<\/div>\t\t\t\t\t\t\t\t\t\t\t<\/div>\r\n\t\t\t\t<\/div>\r\n\r\n\t\t\t\t\t\t<div style=\"clear: both;\"><\/div><\/div><div class=\"slideshow_view\">\r\n\t\t\t\t<div class=\"slideshow_slide slideshow_slide_image\">\r\n\t\t\t\t\t\t\t\t\t\t\t<img src=\"https:\/\/agora.xtec.cat\/insaferrer\/wp-content\/uploads\/usu2510\/2022\/05\/Exhibicio\u0301_Fes-te-escoltar7.jpg\" alt=\"Exhibicio\u0301_Fes-te escoltar7\" width=\"1280\" height=\"960\" \/>\r\n\t\t\t\t\t\t\t\t\t\t<div class=\"slideshow_description_box slideshow_transparent\">\r\n\t\t\t\t\t\t<div class=\"slideshow_title\">Exhibicio\u0301_Fes-te escoltar7<\/div>\t\t\t\t\t\t\t\t\t\t\t<\/div>\r\n\t\t\t\t<\/div>\r\n\r\n\t\t\t\t\t\t\r\n\t\t\t\t<div class=\"slideshow_slide slideshow_slide_image\">\r\n\t\t\t\t\t\t\t\t\t\t\t<img src=\"https:\/\/agora.xtec.cat\/insaferrer\/wp-content\/uploads\/usu2510\/2022\/05\/Exhibicio\u0301_Fes-te-escoltar6.jpg\" alt=\"Exhibicio\u0301_Fes-te escoltar6\" width=\"960\" height=\"1280\" \/>\r\n\t\t\t\t\t\t\t\t\t\t<div class=\"slideshow_description_box slideshow_transparent\">\r\n\t\t\t\t\t\t<div class=\"slideshow_title\">Exhibicio\u0301_Fes-te escoltar6<\/div>\t\t\t\t\t\t\t\t\t\t\t<\/div>\r\n\t\t\t\t<\/div>\r\n\r\n\t\t\t\t\t\t<div style=\"clear: both;\"><\/div><\/div><div class=\"slideshow_view\">\r\n\t\t\t\t<div class=\"slideshow_slide slideshow_slide_image\">\r\n\t\t\t\t\t\t\t\t\t\t\t<img src=\"https:\/\/agora.xtec.cat\/insaferrer\/wp-content\/uploads\/usu2510\/2022\/05\/Exhibicio\u0301_Fes-te-escoltar5.jpg\" alt=\"Exhibicio\u0301_Fes-te escoltar5\" width=\"1280\" height=\"960\" \/>\r\n\t\t\t\t\t\t\t\t\t\t<div class=\"slideshow_description_box slideshow_transparent\">\r\n\t\t\t\t\t\t<div class=\"slideshow_title\">Exhibicio\u0301_Fes-te escoltar5<\/div>\t\t\t\t\t\t\t\t\t\t\t<\/div>\r\n\t\t\t\t<\/div>\r\n\r\n\t\t\t\t\t\t\r\n\t\t\t\t<div class=\"slideshow_slide slideshow_slide_image\">\r\n\t\t\t\t\t\t\t\t\t\t\t<img src=\"https:\/\/agora.xtec.cat\/insaferrer\/wp-content\/uploads\/usu2510\/2022\/05\/Exhibicio\u0301_Fes-te-escoltar4.jpg\" alt=\"Exhibicio\u0301_Fes-te escoltar4\" width=\"1280\" height=\"960\" \/>\r\n\t\t\t\t\t\t\t\t\t\t<div class=\"slideshow_description_box slideshow_transparent\">\r\n\t\t\t\t\t\t<div class=\"slideshow_title\">Exhibicio\u0301_Fes-te escoltar4<\/div>\t\t\t\t\t\t\t\t\t\t\t<\/div>\r\n\t\t\t\t<\/div>\r\n\r\n\t\t\t\t\t\t<div style=\"clear: both;\"><\/div><\/div><div class=\"slideshow_view\">\r\n\t\t\t\t<div class=\"slideshow_slide slideshow_slide_image\">\r\n\t\t\t\t\t\t\t\t\t\t\t<img src=\"https:\/\/agora.xtec.cat\/insaferrer\/wp-content\/uploads\/usu2510\/2022\/05\/Exhibicio\u0301_Fes-te-escoltar3.jpg\" alt=\"Exhibicio\u0301_Fes-te escoltar3\" width=\"1280\" height=\"960\" \/>\r\n\t\t\t\t\t\t\t\t\t\t<div class=\"slideshow_description_box slideshow_transparent\">\r\n\t\t\t\t\t\t<div class=\"slideshow_title\">Exhibicio\u0301_Fes-te escoltar3<\/div>\t\t\t\t\t\t\t\t\t\t\t<\/div>\r\n\t\t\t\t<\/div>\r\n\r\n\t\t\t\t\t\t\r\n\t\t\t\t<div class=\"slideshow_slide slideshow_slide_image\">\r\n\t\t\t\t\t\t\t\t\t\t\t<img src=\"https:\/\/agora.xtec.cat\/insaferrer\/wp-content\/uploads\/usu2510\/2022\/05\/Exhibicio\u0301_Fes-te-escoltar2.jpg\" alt=\"Exhibicio\u0301_Fes-te escoltar2\" width=\"1280\" height=\"960\" \/>\r\n\t\t\t\t\t\t\t\t\t\t<div class=\"slideshow_description_box slideshow_transparent\">\r\n\t\t\t\t\t\t<div class=\"slideshow_title\">Exhibicio\u0301_Fes-te escoltar2<\/div>\t\t\t\t\t\t\t\t\t\t\t<\/div>\r\n\t\t\t\t<\/div>\r\n\r\n\t\t\t\t\t\t<div style=\"clear: both;\"><\/div><\/div><div class=\"slideshow_view\">\r\n\t\t\t\t<div class=\"slideshow_slide slideshow_slide_image\">\r\n\t\t\t\t\t\t\t\t\t\t\t<img src=\"https:\/\/agora.xtec.cat\/insaferrer\/wp-content\/uploads\/usu2510\/2022\/05\/Exhibicio\u0301_Fes-te-escoltar1.jpg\" alt=\"Exhibicio\u0301_Fes-te escoltar1\" width=\"1280\" height=\"960\" \/>\r\n\t\t\t\t\t\t\t\t\t\t<div class=\"slideshow_description_box slideshow_transparent\">\r\n\t\t\t\t\t\t<div class=\"slideshow_title\">Exhibicio\u0301_Fes-te escoltar1<\/div>\t\t\t\t\t\t\t\t\t\t\t<\/div>\r\n\t\t\t\t<\/div>\r\n\r\n\t\t\t\t\t\t\r\n\t\t\t\t<div class=\"slideshow_slide slideshow_slide_image\">\r\n\t\t\t\t\t\t\t\t\t\t\t<img src=\"https:\/\/agora.xtec.cat\/insaferrer\/wp-content\/uploads\/usu2510\/2022\/05\/Fes-te-escoltar_drive10.jpg\" alt=\"Fes-te escoltar_drive10\" width=\"1280\" height=\"960\" \/>\r\n\t\t\t\t\t\t\t\t\t\t<div class=\"slideshow_description_box slideshow_transparent\">\r\n\t\t\t\t\t\t<div class=\"slideshow_title\">Fes-te escoltar_drive10<\/div>\t\t\t\t\t\t\t\t\t\t\t<\/div>\r\n\t\t\t\t<\/div>\r\n\r\n\t\t\t\t\t\t<div style=\"clear: both;\"><\/div><\/div><div class=\"slideshow_view\">\r\n\t\t\t\t<div class=\"slideshow_slide slideshow_slide_image\">\r\n\t\t\t\t\t\t\t\t\t\t\t<img src=\"https:\/\/agora.xtec.cat\/insaferrer\/wp-content\/uploads\/usu2510\/2022\/05\/Fes-te-escoltar_drive11.jpg\" alt=\"Fes-te escoltar_drive11\" width=\"1280\" height=\"960\" \/>\r\n\t\t\t\t\t\t\t\t\t\t<div class=\"slideshow_description_box slideshow_transparent\">\r\n\t\t\t\t\t\t<div class=\"slideshow_title\">Fes-te escoltar_drive11<\/div>\t\t\t\t\t\t\t\t\t\t\t<\/div>\r\n\t\t\t\t<\/div>\r\n\r\n\t\t\t\t\t\t\r\n\t\t\t\t<div class=\"slideshow_slide slideshow_slide_image\">\r\n\t\t\t\t\t\t\t\t\t\t\t<img src=\"https:\/\/agora.xtec.cat\/insaferrer\/wp-content\/uploads\/usu2510\/2022\/05\/Fes-te-escoltar_drive12.jpg\" alt=\"Fes-te escoltar_drive12\" width=\"1280\" height=\"960\" \/>\r\n\t\t\t\t\t\t\t\t\t\t<div class=\"slideshow_description_box slideshow_transparent\">\r\n\t\t\t\t\t\t<div class=\"slideshow_title\">Fes-te escoltar_drive12<\/div>\t\t\t\t\t\t\t\t\t\t\t<\/div>\r\n\t\t\t\t<\/div>\r\n\r\n\t\t\t\t\t\t<div style=\"clear: both;\"><\/div><\/div><div class=\"slideshow_view\">\r\n\t\t\t\t<div class=\"slideshow_slide slideshow_slide_image\">\r\n\t\t\t\t\t\t\t\t\t\t\t<img src=\"https:\/\/agora.xtec.cat\/insaferrer\/wp-content\/uploads\/usu2510\/2022\/05\/Fes-te-escoltar_drive13.jpg\" alt=\"Fes-te escoltar_drive13\" width=\"1280\" height=\"960\" \/>\r\n\t\t\t\t\t\t\t\t\t\t<div class=\"slideshow_description_box slideshow_transparent\">\r\n\t\t\t\t\t\t<div class=\"slideshow_title\">Fes-te escoltar_drive13<\/div>\t\t\t\t\t\t\t\t\t\t\t<\/div>\r\n\t\t\t\t<\/div>\r\n\r\n\t\t\t\t\t\t\r\n\t\t\t\t<div class=\"slideshow_slide slideshow_slide_image\">\r\n\t\t\t\t\t\t\t\t\t\t\t<img src=\"https:\/\/agora.xtec.cat\/insaferrer\/wp-content\/uploads\/usu2510\/2022\/05\/Fes-te-escoltar_drive8.jpg\" alt=\"Fes-te escoltar_drive8\" width=\"1280\" height=\"960\" \/>\r\n\t\t\t\t\t\t\t\t\t\t<div class=\"slideshow_description_box slideshow_transparent\">\r\n\t\t\t\t\t\t<div class=\"slideshow_title\">Fes-te escoltar_drive8<\/div>\t\t\t\t\t\t\t\t\t\t\t<\/div>\r\n\t\t\t\t<\/div>\r\n\r\n\t\t\t\t\t\t<div style=\"clear: both;\"><\/div><\/div><div class=\"slideshow_view\">\r\n\t\t\t\t<div class=\"slideshow_slide slideshow_slide_image\">\r\n\t\t\t\t\t\t\t\t\t\t\t<img src=\"https:\/\/agora.xtec.cat\/insaferrer\/wp-content\/uploads\/usu2510\/2022\/05\/Fes-te-escoltar_drive14.jpg\" alt=\"Fes-te escoltar_drive14\" width=\"660\" height=\"297\" \/>\r\n\t\t\t\t\t\t\t\t\t\t<div class=\"slideshow_description_box slideshow_transparent\">\r\n\t\t\t\t\t\t<div class=\"slideshow_title\">Fes-te escoltar_drive14<\/div>\t\t\t\t\t\t\t\t\t\t\t<\/div>\r\n\t\t\t\t<\/div>\r\n\r\n\t\t\t\t\t\t\r\n\t\t\t\t<div class=\"slideshow_slide slideshow_slide_image\">\r\n\t\t\t\t\t\t\t\t\t\t\t<img src=\"https:\/\/agora.xtec.cat\/insaferrer\/wp-content\/uploads\/usu2510\/2022\/05\/Fes-te-escoltar_drive9.jpg\" alt=\"Fes-te escoltar_drive9\" width=\"960\" height=\"1280\" \/>\r\n\t\t\t\t\t\t\t\t\t\t<div class=\"slideshow_description_box slideshow_transparent\">\r\n\t\t\t\t\t\t<div class=\"slideshow_title\">Fes-te escoltar_drive9<\/div>\t\t\t\t\t\t\t\t\t\t\t<\/div>\r\n\t\t\t\t<\/div>\r\n\r\n\t\t\t\t\t\t<div style=\"clear: both;\"><\/div><\/div><div class=\"slideshow_view\">\r\n\t\t\t\t<div class=\"slideshow_slide slideshow_slide_image\">\r\n\t\t\t\t\t\t\t\t\t\t\t<img src=\"https:\/\/agora.xtec.cat\/insaferrer\/wp-content\/uploads\/usu2510\/2022\/05\/Fes-te-escoltar_drive7.jpg\" alt=\"Fes-te escoltar_drive7\" width=\"1280\" height=\"960\" \/>\r\n\t\t\t\t\t\t\t\t\t\t<div class=\"slideshow_description_box slideshow_transparent\">\r\n\t\t\t\t\t\t<div class=\"slideshow_title\">Fes-te escoltar_drive7<\/div>\t\t\t\t\t\t\t\t\t\t\t<\/div>\r\n\t\t\t\t<\/div>\r\n\r\n\t\t\t\t\t\t\r\n\t\t\t\t<div class=\"slideshow_slide slideshow_slide_image\">\r\n\t\t\t\t\t\t\t\t\t\t\t<img src=\"https:\/\/agora.xtec.cat\/insaferrer\/wp-content\/uploads\/usu2510\/2022\/05\/Fes-te-escoltar_drive5.jpg\" alt=\"Fes-te escoltar_drive5\" width=\"1280\" height=\"960\" \/>\r\n\t\t\t\t\t\t\t\t\t\t<div class=\"slideshow_description_box slideshow_transparent\">\r\n\t\t\t\t\t\t<div class=\"slideshow_title\">Fes-te escoltar_drive5<\/div>\t\t\t\t\t\t\t\t\t\t\t<\/div>\r\n\t\t\t\t<\/div>\r\n\r\n\t\t\t\t\t\t<div style=\"clear: both;\"><\/div><\/div><div class=\"slideshow_view\">\r\n\t\t\t\t<div class=\"slideshow_slide slideshow_slide_image\">\r\n\t\t\t\t\t\t\t\t\t\t\t<img src=\"https:\/\/agora.xtec.cat\/insaferrer\/wp-content\/uploads\/usu2510\/2022\/05\/Fes-te-escoltar_drive6.jpg\" alt=\"Fes-te escoltar_drive6\" width=\"1280\" height=\"960\" \/>\r\n\t\t\t\t\t\t\t\t\t\t<div class=\"slideshow_description_box slideshow_transparent\">\r\n\t\t\t\t\t\t<div class=\"slideshow_title\">Fes-te escoltar_drive6<\/div>\t\t\t\t\t\t\t\t\t\t\t<\/div>\r\n\t\t\t\t<\/div>\r\n\r\n\t\t\t\t\t\t\r\n\t\t\t\t<div class=\"slideshow_slide slideshow_slide_image\">\r\n\t\t\t\t\t\t\t\t\t\t\t<img src=\"https:\/\/agora.xtec.cat\/insaferrer\/wp-content\/uploads\/usu2510\/2022\/05\/Fes-te-escoltar_drive15.jpg\" alt=\"Fes-te escoltar_drive15\" width=\"1280\" height=\"960\" \/>\r\n\t\t\t\t\t\t\t\t\t\t<div class=\"slideshow_description_box slideshow_transparent\">\r\n\t\t\t\t\t\t<div class=\"slideshow_title\">Fes-te escoltar_drive15<\/div>\t\t\t\t\t\t\t\t\t\t\t<\/div>\r\n\t\t\t\t<\/div>\r\n\r\n\t\t\t\t\t\t<div style=\"clear: both;\"><\/div><\/div><div class=\"slideshow_view\">\r\n\t\t\t\t<div class=\"slideshow_slide slideshow_slide_image\">\r\n\t\t\t\t\t\t\t\t\t\t\t<img src=\"https:\/\/agora.xtec.cat\/insaferrer\/wp-content\/uploads\/usu2510\/2022\/05\/Fes-te-escoltar_drive2.jpg\" alt=\"Fes-te escoltar_drive2\" width=\"1280\" height=\"960\" \/>\r\n\t\t\t\t\t\t\t\t\t\t<div class=\"slideshow_description_box slideshow_transparent\">\r\n\t\t\t\t\t\t<div class=\"slideshow_title\">Fes-te escoltar_drive2<\/div>\t\t\t\t\t\t\t\t\t\t\t<\/div>\r\n\t\t\t\t<\/div>\r\n\r\n\t\t\t\t\t\t\r\n\t\t\t\t<div class=\"slideshow_slide slideshow_slide_image\">\r\n\t\t\t\t\t\t\t\t\t\t\t<img src=\"https:\/\/agora.xtec.cat\/insaferrer\/wp-content\/uploads\/usu2510\/2022\/05\/Fes-te-escoltar_drive3.jpg\" alt=\"Fes-te escoltar_drive3\" width=\"960\" height=\"1280\" \/>\r\n\t\t\t\t\t\t\t\t\t\t<div class=\"slideshow_description_box slideshow_transparent\">\r\n\t\t\t\t\t\t<div class=\"slideshow_title\">Fes-te escoltar_drive3<\/div>\t\t\t\t\t\t\t\t\t\t\t<\/div>\r\n\t\t\t\t<\/div>\r\n\r\n\t\t\t\t\t\t<div style=\"clear: both;\"><\/div><\/div><div class=\"slideshow_view\">\r\n\t\t\t\t<div class=\"slideshow_slide slideshow_slide_image\">\r\n\t\t\t\t\t\t\t\t\t\t\t<img src=\"https:\/\/agora.xtec.cat\/insaferrer\/wp-content\/uploads\/usu2510\/2022\/05\/Fes-te-escoltar_drive18.jpg\" alt=\"Fes-te escoltar_drive18\" width=\"960\" height=\"1280\" \/>\r\n\t\t\t\t\t\t\t\t\t\t<div class=\"slideshow_description_box slideshow_transparent\">\r\n\t\t\t\t\t\t<div class=\"slideshow_title\">Fes-te escoltar_drive18<\/div>\t\t\t\t\t\t\t\t\t\t\t<\/div>\r\n\t\t\t\t<\/div>\r\n\r\n\t\t\t\t\t\t\r\n\t\t\t\t<div class=\"slideshow_slide slideshow_slide_image\">\r\n\t\t\t\t\t\t\t\t\t\t\t<img src=\"https:\/\/agora.xtec.cat\/insaferrer\/wp-content\/uploads\/usu2510\/2022\/05\/Fes-te-escoltar_drive17.jpg\" alt=\"Fes-te escoltar_drive17\" width=\"1280\" height=\"960\" \/>\r\n\t\t\t\t\t\t\t\t\t\t<div class=\"slideshow_description_box slideshow_transparent\">\r\n\t\t\t\t\t\t<div class=\"slideshow_title\">Fes-te escoltar_drive17<\/div>\t\t\t\t\t\t\t\t\t\t\t<\/div>\r\n\t\t\t\t<\/div>\r\n\r\n\t\t\t\t\t\t<div style=\"clear: both;\"><\/div><\/div><div class=\"slideshow_view\">\r\n\t\t\t\t<div class=\"slideshow_slide slideshow_slide_image\">\r\n\t\t\t\t\t\t\t\t\t\t\t<img src=\"https:\/\/agora.xtec.cat\/insaferrer\/wp-content\/uploads\/usu2510\/2022\/05\/Fes-te-escoltar_drive16.jpg\" alt=\"Fes-te escoltar_drive16\" width=\"1280\" height=\"960\" \/>\r\n\t\t\t\t\t\t\t\t\t\t<div class=\"slideshow_description_box slideshow_transparent\">\r\n\t\t\t\t\t\t<div class=\"slideshow_title\">Fes-te escoltar_drive16<\/div>\t\t\t\t\t\t\t\t\t\t\t<\/div>\r\n\t\t\t\t<\/div>\r\n\r\n\t\t\t\t\t\t\r\n\t\t\t\t<div class=\"slideshow_slide slideshow_slide_image\">\r\n\t\t\t\t\t\t\t\t\t\t\t<img src=\"https:\/\/agora.xtec.cat\/insaferrer\/wp-content\/uploads\/usu2510\/2022\/05\/Fes-te-escoltar_drive4.jpg\" alt=\"Fes-te escoltar_drive4\" width=\"1280\" height=\"960\" \/>\r\n\t\t\t\t\t\t\t\t\t\t<div class=\"slideshow_description_box slideshow_transparent\">\r\n\t\t\t\t\t\t<div class=\"slideshow_title\">Fes-te escoltar_drive4<\/div>\t\t\t\t\t\t\t\t\t\t\t<\/div>\r\n\t\t\t\t<\/div>\r\n\r\n\t\t\t\t\t\t<div style=\"clear: both;\"><\/div><\/div><div class=\"slideshow_view\">\r\n\t\t\t\t<div class=\"slideshow_slide slideshow_slide_image\">\r\n\t\t\t\t\t\t\t\t\t\t\t<img src=\"https:\/\/agora.xtec.cat\/insaferrer\/wp-content\/uploads\/usu2510\/2022\/05\/Fes-te-escoltar_drive1.jpg\" alt=\"Fes-te escoltar_drive1\" width=\"660\" height=\"297\" \/>\r\n\t\t\t\t\t\t\t\t\t\t<div class=\"slideshow_description_box slideshow_transparent\">\r\n\t\t\t\t\t\t<div class=\"slideshow_title\">Fes-te escoltar_drive1<\/div>\t\t\t\t\t\t\t\t\t\t\t<\/div>\r\n\t\t\t\t<\/div>\r\n\r\n\t\t\t\t\t\t<div style=\"clear: both;\"><\/div><\/div>\r\n\t\t<\/div>\r\n\r\n\t\t<div class=\"slideshow_controlPanel slideshow_transparent\" style=\"display: none;\"><ul><li class=\"slideshow_togglePlay\" data-play-text=\"Visualitza\" data-pause-text=\"Pausa\"><\/li><\/ul><\/div>\r\n\r\n\t\t<div class=\"slideshow_button slideshow_previous slideshow_transparent\" role=\"button\" data-previous-text=\"Anterior\" style=\"display: none;\"><\/div>\r\n\t\t<div class=\"slideshow_button slideshow_next slideshow_transparent\" role=\"button\" data-next-text=\"Seg\u00fcent\" style=\"display: none;\"><\/div>\r\n\r\n\t\t<div class=\"slideshow_pagination\" style=\"display: none;\" data-go-to-text=\"V\u00e9s a la diapositiva\"><div class=\"slideshow_pagination_center\"><\/div><\/div>\r\n\r\n\t\t<!-- WordPress Slideshow Version 2.3.1 -->\r\n\r\n\t\t\t<\/div>\r\n\r\n\n<p>Per comunicar el concert vam realitzar: la invitaci\u00f3, un p\u00f2ster amb el nom i la foto dels grups participants i un fullet\u00f3 amb les lletres de totes les can\u00e7ons del rap. Aquest fullet\u00f3 el vam repartir a les fam\u00edlies el dia de l&#8217;exhibici\u00f3:<\/p>\n<p><img loading=\"lazy\" decoding=\"async\" class=\"wp-image-1161 aligncenter\" src=\"https:\/\/agora.xtec.cat\/insaferrer\/wp-content\/uploads\/usu2510\/2022\/05\/Cartell_rap_def-724x1024.jpg\" alt=\"\" width=\"368\" height=\"520\" srcset=\"https:\/\/agora.xtec.cat\/insaferrer\/wp-content\/uploads\/usu2510\/2022\/05\/Cartell_rap_def-724x1024.jpg 724w, https:\/\/agora.xtec.cat\/insaferrer\/wp-content\/uploads\/usu2510\/2022\/05\/Cartell_rap_def-212x300.jpg 212w, https:\/\/agora.xtec.cat\/insaferrer\/wp-content\/uploads\/usu2510\/2022\/05\/Cartell_rap_def-768x1086.jpg 768w, https:\/\/agora.xtec.cat\/insaferrer\/wp-content\/uploads\/usu2510\/2022\/05\/Cartell_rap_def-1086x1536.jpg 1086w, https:\/\/agora.xtec.cat\/insaferrer\/wp-content\/uploads\/usu2510\/2022\/05\/Cartell_rap_def-1448x2048.jpg 1448w, https:\/\/agora.xtec.cat\/insaferrer\/wp-content\/uploads\/usu2510\/2022\/05\/Cartell_rap_def-scaled.jpg 1810w\" sizes=\"auto, (max-width: 368px) 100vw, 368px\" \/><\/p>\n<p><a href=\"https:\/\/agora.xtec.cat\/insaferrer\/wp-content\/uploads\/usu2510\/2022\/05\/portada_rap_dina3_def-1.jpg\"><img loading=\"lazy\" decoding=\"async\" class=\"alignnone size-large wp-image-1164\" src=\"https:\/\/agora.xtec.cat\/insaferrer\/wp-content\/uploads\/usu2510\/2022\/05\/portada_rap_dina3_def-1-1024x724.jpg\" alt=\"\" width=\"1024\" height=\"724\" srcset=\"https:\/\/agora.xtec.cat\/insaferrer\/wp-content\/uploads\/usu2510\/2022\/05\/portada_rap_dina3_def-1-1024x724.jpg 1024w, https:\/\/agora.xtec.cat\/insaferrer\/wp-content\/uploads\/usu2510\/2022\/05\/portada_rap_dina3_def-1-300x212.jpg 300w, https:\/\/agora.xtec.cat\/insaferrer\/wp-content\/uploads\/usu2510\/2022\/05\/portada_rap_dina3_def-1-768x543.jpg 768w, https:\/\/agora.xtec.cat\/insaferrer\/wp-content\/uploads\/usu2510\/2022\/05\/portada_rap_dina3_def-1.jpg 1280w\" sizes=\"auto, (max-width: 1024px) 100vw, 1024px\" \/><\/a><a href=\"https:\/\/agora.xtec.cat\/insaferrer\/wp-content\/uploads\/usu2510\/2022\/05\/Contra_rap_dina3_def-1.jpg\"><img loading=\"lazy\" decoding=\"async\" class=\"alignnone size-large wp-image-1163\" src=\"https:\/\/agora.xtec.cat\/insaferrer\/wp-content\/uploads\/usu2510\/2022\/05\/Contra_rap_dina3_def-1-1024x724.jpg\" alt=\"\" width=\"1024\" height=\"724\" srcset=\"https:\/\/agora.xtec.cat\/insaferrer\/wp-content\/uploads\/usu2510\/2022\/05\/Contra_rap_dina3_def-1-1024x724.jpg 1024w, https:\/\/agora.xtec.cat\/insaferrer\/wp-content\/uploads\/usu2510\/2022\/05\/Contra_rap_dina3_def-1-300x212.jpg 300w, https:\/\/agora.xtec.cat\/insaferrer\/wp-content\/uploads\/usu2510\/2022\/05\/Contra_rap_dina3_def-1-768x543.jpg 768w, https:\/\/agora.xtec.cat\/insaferrer\/wp-content\/uploads\/usu2510\/2022\/05\/Contra_rap_dina3_def-1.jpg 1280w\" sizes=\"auto, (max-width: 1024px) 100vw, 1024px\" \/><\/a><\/p>\n<p><span style=\"font-weight: 400;\">Volem agrair l&#8217;acompanyament de l\u2019entitat Versembrant i tamb\u00e9 el feedback rebut pel Pau Ginart, un exalumne, raper aficionat, que va venir a donar-nos feedback quan ja ten\u00edem la primera versi\u00f3 de la nostra can\u00e7\u00f3.<\/span><\/p>\n<p>A continuaci\u00f3 algunes valoracions del projecte que ha realitzat l&#8217;alumnat dins la &#8220;comissi\u00f3 de la revista&#8221;:<\/p>\n<p><em><span style=\"font-weight: 400;\">&#8220;Aquest projecte intensiu m&#8217;ha semblat un projecte divertit, hem pogut escollir el nostre grup, tamb\u00e9 m\u2019ha agradat molt fer un RAP (fer el beat, compondre la lletra, fer la m\u00fasica, el videoclip i algun moviment). <\/span><\/em><span style=\"font-weight: 400;\"><em>Hem pogut fer el RAP que vol\u00edem i hem tingut molta llibertat per escollir quin tipus de rap fer, quina tem\u00e0tica, quina velocitat del ritme i moltes coses m\u00e9s&#8221;<\/em>. M. T.<\/span><\/p>\n<p><span style=\"font-weight: 400;\"><em>&#8220;Al principi no m&#8217;atreia la idea, per\u00f2 de mica en mica va comen\u00e7ar a agradar-me i em va motivar molt escoltar la m\u00fasica dels altres i com s&#8217;expressaven. Aix\u00ed i tot hem tingut for\u00e7a problemes, vam canviar la lletra i em va costar molt posar la tornada de la base&#8221;<\/em>. <em>Cal dir, per\u00f2 que tot i els nervis sento que al final em vaig quedar molt a gust&#8221;<\/em>. C. R. A.<\/span><\/p>\n<p><span style=\"font-weight: 400;\"><em>&#8220;El projecte intensiu del rap ha estat el que m\u00e9s m&#8217;ha agradat de tots, ja que en rapejar-ho em sentia b\u00e9 i no amb vergonya. \u00c9s veritat que hi va haver algunes dificultats amb el grup, per\u00f2 es van solucionar&#8221;.<\/em> V. T. P<\/span><\/p>\n<p><span style=\"font-weight: 400;\"><em>&#8220;Despr\u00e9s de dies treballant per crear un rap especial, i un rap de veritat, vam aconseguir poder presentar als pares i altres convidats que van venir a veure un gran concert de diferents artistes, i diferents raps. Al principi jo i el meu grup tamb\u00e9, est\u00e0vem\u00a0 molt nerviosos, pensant \u201cNo s\u00e9 si ens sortir\u00e0 b\u00e9, espero que si!\u201d. En acabar l&#8217;exhibici\u00f3 em vaig sentir molt b\u00e9. Despr\u00e9s d\u2019haver cantat ens van dir que ens havia sortit molt b\u00e9. Tothom ens va aplaudir i ens van cridar, llavors ja vaig veure que ens havia sortit molt b\u00e9&#8221;<\/em>. <\/span><span style=\"font-weight: 400;\">N. V.<\/span><\/p>\n<p><em><span style=\"font-weight: 400;\">&#8220;El primer dia del projecte em va agradar molt perqu\u00e8 vam construir un mini rap amb dues noies raperes, jo anava amb el Biel S. vam construir un rap bastant bonic en mitja hora nom\u00e9s. Despr\u00e9s p<\/span><\/em><span style=\"font-weight: 400;\"><em>er fer els grups de les dues setmanes vam sortir al pati i finalment va sortir el grup, aix\u00ed i tot al final nom\u00e9s hem sigut dos al grup perqu\u00e8 dos companys es van posar malalts. Tot el proc\u00e9s del rap l&#8217;hem fet entre dos encara que finalment ens ha sortit molt b\u00e9&#8221;<\/em>. P. E.\u00a0<\/span><\/p>\n<p><span style=\"font-weight: 400;\"><em>&#8220;Fer el rap amb els amics ha estat molt divertit, ens hem trobat molt b\u00e9 fent el videoclip i gravant la can\u00e7\u00f3, i tamb\u00e9 el dia del concert. Crec que va sortir millor del que pens\u00e0vem encara que ens vam deixar un vers d&#8217;una estrofa. \u00c9s de les primeres vegades que no estava nervi\u00f3s abans d&#8217;una presentaci\u00f3, estava molt confiat de qu\u00e8 sortiria b\u00e9. Ens va costar molt fer la base perqu\u00e8 no aconsegu\u00edem un bon ritme, per\u00f2 al final ho vam aconseguir&#8221;<\/em>. J. F.<\/span><\/p>\n<p><span style=\"font-weight: 400;\"><em>&#8220;La meva experi\u00e8ncia amb el rap ha sigut molt bonica i \u00fanica, perqu\u00e8 nosaltres vam fer els grups i vaig anar amb les meves amigues i va ser molt guai. La veritat \u00e9s que no volia cantar amb tothom al davant, per\u00f2 quan vam fer l&#8217;assaig final\u00a0 i ja amb els pares no vaig tenir por. M&#8217;agradaria repetir aquest projecte perqu\u00e8 m&#8217;ha agradat molt fer un rap i tamb\u00e9 per qu\u00e8 he apr\u00e8s moltes coses sobre el rap, la seva hist\u00f2ria, les lletres, els or\u00edgens. Van venir persones que es dediquen a fer raps i ens van explicar com fer-ho b\u00e9, ha estat molt divertit&#8221;<\/em>. L. B.<\/span><\/p>\n<p>Ha estat una experi\u00e8ncia molt enriquidora!!<\/p>\n<p>Gr\u00e0cies, fam\u00edlies, pel vostre suport el dia del concert!<\/p>\n","protected":false},"excerpt":{"rendered":"<p>Aquest 2n trimestre hem realitzat el projecte intensiu &#8220;Fes-te escoltar&#8221;. Ha consistit en la creaci\u00f3 d\u2019un rap i un \u00e0lbum conjunt que expressa el desig de l&#8217;alumnat de 1r d\u2019ESO de denunciar les injust\u00edcies socials. Per dur a terme el rap ens hem endinsat en&hellip;  <a href=\"https:\/\/agora.xtec.cat\/insaferrer\/general\/exhibicio-publica-fes-te-escoltar\/\" title=\"Read Exhibici\u00f3 p\u00fablica &#8220;Fes-te escoltar&#8221;\">Llegeix m\u00e9s\u00bb<\/a><\/p>\n","protected":false},"author":1,"featured_media":1151,"comment_status":"closed","ping_status":"closed","sticky":false,"template":"","format":"standard","meta":{"_bbp_topic_count":0,"_bbp_reply_count":0,"_bbp_total_topic_count":0,"_bbp_total_reply_count":0,"_bbp_voice_count":0,"_bbp_anonymous_reply_count":0,"_bbp_topic_count_hidden":0,"_bbp_reply_count_hidden":0,"_bbp_forum_subforum_count":0,"footnotes":""},"categories":[124,4,1,29],"tags":[107,122,111,108,119],"class_list":["post-1150","post","type-post","status-publish","format-standard","has-post-thumbnail","hentry","category-alumnat","category-eso-1","category-general","category-portada","tag-1r-eso","tag-abp","tag-alumnat","tag-angeleta-ferrer","tag-projecte-dambit"],"post_mailing_queue_ids":[],"_links":{"self":[{"href":"https:\/\/agora.xtec.cat\/insaferrer\/wp-json\/wp\/v2\/posts\/1150","targetHints":{"allow":["GET"]}}],"collection":[{"href":"https:\/\/agora.xtec.cat\/insaferrer\/wp-json\/wp\/v2\/posts"}],"about":[{"href":"https:\/\/agora.xtec.cat\/insaferrer\/wp-json\/wp\/v2\/types\/post"}],"author":[{"embeddable":true,"href":"https:\/\/agora.xtec.cat\/insaferrer\/wp-json\/wp\/v2\/users\/1"}],"replies":[{"embeddable":true,"href":"https:\/\/agora.xtec.cat\/insaferrer\/wp-json\/wp\/v2\/comments?post=1150"}],"version-history":[{"count":3,"href":"https:\/\/agora.xtec.cat\/insaferrer\/wp-json\/wp\/v2\/posts\/1150\/revisions"}],"predecessor-version":[{"id":1201,"href":"https:\/\/agora.xtec.cat\/insaferrer\/wp-json\/wp\/v2\/posts\/1150\/revisions\/1201"}],"wp:featuredmedia":[{"embeddable":true,"href":"https:\/\/agora.xtec.cat\/insaferrer\/wp-json\/wp\/v2\/media\/1151"}],"wp:attachment":[{"href":"https:\/\/agora.xtec.cat\/insaferrer\/wp-json\/wp\/v2\/media?parent=1150"}],"wp:term":[{"taxonomy":"category","embeddable":true,"href":"https:\/\/agora.xtec.cat\/insaferrer\/wp-json\/wp\/v2\/categories?post=1150"},{"taxonomy":"post_tag","embeddable":true,"href":"https:\/\/agora.xtec.cat\/insaferrer\/wp-json\/wp\/v2\/tags?post=1150"}],"curies":[{"name":"wp","href":"https:\/\/api.w.org\/{rel}","templated":true}]}}