{"id":1138,"date":"2022-05-03T18:09:01","date_gmt":"2022-05-03T16:09:01","guid":{"rendered":"https:\/\/agora.xtec.cat\/insaferrer\/?p=1138"},"modified":"2022-05-03T18:16:54","modified_gmt":"2022-05-03T16:16:54","slug":"publicacio-de-barems-una-vegada-resoltes-les-reclamacions","status":"publish","type":"post","link":"https:\/\/agora.xtec.cat\/insaferrer\/general\/publicacio-de-barems-una-vegada-resoltes-les-reclamacions\/","title":{"rendered":"Publicaci\u00f3 de barems una vegada resoltes les reclamacions"},"content":{"rendered":"<h4><span style=\"font-weight: 400;\">Llistat de sol\u00b7licituds de preinscripci\u00f3 al centre una vegada resoltes les reclamacions<\/span><\/h4>\n<p><span style=\"font-weight: 400;\">Publiquem el llistat anonimitzat de sol\u00b7licituds amb la puntuaci\u00f3, resoltes les reclamacions.<\/span><\/p>\n<p><a href=\"https:\/\/agora.xtec.cat\/insaferrer\/wp-content\/uploads\/usu2510\/2022\/05\/INFORME_BAREM_RESOLTES_BAREM.pdf\"><span style=\"font-weight: 400;\">Institut Angeleta Ferrer BCN \u2013 Barem curs 2022-23<\/span><span style=\"font-weight: 400;\"> resoltes les reclamacions<\/span><\/a><\/p>\n<p>Si alguna reclamaci\u00f3 no s&#8217;ha pogut tramitar o la fam\u00edlia considera que no s&#8217;ha resolt la seva reclamaci\u00f3, pot presentar-ne una altra davant la Comissi\u00f3 de Garanties d&#8217;Admissi\u00f3. Per fer-ho, ja no hi ha tr\u00e0mit electr\u00f2nic, sin\u00f3 que s&#8217;ha de presentar a la seu de la Comissi\u00f3 o al Servei Territorial.<\/p>\n<p>&nbsp;<\/p>\n","protected":false},"excerpt":{"rendered":"<p>Llistat de sol\u00b7licituds de preinscripci\u00f3 al centre una vegada resoltes les reclamacions<br \/>\nPubliquem el llistat anonimitzat de sol\u00b7licituds amb la puntuaci\u00f3, resoltes les reclamacions.<br \/>\n<a href=\"https:\/\/agora.xtec.cat\/insaferrer\/wp-content\/uploads\/usu2510\/2022\/05\/INFORME_BAREM_RESOLTES_BAREM.pdf\">Institut Angeleta Ferrer BCN \u2013 Barem curs 2022-23 resoltes les reclamacions<\/a><br \/>\nSi alguna reclamaci\u00f3 no s&#8217;ha pogut tramitar o la fam\u00edlia considera que&hellip;  <a href=\"https:\/\/agora.xtec.cat\/insaferrer\/general\/publicacio-de-barems-una-vegada-resoltes-les-reclamacions\/\" title=\"Read Publicaci\u00f3 de barems una vegada resoltes les reclamacions\">Llegeix m\u00e9s\u00bb<\/a><\/p>\n","protected":false},"author":1,"featured_media":1143,"comment_status":"closed","ping_status":"closed","sticky":false,"template":"","format":"standard","meta":{"_bbp_topic_count":0,"_bbp_reply_count":0,"_bbp_total_topic_count":0,"_bbp_total_reply_count":0,"_bbp_voice_count":0,"_bbp_anonymous_reply_count":0,"_bbp_topic_count_hidden":0,"_bbp_reply_count_hidden":0,"_bbp_forum_subforum_count":0,"footnotes":""},"categories":[124,3,1],"tags":[105],"class_list":["post-1138","post","type-post","status-publish","format-standard","has-post-thumbnail","hentry","category-alumnat","category-eso","category-general","tag-preinscripcio"],"post_mailing_queue_ids":[],"_links":{"self":[{"href":"https:\/\/agora.xtec.cat\/insaferrer\/wp-json\/wp\/v2\/posts\/1138","targetHints":{"allow":["GET"]}}],"collection":[{"href":"https:\/\/agora.xtec.cat\/insaferrer\/wp-json\/wp\/v2\/posts"}],"about":[{"href":"https:\/\/agora.xtec.cat\/insaferrer\/wp-json\/wp\/v2\/types\/post"}],"author":[{"embeddable":true,"href":"https:\/\/agora.xtec.cat\/insaferrer\/wp-json\/wp\/v2\/users\/1"}],"replies":[{"embeddable":true,"href":"https:\/\/agora.xtec.cat\/insaferrer\/wp-json\/wp\/v2\/comments?post=1138"}],"version-history":[{"count":3,"href":"https:\/\/agora.xtec.cat\/insaferrer\/wp-json\/wp\/v2\/posts\/1138\/revisions"}],"predecessor-version":[{"id":1142,"href":"https:\/\/agora.xtec.cat\/insaferrer\/wp-json\/wp\/v2\/posts\/1138\/revisions\/1142"}],"wp:featuredmedia":[{"embeddable":true,"href":"https:\/\/agora.xtec.cat\/insaferrer\/wp-json\/wp\/v2\/media\/1143"}],"wp:attachment":[{"href":"https:\/\/agora.xtec.cat\/insaferrer\/wp-json\/wp\/v2\/media?parent=1138"}],"wp:term":[{"taxonomy":"category","embeddable":true,"href":"https:\/\/agora.xtec.cat\/insaferrer\/wp-json\/wp\/v2\/categories?post=1138"},{"taxonomy":"post_tag","embeddable":true,"href":"https:\/\/agora.xtec.cat\/insaferrer\/wp-json\/wp\/v2\/tags?post=1138"}],"curies":[{"name":"wp","href":"https:\/\/api.w.org\/{rel}","templated":true}]}}