{"id":1114,"date":"2022-04-21T17:13:59","date_gmt":"2022-04-21T15:13:59","guid":{"rendered":"https:\/\/agora.xtec.cat\/insaferrer\/?p=1114"},"modified":"2022-04-21T17:27:24","modified_gmt":"2022-04-21T15:27:24","slug":"puntuacio-provisional-de-la-preinscripcio-al-centre","status":"publish","type":"post","link":"https:\/\/agora.xtec.cat\/insaferrer\/general\/puntuacio-provisional-de-la-preinscripcio-al-centre\/","title":{"rendered":"Puntuaci\u00f3 provisional de la preinscripci\u00f3 al centre"},"content":{"rendered":"<h4>Llistat de sol\u00b7licituds de preinscripci\u00f3 al centre amb la puntuaci\u00f3 provisional<\/h4>\n<p>Publiquem el llista de sol\u00b7licituds de preinscripci\u00f3 a l&#8217;institut Angeleta Ferrer amb la puntuaci\u00f3 provisional.<\/p>\n<p style=\"text-align: center;\"><span style=\"color: #008000;\"><strong><a style=\"color: #008000;\" href=\"https:\/\/agora.xtec.cat\/insaferrer\/wp-content\/uploads\/usu2510\/2022\/04\/Institut-Angeleta-Ferrer-BCN-Barem-provisional-preinscripcio-curs-2022-23.pdf\">Institut Angeleta Ferrer BCN &#8211; Barem provisional preinscripci\u00f3 curs 2022-23<\/a><\/strong><\/span><\/p>\n<p>Aquesta informaci\u00f3 tamb\u00e9 es pot consultar a les oficines municipals d&#8217;escolaritzaci\u00f3 i en la web oficial del Departament: <a href=\"https:\/\/preinscripcio.gencat.cat\/ca\/estudis\/eso\/preinscriute\/seguiment-sollicitud\/llista-sollicituds\/\">Consulta la llista oficial de sol\u00b7licituds amb la puntuaci\u00f3 provisional<\/a><\/p>\n<h4>Per\u00edode per presentar reclamacions: del 22 al 28 d&#8217;abril de 2022<\/h4>\n<p>Si no est\u00e0s d&#8217;acord amb la puntuaci\u00f3 provisional, o detectes alguna errada o anomalia, pots presentar una reclamaci\u00f3. En la consulta individual trobar\u00e0s l&#8217;enlla\u00e7 per presentar-la.<\/p>\n<p>Per consultar la informaci\u00f3 necessites:<\/p>\n<ol>\n<li style=\"list-style-type: none;\">\n<ol>\n<li>El document identificador <strong>(DNI, NIE, NIF o passaport) de la persona que fa el tr\u00e0mit<\/strong> de preinscripci\u00f3.<\/li>\n<li>El codi <span style=\"font-family: inherit; font-size: 1em;\">de la sol\u00b7licitud, amb les <\/span>xifres i lletres que identifiquen la sol\u00b7licitud de preinscripci\u00f3, un cop aquesta s&#8217;ha tramitat, i que s&#8217;especifica<strong> en el resguard de la preinscripci\u00f3.<\/strong><\/li>\n<\/ol>\n<\/li>\n<\/ol>\n<p>Si no pots accedir a la consulta individual o no trobes la sol\u00b7licitud a la llista amb la puntuaci\u00f3 provisional, pots adre\u00e7ar-te al centre o a l&#8217;oficina municipal d&#8217;escolaritzaci\u00f3 per demanar informaci\u00f3. Tamb\u00e9 pots presentar una reclamaci\u00f3 mitjan\u00e7ant els seg\u00fcents accessos, en funci\u00f3 del tipus de sol\u00b7licitud de preinscripci\u00f3 utilitzada:<br \/>\n<a href=\"https:\/\/ctti.queue-it.net\/?c=ctti&amp;e=preins&amp;t=https%3A%2F%2Faplicacions.ensenyament.gencat.cat%2FGEDAC%2FGEDACSOL_SE_MOD_CAT.html\">Si vas presentar una sol\u00b7licitud electr\u00f2nica<\/a><br \/>\n<a href=\"https:\/\/ctti.queue-it.net\/?c=ctti&amp;e=qpreinscripcioapexpr&amp;t=https%3A%2F%2Faplicacions.ensenyament.gencat.cat%2FGEDAC%2FGEDACSOL_SI_MOD_CAT.html\">Si vas presentar una sol\u00b7licitud en suport inform\u00e0tic<\/a><\/p>\n<p>&nbsp;<\/p>\n","protected":false},"excerpt":{"rendered":"<p>Llistat de sol\u00b7licituds de preinscripci\u00f3 al centre amb la puntuaci\u00f3 provisional<br \/>\nPubliquem el llista de sol\u00b7licituds de preinscripci\u00f3 a l&#8217;institut Angeleta Ferrer amb la puntuaci\u00f3 provisional.<br \/>\n<a style=\"color: #008000;\" href=\"https:\/\/agora.xtec.cat\/insaferrer\/wp-content\/uploads\/usu2510\/2022\/04\/Institut-Angeleta-Ferrer-BCN-Barem-provisional-preinscripcio-curs-2022-23.pdf\">Institut Angeleta Ferrer BCN &#8211; Barem provisional preinscripci\u00f3 curs 2022-23<\/a><br \/>\nAquesta informaci\u00f3 tamb\u00e9 es pot consultar a les oficines&hellip;  <a href=\"https:\/\/agora.xtec.cat\/insaferrer\/general\/puntuacio-provisional-de-la-preinscripcio-al-centre\/\" title=\"Read Puntuaci\u00f3 provisional de la preinscripci\u00f3 al centre\">Llegeix m\u00e9s\u00bb<\/a><\/p>\n","protected":false},"author":1,"featured_media":1116,"comment_status":"closed","ping_status":"closed","sticky":false,"template":"","format":"standard","meta":{"_bbp_topic_count":0,"_bbp_reply_count":0,"_bbp_total_topic_count":0,"_bbp_total_reply_count":0,"_bbp_voice_count":0,"_bbp_anonymous_reply_count":0,"_bbp_topic_count_hidden":0,"_bbp_reply_count_hidden":0,"_bbp_forum_subforum_count":0,"footnotes":""},"categories":[124,3,1],"tags":[105],"class_list":["post-1114","post","type-post","status-publish","format-standard","has-post-thumbnail","hentry","category-alumnat","category-eso","category-general","tag-preinscripcio"],"post_mailing_queue_ids":[],"_links":{"self":[{"href":"https:\/\/agora.xtec.cat\/insaferrer\/wp-json\/wp\/v2\/posts\/1114","targetHints":{"allow":["GET"]}}],"collection":[{"href":"https:\/\/agora.xtec.cat\/insaferrer\/wp-json\/wp\/v2\/posts"}],"about":[{"href":"https:\/\/agora.xtec.cat\/insaferrer\/wp-json\/wp\/v2\/types\/post"}],"author":[{"embeddable":true,"href":"https:\/\/agora.xtec.cat\/insaferrer\/wp-json\/wp\/v2\/users\/1"}],"replies":[{"embeddable":true,"href":"https:\/\/agora.xtec.cat\/insaferrer\/wp-json\/wp\/v2\/comments?post=1114"}],"version-history":[{"count":3,"href":"https:\/\/agora.xtec.cat\/insaferrer\/wp-json\/wp\/v2\/posts\/1114\/revisions"}],"predecessor-version":[{"id":1121,"href":"https:\/\/agora.xtec.cat\/insaferrer\/wp-json\/wp\/v2\/posts\/1114\/revisions\/1121"}],"wp:featuredmedia":[{"embeddable":true,"href":"https:\/\/agora.xtec.cat\/insaferrer\/wp-json\/wp\/v2\/media\/1116"}],"wp:attachment":[{"href":"https:\/\/agora.xtec.cat\/insaferrer\/wp-json\/wp\/v2\/media?parent=1114"}],"wp:term":[{"taxonomy":"category","embeddable":true,"href":"https:\/\/agora.xtec.cat\/insaferrer\/wp-json\/wp\/v2\/categories?post=1114"},{"taxonomy":"post_tag","embeddable":true,"href":"https:\/\/agora.xtec.cat\/insaferrer\/wp-json\/wp\/v2\/tags?post=1114"}],"curies":[{"name":"wp","href":"https:\/\/api.w.org\/{rel}","templated":true}]}}