{"id":1024,"date":"2022-03-08T08:30:36","date_gmt":"2022-03-08T07:30:36","guid":{"rendered":"https:\/\/agora.xtec.cat\/insaferrer\/?p=1024"},"modified":"2022-03-06T14:20:55","modified_gmt":"2022-03-06T13:20:55","slug":"el-8-de-marc-es-cada-dia","status":"publish","type":"post","link":"https:\/\/agora.xtec.cat\/insaferrer\/general\/el-8-de-marc-es-cada-dia\/","title":{"rendered":"El 8 de mar\u00e7 \u00e9s cada dia!"},"content":{"rendered":"<p>Des de les comissions de xarxes socials i actualitat de l\u2019institut Angeleta Ferrer, i per a visibilitzar la import\u00e0ncia del 8 de mar\u00e7, us convidem a participar d\u2019aquest Kahoot que hem preparat amb molta il\u00b7lusi\u00f3 perqu\u00e8 es doni m\u00e9s import\u00e0ncia als drets de les dones.<\/p>\n<p>Nosaltres creiem que el 8 de mar\u00e7 \u201c\u00e9s cada dia\u201d i les preguntes que us proposem s\u00f3n una tria que hem fet, despr\u00e9s d\u2019haver fet una mica de recerca. La majoria de nosaltres desconeix\u00edem el perqu\u00e8 del 8 de mar\u00e7. Us animem a posar a prova els vostres coneixements a partir d\u2019aquest Kahoot.<\/p>\n<p><a href=\"https:\/\/kahoot.it\/challenge\/05205202?challenge-id=371315d7-5f98-4a10-88ac-f9db7cb709ae_1646391493129\"><img loading=\"lazy\" decoding=\"async\" class=\"aligncenter size-full wp-image-1025\" src=\"https:\/\/agora.xtec.cat\/insaferrer\/wp-content\/uploads\/usu2510\/2022\/03\/8m.png\" alt=\"\" width=\"490\" height=\"272\" srcset=\"https:\/\/agora.xtec.cat\/insaferrer\/wp-content\/uploads\/usu2510\/2022\/03\/8m.png 490w, https:\/\/agora.xtec.cat\/insaferrer\/wp-content\/uploads\/usu2510\/2022\/03\/8m-300x167.png 300w\" sizes=\"auto, (max-width: 490px) 100vw, 490px\" \/><\/a><\/p>\n<p style=\"text-align: center;\"><span style=\"color: #800080;\"><a style=\"color: #800080;\" href=\"https:\/\/kahoot.it\/challenge\/05205202?challenge-id=371315d7-5f98-4a10-88ac-f9db7cb709ae_1646391493129\"><strong>POSA&#8217;T A PROVA!<\/strong><\/a><\/span><\/p>\n<p><strong>L\u2019objectiu no \u00e9s competir sin\u00f3 visibilitzar alguns noms i fets hist\u00f2rics importants.<\/strong> Lluitem perqu\u00e8 els homes i les dones tinguin exactament els mateixos drets aix\u00ed que aqu\u00ed podeu posar a prova els vostres coneixements responent a preguntes de cultura general entorn del feminisme i el 8 de mar\u00e7.<\/p>\n<p>&nbsp;<\/p>\n<p style=\"text-align: center;\">#Som8deMar\u00e7 #Lesescoleslliuresdeviol\u00e8ncies #Coeducat<\/p>\n","protected":false},"excerpt":{"rendered":"<p>Des de les comissions de xarxes socials i actualitat de l\u2019institut Angeleta Ferrer, i per a visibilitzar la import\u00e0ncia del 8 de mar\u00e7, us convidem a participar d\u2019aquest Kahoot que hem preparat amb molta il\u00b7lusi\u00f3 perqu\u00e8 es doni m\u00e9s import\u00e0ncia als drets de les dones.<br \/>\nNosaltres&hellip;  <a href=\"https:\/\/agora.xtec.cat\/insaferrer\/general\/el-8-de-marc-es-cada-dia\/\" title=\"Read El 8 de mar\u00e7 \u00e9s cada dia!\">Llegeix m\u00e9s\u00bb<\/a><\/p>\n","protected":false},"author":1,"featured_media":1025,"comment_status":"closed","ping_status":"closed","sticky":false,"template":"","format":"standard","meta":{"_bbp_topic_count":0,"_bbp_reply_count":0,"_bbp_total_topic_count":0,"_bbp_total_reply_count":0,"_bbp_voice_count":0,"_bbp_anonymous_reply_count":0,"_bbp_topic_count_hidden":0,"_bbp_reply_count_hidden":0,"_bbp_forum_subforum_count":0,"footnotes":""},"categories":[124,3,4,1],"tags":[127,126,125],"class_list":["post-1024","post","type-post","status-publish","format-standard","has-post-thumbnail","hentry","category-alumnat","category-eso","category-eso-1","category-general","tag-coeducat","tag-lesescoleslliuresdeviolencies","tag-som8demarc"],"post_mailing_queue_ids":[],"_links":{"self":[{"href":"https:\/\/agora.xtec.cat\/insaferrer\/wp-json\/wp\/v2\/posts\/1024","targetHints":{"allow":["GET"]}}],"collection":[{"href":"https:\/\/agora.xtec.cat\/insaferrer\/wp-json\/wp\/v2\/posts"}],"about":[{"href":"https:\/\/agora.xtec.cat\/insaferrer\/wp-json\/wp\/v2\/types\/post"}],"author":[{"embeddable":true,"href":"https:\/\/agora.xtec.cat\/insaferrer\/wp-json\/wp\/v2\/users\/1"}],"replies":[{"embeddable":true,"href":"https:\/\/agora.xtec.cat\/insaferrer\/wp-json\/wp\/v2\/comments?post=1024"}],"version-history":[{"count":1,"href":"https:\/\/agora.xtec.cat\/insaferrer\/wp-json\/wp\/v2\/posts\/1024\/revisions"}],"predecessor-version":[{"id":1026,"href":"https:\/\/agora.xtec.cat\/insaferrer\/wp-json\/wp\/v2\/posts\/1024\/revisions\/1026"}],"wp:featuredmedia":[{"embeddable":true,"href":"https:\/\/agora.xtec.cat\/insaferrer\/wp-json\/wp\/v2\/media\/1025"}],"wp:attachment":[{"href":"https:\/\/agora.xtec.cat\/insaferrer\/wp-json\/wp\/v2\/media?parent=1024"}],"wp:term":[{"taxonomy":"category","embeddable":true,"href":"https:\/\/agora.xtec.cat\/insaferrer\/wp-json\/wp\/v2\/categories?post=1024"},{"taxonomy":"post_tag","embeddable":true,"href":"https:\/\/agora.xtec.cat\/insaferrer\/wp-json\/wp\/v2\/tags?post=1024"}],"curies":[{"name":"wp","href":"https:\/\/api.w.org\/{rel}","templated":true}]}}