{"id":1019,"date":"2022-03-04T16:52:08","date_gmt":"2022-03-04T15:52:08","guid":{"rendered":"https:\/\/agora.xtec.cat\/insaferrer\/?p=1019"},"modified":"2022-03-04T19:16:51","modified_gmt":"2022-03-04T18:16:51","slug":"oferta-inicial-de-places","status":"publish","type":"post","link":"https:\/\/agora.xtec.cat\/insaferrer\/general\/oferta-inicial-de-places\/","title":{"rendered":"Oferta inicial de places"},"content":{"rendered":"<p>Segons calendari previst, i tal com disposa el Decret d&#8217;admissi\u00f3, avui els centres educatius publiquem l&#8217;oferta inicial de places per a la preinscripci\u00f3 2022-2023.<\/p>\n<p>L\u2019oferta inicial pot modificar-se al llarg del proc\u00e9s (en nombre de grups, places i reserva de places NEE) en funci\u00f3 de les necessitats d&#8217;escolaritzaci\u00f3 i del nombre d&#8217;alumnes amb necessitats educatives espec\u00edfiques que s&#8217;hagi detectat.<\/p>\n<p>L&#8217;oferta inicial de places a l&#8217;institut Angeleta Ferrer pel proper curs \u00e9s la seg\u00fcent:<\/p>\n<p><img loading=\"lazy\" decoding=\"async\" class=\"size-full wp-image-1020\" src=\"https:\/\/agora.xtec.cat\/insaferrer\/wp-content\/uploads\/usu2510\/2022\/03\/Publicacio-de-loferta-inicial-de-places-.png\" alt=\"Publicaci\u00f3 de l'oferta inicial de places\" width=\"604\" height=\"200\" srcset=\"https:\/\/agora.xtec.cat\/insaferrer\/wp-content\/uploads\/usu2510\/2022\/03\/Publicacio-de-loferta-inicial-de-places-.png 604w, https:\/\/agora.xtec.cat\/insaferrer\/wp-content\/uploads\/usu2510\/2022\/03\/Publicacio-de-loferta-inicial-de-places--300x99.png 300w\" sizes=\"auto, (max-width: 604px) 100vw, 604px\" \/><\/p>\n<p>L\u2019oferta final es far\u00e0 p\u00fablica el 9 de juny.<\/p>\n<p>L\u2019oferta per al curs 2022-2023 est\u00e0 aprovada pel Consell de Direcci\u00f3, el dia 1 de febrer de 2022 i ha estat plantejada en els diferents <a href=\"https:\/\/www.edubcn.cat\/ca\/el_consorci\/transparencia\/planificacio\/programacio_oferta_educativa\">\u00f2rgans de participaci\u00f3 per la programaci\u00f3<\/a> de l\u2019oferta establerts en el Decret 11\/2021.<\/p>\n","protected":false},"excerpt":{"rendered":"<p>Segons calendari previst, i tal com disposa el Decret d&#8217;admissi\u00f3, avui els centres educatius publiquem l&#8217;oferta inicial de places per a la preinscripci\u00f3 2022-2023.<br \/>\nL\u2019oferta inicial pot modificar-se al llarg del proc\u00e9s (en nombre de grups, places i reserva de places NEE) en funci\u00f3 de les&hellip;  <a href=\"https:\/\/agora.xtec.cat\/insaferrer\/general\/oferta-inicial-de-places\/\" title=\"Read Oferta inicial de places\">Llegeix m\u00e9s\u00bb<\/a><\/p>\n","protected":false},"author":1,"featured_media":604,"comment_status":"closed","ping_status":"closed","sticky":false,"template":"","format":"standard","meta":{"_bbp_topic_count":0,"_bbp_reply_count":0,"_bbp_total_topic_count":0,"_bbp_total_reply_count":0,"_bbp_voice_count":0,"_bbp_anonymous_reply_count":0,"_bbp_topic_count_hidden":0,"_bbp_reply_count_hidden":0,"_bbp_forum_subforum_count":0,"footnotes":""},"categories":[3,4,1],"tags":[],"class_list":["post-1019","post","type-post","status-publish","format-standard","has-post-thumbnail","hentry","category-eso","category-eso-1","category-general"],"post_mailing_queue_ids":[],"_links":{"self":[{"href":"https:\/\/agora.xtec.cat\/insaferrer\/wp-json\/wp\/v2\/posts\/1019","targetHints":{"allow":["GET"]}}],"collection":[{"href":"https:\/\/agora.xtec.cat\/insaferrer\/wp-json\/wp\/v2\/posts"}],"about":[{"href":"https:\/\/agora.xtec.cat\/insaferrer\/wp-json\/wp\/v2\/types\/post"}],"author":[{"embeddable":true,"href":"https:\/\/agora.xtec.cat\/insaferrer\/wp-json\/wp\/v2\/users\/1"}],"replies":[{"embeddable":true,"href":"https:\/\/agora.xtec.cat\/insaferrer\/wp-json\/wp\/v2\/comments?post=1019"}],"version-history":[{"count":3,"href":"https:\/\/agora.xtec.cat\/insaferrer\/wp-json\/wp\/v2\/posts\/1019\/revisions"}],"predecessor-version":[{"id":1023,"href":"https:\/\/agora.xtec.cat\/insaferrer\/wp-json\/wp\/v2\/posts\/1019\/revisions\/1023"}],"wp:featuredmedia":[{"embeddable":true,"href":"https:\/\/agora.xtec.cat\/insaferrer\/wp-json\/wp\/v2\/media\/604"}],"wp:attachment":[{"href":"https:\/\/agora.xtec.cat\/insaferrer\/wp-json\/wp\/v2\/media?parent=1019"}],"wp:term":[{"taxonomy":"category","embeddable":true,"href":"https:\/\/agora.xtec.cat\/insaferrer\/wp-json\/wp\/v2\/categories?post=1019"},{"taxonomy":"post_tag","embeddable":true,"href":"https:\/\/agora.xtec.cat\/insaferrer\/wp-json\/wp\/v2\/tags?post=1019"}],"curies":[{"name":"wp","href":"https:\/\/api.w.org\/{rel}","templated":true}]}}