{"id":8887,"date":"2023-02-06T11:16:54","date_gmt":"2023-02-06T10:16:54","guid":{"rendered":"https:\/\/agora.xtec.cat\/ins25desetembre\/?p=8887"},"modified":"2023-02-06T11:16:54","modified_gmt":"2023-02-06T10:16:54","slug":"visita-aeroport-de-sabadell-2n-batx-ct","status":"publish","type":"post","link":"https:\/\/agora.xtec.cat\/ins25desetembre\/general\/visita-aeroport-de-sabadell-2n-batx-ct\/","title":{"rendered":"VISITA AEROPORT DE SABADELL 2n BATX CT"},"content":{"rendered":"\r\n\t<div class=\"slideshow_container slideshow_container_style-light\" style=\"height: 500px; \" data-slideshow-id=\"8889\" data-style-name=\"style-light\" data-style-version=\"2.3.1\" >\r\n\r\n\t\t\t\t\t<div class=\"slideshow_loading_icon\"><\/div>\r\n\t\t\r\n\t\t<div class=\"slideshow_content\" style=\"display: none;\">\r\n\r\n\t\t\t<div class=\"slideshow_view\">\r\n\t\t\t\t<div class=\"slideshow_slide slideshow_slide_image\">\r\n\t\t\t\t\t\t\t\t\t\t\t<img src=\"https:\/\/agora.xtec.cat\/ins25desetembre\/wp-content\/uploads\/usu1400\/2023\/02\/1-scaled.jpg\" alt=\"1\" width=\"2560\" height=\"1915\" \/>\r\n\t\t\t\t\t\t\t\t\t\t<div class=\"slideshow_description_box slideshow_transparent\">\r\n\t\t\t\t\t\t<div class=\"slideshow_title\">1<\/div>\t\t\t\t\t\t\t\t\t\t\t<\/div>\r\n\t\t\t\t<\/div>\r\n\r\n\t\t\t\t\t\t<div style=\"clear: both;\"><\/div><\/div><div class=\"slideshow_view\">\r\n\t\t\t\t<div class=\"slideshow_slide slideshow_slide_image\">\r\n\t\t\t\t\t\t\t\t\t\t\t<img src=\"https:\/\/agora.xtec.cat\/ins25desetembre\/wp-content\/uploads\/usu1400\/2023\/02\/2-scaled.jpg\" alt=\"2\" width=\"2560\" height=\"1920\" \/>\r\n\t\t\t\t\t\t\t\t\t\t<div class=\"slideshow_description_box slideshow_transparent\">\r\n\t\t\t\t\t\t<div class=\"slideshow_title\">2<\/div>\t\t\t\t\t\t\t\t\t\t\t<\/div>\r\n\t\t\t\t<\/div>\r\n\r\n\t\t\t\t\t\t<div style=\"clear: both;\"><\/div><\/div><div class=\"slideshow_view\">\r\n\t\t\t\t<div class=\"slideshow_slide slideshow_slide_image\">\r\n\t\t\t\t\t\t\t\t\t\t\t<img src=\"https:\/\/agora.xtec.cat\/ins25desetembre\/wp-content\/uploads\/usu1400\/2023\/02\/3-scaled.jpg\" alt=\"3\" width=\"2560\" height=\"1915\" \/>\r\n\t\t\t\t\t\t\t\t\t\t<div class=\"slideshow_description_box slideshow_transparent\">\r\n\t\t\t\t\t\t<div class=\"slideshow_title\">3<\/div>\t\t\t\t\t\t\t\t\t\t\t<\/div>\r\n\t\t\t\t<\/div>\r\n\r\n\t\t\t\t\t\t<div style=\"clear: both;\"><\/div><\/div><div class=\"slideshow_view\">\r\n\t\t\t\t<div class=\"slideshow_slide slideshow_slide_image\">\r\n\t\t\t\t\t\t\t\t\t\t\t<img src=\"https:\/\/agora.xtec.cat\/ins25desetembre\/wp-content\/uploads\/usu1400\/2023\/02\/4-scaled.jpg\" alt=\"4\" width=\"2560\" height=\"1440\" \/>\r\n\t\t\t\t\t\t\t\t\t\t<div class=\"slideshow_description_box slideshow_transparent\">\r\n\t\t\t\t\t\t<div class=\"slideshow_title\">4<\/div>\t\t\t\t\t\t\t\t\t\t\t<\/div>\r\n\t\t\t\t<\/div>\r\n\r\n\t\t\t\t\t\t<div style=\"clear: both;\"><\/div><\/div><div class=\"slideshow_view\">\r\n\t\t\t\t<div class=\"slideshow_slide slideshow_slide_image\">\r\n\t\t\t\t\t\t\t\t\t\t\t<img src=\"https:\/\/agora.xtec.cat\/ins25desetembre\/wp-content\/uploads\/usu1400\/2023\/02\/5-scaled.jpg\" alt=\"5\" width=\"2560\" height=\"1920\" \/>\r\n\t\t\t\t\t\t\t\t\t\t<div class=\"slideshow_description_box slideshow_transparent\">\r\n\t\t\t\t\t\t<div class=\"slideshow_title\">5<\/div>\t\t\t\t\t\t\t\t\t\t\t<\/div>\r\n\t\t\t\t<\/div>\r\n\r\n\t\t\t\t\t\t<div style=\"clear: both;\"><\/div><\/div><div class=\"slideshow_view\">\r\n\t\t\t\t<div class=\"slideshow_slide slideshow_slide_image\">\r\n\t\t\t\t\t\t\t\t\t\t\t<img src=\"https:\/\/agora.xtec.cat\/ins25desetembre\/wp-content\/uploads\/usu1400\/2023\/02\/6-scaled.jpg\" alt=\"6\" width=\"2560\" height=\"1920\" \/>\r\n\t\t\t\t\t\t\t\t\t\t<div class=\"slideshow_description_box slideshow_transparent\">\r\n\t\t\t\t\t\t<div class=\"slideshow_title\">6<\/div>\t\t\t\t\t\t\t\t\t\t\t<\/div>\r\n\t\t\t\t<\/div>\r\n\r\n\t\t\t\t\t\t<div style=\"clear: both;\"><\/div><\/div>\r\n\t\t<\/div>\r\n\r\n\t\t<div class=\"slideshow_controlPanel slideshow_transparent\" style=\"display: none;\"><ul><li class=\"slideshow_togglePlay\" data-play-text=\"Visualitza\" data-pause-text=\"Pausa\"><\/li><\/ul><\/div>\r\n\r\n\t\t<div class=\"slideshow_button slideshow_previous slideshow_transparent\" role=\"button\" data-previous-text=\"Anterior\" style=\"display: none;\"><\/div>\r\n\t\t<div class=\"slideshow_button slideshow_next slideshow_transparent\" role=\"button\" data-next-text=\"Seg\u00fcent\" style=\"display: none;\"><\/div>\r\n\r\n\t\t<div class=\"slideshow_pagination\" style=\"display: none;\" data-go-to-text=\"V\u00e9s a la diapositiva\"><div class=\"slideshow_pagination_center\"><\/div><\/div>\r\n\r\n\t\t<!-- WordPress Slideshow Version 2.3.1 -->\r\n\r\n\t\t\t<\/div>\r\n\r\n\n<p><span style=\"font-weight: 400;\">Divendres passat tot l&#8217;alumnat de 2n curs de Batxillerat, que fa la mat\u00e8ria de Tecnologia Industrial II, va anar de sortida a l&#8217;aeroport de Sabadell. Durant la visita, els alumnes van poder anar al taller, on un mec\u00e0nic els va explicar el funcionament dels motors d&#8217;aviaci\u00f3 i les difer\u00e8ncies que es presenten entre aquests i els motors d&#8217;automoci\u00f3.<\/span><\/p>\n<p><span style=\"font-weight: 400;\">Posteriorment, van visitar els hangars on van poder veure, entre altres, avions acrob\u00e0tics i l&#8217;\u00fanic avi\u00f3 a escala estatal que funciona amb un motor el\u00e8ctric.<\/span><\/p>\n<p><span style=\"font-weight: 400;\">Volem agrair a l&#8217;@aeroclubSabadell la seva amabilitat, el bon tracte mostrat cap als alumnes i el temps dedicat a totes les explicacions. Gr\u00e0cies!<\/span><\/p>\n","protected":false},"excerpt":{"rendered":"<p>\t\t\t\t\t\t1\t\t\t\t\t\t\t\t\t\t\t<\/p>\n<p>\t\t\t\t\t\t2\t\t\t\t\t\t\t\t\t\t\t<\/p>\n<p>\t\t\t\t\t\t3\t\t\t\t\t\t\t\t\t\t\t<\/p>\n<p>\t\t\t\t\t\t4\t\t\t\t\t\t\t\t\t\t\t<\/p>\n<p>\t\t\t\t\t\t5\t\t\t\t\t\t\t\t\t\t\t<\/p>\n<p>\t\t\t\t\t\t6\t\t\t\t\t\t\t\t\t\t\t<\/p>\n<ul>\n<li class=\"slideshow_togglePlay\" data-play-text=\"Visualitza\" data-pause-text=\"Pausa\"><\/li>\n<\/ul>\n<p>Divendres passat tot l&#8217;alumnat de 2n curs de Batxillerat, que fa la mat\u00e8ria de Tecnologia Industrial II, va anar de sortida a l&#8217;aeroport de Sabadell. Durant la visita, els alumnes van poder anar al taller, on un mec\u00e0nic els va explicar el&hellip;  <a href=\"https:\/\/agora.xtec.cat\/ins25desetembre\/general\/visita-aeroport-de-sabadell-2n-batx-ct\/\" title=\"Read VISITA AEROPORT DE SABADELL 2n BATX CT\">Llegeix m\u00e9s\u00bb<\/a><\/p>\n","protected":false},"author":1,"featured_media":8890,"comment_status":"open","ping_status":"closed","sticky":false,"template":"","format":"standard","meta":{"_bbp_topic_count":0,"_bbp_reply_count":0,"_bbp_total_topic_count":0,"_bbp_total_reply_count":0,"_bbp_voice_count":0,"_bbp_anonymous_reply_count":0,"_bbp_topic_count_hidden":0,"_bbp_reply_count_hidden":0,"_bbp_forum_subforum_count":0,"footnotes":""},"categories":[172,160,1,173],"tags":[],"class_list":["post-8887","post","type-post","status-publish","format-standard","has-post-thumbnail","hentry","category-2n-batxillerat","category-dept-tecno","category-general","category-premis"],"post_mailing_queue_ids":[],"_links":{"self":[{"href":"https:\/\/agora.xtec.cat\/ins25desetembre\/wp-json\/wp\/v2\/posts\/8887","targetHints":{"allow":["GET"]}}],"collection":[{"href":"https:\/\/agora.xtec.cat\/ins25desetembre\/wp-json\/wp\/v2\/posts"}],"about":[{"href":"https:\/\/agora.xtec.cat\/ins25desetembre\/wp-json\/wp\/v2\/types\/post"}],"author":[{"embeddable":true,"href":"https:\/\/agora.xtec.cat\/ins25desetembre\/wp-json\/wp\/v2\/users\/1"}],"replies":[{"embeddable":true,"href":"https:\/\/agora.xtec.cat\/ins25desetembre\/wp-json\/wp\/v2\/comments?post=8887"}],"version-history":[{"count":2,"href":"https:\/\/agora.xtec.cat\/ins25desetembre\/wp-json\/wp\/v2\/posts\/8887\/revisions"}],"predecessor-version":[{"id":8896,"href":"https:\/\/agora.xtec.cat\/ins25desetembre\/wp-json\/wp\/v2\/posts\/8887\/revisions\/8896"}],"wp:featuredmedia":[{"embeddable":true,"href":"https:\/\/agora.xtec.cat\/ins25desetembre\/wp-json\/wp\/v2\/media\/8890"}],"wp:attachment":[{"href":"https:\/\/agora.xtec.cat\/ins25desetembre\/wp-json\/wp\/v2\/media?parent=8887"}],"wp:term":[{"taxonomy":"category","embeddable":true,"href":"https:\/\/agora.xtec.cat\/ins25desetembre\/wp-json\/wp\/v2\/categories?post=8887"},{"taxonomy":"post_tag","embeddable":true,"href":"https:\/\/agora.xtec.cat\/ins25desetembre\/wp-json\/wp\/v2\/tags?post=8887"}],"curies":[{"name":"wp","href":"https:\/\/api.w.org\/{rel}","templated":true}]}}