{"id":6350,"date":"2021-03-05T13:24:57","date_gmt":"2021-03-05T12:24:57","guid":{"rendered":"http:\/\/agora.xtec.cat\/ins25desetembre\/?p=6350"},"modified":"2021-03-05T13:25:23","modified_gmt":"2021-03-05T12:25:23","slug":"el-nostre-dia-a-dia-a-linstitut-torrent-dels-alous-video","status":"publish","type":"post","link":"https:\/\/agora.xtec.cat\/ins25desetembre\/general\/el-nostre-dia-a-dia-a-linstitut-torrent-dels-alous-video\/","title":{"rendered":"EL NOSTRE DIA A DIA A L&#8217;INSTITUT TORRENT DELS ALOUS &#8211; V\u00cdDEO"},"content":{"rendered":"<p><iframe loading=\"lazy\" src=\"\/\/www.youtube.com\/embed\/MeFpfGZfoAc\" width=\"560\" height=\"315\" frameborder=\"0\"><\/iframe><\/p>\n<p>Hem preparat aquest v\u00eddeo per ensenyar-vos el dia a dia del nostre institut Torrent dels Alous. Esperem que us agradi! Des d&#8217;aqu\u00ed donar les gr\u00e0cies a la professora Laia Parral per haver-lo gravat i editat.<\/p>\n<p>Direcci\u00f3<\/p>\n","protected":false},"excerpt":{"rendered":"<p>Hem preparat aquest v\u00eddeo per ensenyar-vos el dia a dia del nostre institut Torrent dels Alous. Esperem que us agradi! Des d&#8217;aqu\u00ed donar les gr\u00e0cies a la professora Laia Parral per haver-lo gravat i editat.<br \/>\nDirecci\u00f3<\/p>\n","protected":false},"author":5,"featured_media":6353,"comment_status":"open","ping_status":"closed","sticky":false,"template":"","format":"standard","meta":{"_bbp_topic_count":0,"_bbp_reply_count":0,"_bbp_total_topic_count":0,"_bbp_total_reply_count":0,"_bbp_voice_count":0,"_bbp_anonymous_reply_count":0,"_bbp_topic_count_hidden":0,"_bbp_reply_count_hidden":0,"_bbp_forum_subforum_count":0,"footnotes":""},"categories":[1,114],"tags":[],"class_list":["post-6350","post","type-post","status-publish","format-standard","has-post-thumbnail","hentry","category-general","category-tot-lalumnat"],"post_mailing_queue_ids":[],"_links":{"self":[{"href":"https:\/\/agora.xtec.cat\/ins25desetembre\/wp-json\/wp\/v2\/posts\/6350","targetHints":{"allow":["GET"]}}],"collection":[{"href":"https:\/\/agora.xtec.cat\/ins25desetembre\/wp-json\/wp\/v2\/posts"}],"about":[{"href":"https:\/\/agora.xtec.cat\/ins25desetembre\/wp-json\/wp\/v2\/types\/post"}],"author":[{"embeddable":true,"href":"https:\/\/agora.xtec.cat\/ins25desetembre\/wp-json\/wp\/v2\/users\/5"}],"replies":[{"embeddable":true,"href":"https:\/\/agora.xtec.cat\/ins25desetembre\/wp-json\/wp\/v2\/comments?post=6350"}],"version-history":[{"count":2,"href":"https:\/\/agora.xtec.cat\/ins25desetembre\/wp-json\/wp\/v2\/posts\/6350\/revisions"}],"predecessor-version":[{"id":6352,"href":"https:\/\/agora.xtec.cat\/ins25desetembre\/wp-json\/wp\/v2\/posts\/6350\/revisions\/6352"}],"wp:featuredmedia":[{"embeddable":true,"href":"https:\/\/agora.xtec.cat\/ins25desetembre\/wp-json\/wp\/v2\/media\/6353"}],"wp:attachment":[{"href":"https:\/\/agora.xtec.cat\/ins25desetembre\/wp-json\/wp\/v2\/media?parent=6350"}],"wp:term":[{"taxonomy":"category","embeddable":true,"href":"https:\/\/agora.xtec.cat\/ins25desetembre\/wp-json\/wp\/v2\/categories?post=6350"},{"taxonomy":"post_tag","embeddable":true,"href":"https:\/\/agora.xtec.cat\/ins25desetembre\/wp-json\/wp\/v2\/tags?post=6350"}],"curies":[{"name":"wp","href":"https:\/\/api.w.org\/{rel}","templated":true}]}}