{"id":5636,"date":"2020-06-18T19:35:05","date_gmt":"2020-06-18T17:35:05","guid":{"rendered":"http:\/\/agora.xtec.cat\/ins25desetembre\/?p=5636"},"modified":"2020-06-18T19:35:05","modified_gmt":"2020-06-18T17:35:05","slug":"graduacio-virtual-de-4t-deso-i-2n-batxillerat-curs-2019-2020","status":"publish","type":"post","link":"https:\/\/agora.xtec.cat\/ins25desetembre\/general\/graduacio-virtual-de-4t-deso-i-2n-batxillerat-curs-2019-2020\/","title":{"rendered":"GRADUACI\u00d3 VIRTUAL DE 4t D&#8217;ESO I 2n BATXILLERAT &#8211; CURS 2019\/2020"},"content":{"rendered":"<p><a href=\"https:\/\/agora.xtec.cat\/ins25desetembre\/wp-content\/uploads\/usu1400\/2020\/06\/graduacio\u0301-2n-BATX.jpg\"><img loading=\"lazy\" decoding=\"async\" class=\"alignnone  wp-image-5637\" src=\"https:\/\/agora.xtec.cat\/ins25desetembre\/wp-content\/uploads\/usu1400\/2020\/06\/graduacio\u0301-2n-BATX-1024x565.jpg\" alt=\"\" width=\"633\" height=\"349\" srcset=\"https:\/\/agora.xtec.cat\/ins25desetembre\/wp-content\/uploads\/usu1400\/2020\/06\/graduacio\u0301-2n-BATX-1024x565.jpg 1024w, https:\/\/agora.xtec.cat\/ins25desetembre\/wp-content\/uploads\/usu1400\/2020\/06\/graduacio\u0301-2n-BATX-300x166.jpg 300w, https:\/\/agora.xtec.cat\/ins25desetembre\/wp-content\/uploads\/usu1400\/2020\/06\/graduacio\u0301-2n-BATX-768x424.jpg 768w\" sizes=\"auto, (max-width: 633px) 100vw, 633px\" \/><\/a> <a href=\"https:\/\/agora.xtec.cat\/ins25desetembre\/wp-content\/uploads\/usu1400\/2020\/06\/Captura-de-Pantalla-2020-06-16-a-les-18.14.30.png\"><img loading=\"lazy\" decoding=\"async\" class=\"alignnone  wp-image-5638\" src=\"https:\/\/agora.xtec.cat\/ins25desetembre\/wp-content\/uploads\/usu1400\/2020\/06\/Captura-de-Pantalla-2020-06-16-a-les-18.14.30-1024x576.png\" alt=\"\" width=\"624\" height=\"351\" srcset=\"https:\/\/agora.xtec.cat\/ins25desetembre\/wp-content\/uploads\/usu1400\/2020\/06\/Captura-de-Pantalla-2020-06-16-a-les-18.14.30-1024x576.png 1024w, https:\/\/agora.xtec.cat\/ins25desetembre\/wp-content\/uploads\/usu1400\/2020\/06\/Captura-de-Pantalla-2020-06-16-a-les-18.14.30-300x169.png 300w, https:\/\/agora.xtec.cat\/ins25desetembre\/wp-content\/uploads\/usu1400\/2020\/06\/Captura-de-Pantalla-2020-06-16-a-les-18.14.30-768x432.png 768w, https:\/\/agora.xtec.cat\/ins25desetembre\/wp-content\/uploads\/usu1400\/2020\/06\/Captura-de-Pantalla-2020-06-16-a-les-18.14.30.png 1920w\" sizes=\"auto, (max-width: 624px) 100vw, 624px\" \/><\/a><br \/>\nAquesta setmana hem acomiadat l&#8217;alumnat que acaba etapa al centre. Han estat un total de 90 alumnes de 4t d&#8217;ESO i 26 de 2n de Batxillerat. Les graduacions han tingut lloc el passat 16 i 18 de juny respectivament. Les circumst\u00e0ncies han fet que aquestes graduacions hagin sigut de manera virtual per\u00f2 es van organitzar amb la mateixa il\u00b7lusi\u00f3 i afecte que les graduacions presencials i vam comptar amb la pres\u00e8ncia d&#8217;alumnat, fam\u00edlies, equip docent i membres de l&#8217;AMPA. Durant l&#8217;acte es van fer parlaments, presentacions de v\u00eddeos d&#8217;alumnat i missatges dels profes i tamb\u00e9 es va projectar l&#8217;orla digital, que s&#8217;ha pogut fer gr\u00e0cies a la col\u00b7laboraci\u00f3 de l&#8217;AMPA. La part m\u00e9s emotiva va ser quan es van presentar els v\u00eddeos de comiat de les tutores i el tutor i aquestes es van acomiadar un a un de l&#8217;alumnat present. L&#8217;acte es va tancar amb un brindis. Aprofitem novament per desitjar molta sort i \u00e8xits futurs a la 6\u00aa promoci\u00f3 de 4t d&#8217;ESO i a la 4\u00aa promoci\u00f3 de Batxillerat.<\/p>\n<p>Autora: Anna Malonda (Coord. Activitats)<\/p>\n","protected":false},"excerpt":{"rendered":"<p><a href=\"https:\/\/agora.xtec.cat\/ins25desetembre\/wp-content\/uploads\/usu1400\/2020\/06\/graduacio\u0301-2n-BATX.jpg\"><\/a> <a href=\"https:\/\/agora.xtec.cat\/ins25desetembre\/wp-content\/uploads\/usu1400\/2020\/06\/Captura-de-Pantalla-2020-06-16-a-les-18.14.30.png\"><\/a><br \/>\nAquesta setmana hem acomiadat l&#8217;alumnat que acaba etapa al centre. Han estat un total de 90 alumnes de 4t d&#8217;ESO i 26 de 2n de Batxillerat. Les graduacions han tingut lloc el passat 16 i 18 de juny respectivament. Les circumst\u00e0ncies han&hellip;  <a href=\"https:\/\/agora.xtec.cat\/ins25desetembre\/general\/graduacio-virtual-de-4t-deso-i-2n-batxillerat-curs-2019-2020\/\" title=\"Read GRADUACI\u00d3 VIRTUAL DE 4t D&#8217;ESO I 2n BATXILLERAT &#8211; CURS 2019\/2020\">Llegeix m\u00e9s\u00bb<\/a><\/p>\n","protected":false},"author":5,"featured_media":5637,"comment_status":"open","ping_status":"closed","sticky":false,"template":"","format":"standard","meta":{"_bbp_topic_count":0,"_bbp_reply_count":0,"_bbp_total_topic_count":0,"_bbp_total_reply_count":0,"_bbp_voice_count":0,"_bbp_anonymous_reply_count":0,"_bbp_topic_count_hidden":0,"_bbp_reply_count_hidden":0,"_bbp_forum_subforum_count":0,"footnotes":""},"categories":[172,7,1,29],"tags":[],"class_list":["post-5636","post","type-post","status-publish","format-standard","has-post-thumbnail","hentry","category-2n-batxillerat","category-eso-4","category-general","category-portada"],"post_mailing_queue_ids":[],"_links":{"self":[{"href":"https:\/\/agora.xtec.cat\/ins25desetembre\/wp-json\/wp\/v2\/posts\/5636","targetHints":{"allow":["GET"]}}],"collection":[{"href":"https:\/\/agora.xtec.cat\/ins25desetembre\/wp-json\/wp\/v2\/posts"}],"about":[{"href":"https:\/\/agora.xtec.cat\/ins25desetembre\/wp-json\/wp\/v2\/types\/post"}],"author":[{"embeddable":true,"href":"https:\/\/agora.xtec.cat\/ins25desetembre\/wp-json\/wp\/v2\/users\/5"}],"replies":[{"embeddable":true,"href":"https:\/\/agora.xtec.cat\/ins25desetembre\/wp-json\/wp\/v2\/comments?post=5636"}],"version-history":[{"count":1,"href":"https:\/\/agora.xtec.cat\/ins25desetembre\/wp-json\/wp\/v2\/posts\/5636\/revisions"}],"predecessor-version":[{"id":5639,"href":"https:\/\/agora.xtec.cat\/ins25desetembre\/wp-json\/wp\/v2\/posts\/5636\/revisions\/5639"}],"wp:featuredmedia":[{"embeddable":true,"href":"https:\/\/agora.xtec.cat\/ins25desetembre\/wp-json\/wp\/v2\/media\/5637"}],"wp:attachment":[{"href":"https:\/\/agora.xtec.cat\/ins25desetembre\/wp-json\/wp\/v2\/media?parent=5636"}],"wp:term":[{"taxonomy":"category","embeddable":true,"href":"https:\/\/agora.xtec.cat\/ins25desetembre\/wp-json\/wp\/v2\/categories?post=5636"},{"taxonomy":"post_tag","embeddable":true,"href":"https:\/\/agora.xtec.cat\/ins25desetembre\/wp-json\/wp\/v2\/tags?post=5636"}],"curies":[{"name":"wp","href":"https:\/\/api.w.org\/{rel}","templated":true}]}}