{"id":4588,"date":"2019-05-20T09:59:20","date_gmt":"2019-05-20T07:59:20","guid":{"rendered":"http:\/\/agora.xtec.cat\/ins25desetembre\/?p=4588"},"modified":"2019-05-20T09:59:59","modified_gmt":"2019-05-20T07:59:59","slug":"sortida-per-revisar-les-caixes-niu-del-torrent-dels-alous","status":"publish","type":"post","link":"https:\/\/agora.xtec.cat\/ins25desetembre\/general\/sortida-per-revisar-les-caixes-niu-del-torrent-dels-alous\/","title":{"rendered":"SORTIDA PER REVISAR LES CAIXES NIU DEL TORRENT DELS ALOUS"},"content":{"rendered":"\n<p>Entre finals d&#8217;abril i principis de maig hem anat a revisar com estaven les caixes niu que hav\u00edem penjat al gener, com a continuaci\u00f3 del Projecte interdisciplinar entre els departaments de matem\u00e0tiques, tecnologia i ci\u00e8ncies que estem fent a 1r ESO. Quina ha estat la nostra sorpresa en veure que dues de les caixes estaven ocupades per ocellets! En altres caixes, tot i que no tenien ocells, hi havia indicis que o b\u00e9 estaven fent el niu, o b\u00e9 havien estat finalment abandonades. Tota aquesta tasca l&#8217;hem feta seguint les indicacions que ens havia donat el nostre col\u00b7laborador ornit\u00f2leg, Jorge de Pedro, per no destorbar els ocells i no perjudicar-los en aquest moment de la crian\u00e7a.<\/p>\n<p style=\"text-align: justify;\">La veritat \u00e9s que ens hem emocionat molt en veure que la nostra feina havia valgut la pena i que hem ajudat a que cri\u00efn aquests ocells de l&#8217;entorn del Torrent dels Alous. Ara a classe, continuarem aprenent i aprofundint sobre el meravell\u00f3s m\u00f3n dels ocells. Aqu\u00ed us deixem unes quantes imatges dels pollets, aix\u00ed com unes fotos nostres de la sortida.<\/p>\n<p style=\"text-align: justify;\">Autora: Tere Pardo<\/p>\n","protected":false},"excerpt":{"rendered":"<p>Entre finals d&#8217;abril i principis de maig hem anat a revisar com estaven les caixes niu que hav\u00edem penjat al gener, com a continuaci\u00f3 del Projecte interdisciplinar entre els departaments de matem\u00e0tiques, tecnologia i ci\u00e8ncies que estem fent a 1r ESO. Quina ha estat la&hellip;  <a href=\"https:\/\/agora.xtec.cat\/ins25desetembre\/general\/sortida-per-revisar-les-caixes-niu-del-torrent-dels-alous\/\" title=\"Read SORTIDA PER REVISAR LES CAIXES NIU DEL TORRENT DELS ALOUS\">Llegeix m\u00e9s\u00bb<\/a><\/p>\n","protected":false},"author":12,"featured_media":0,"comment_status":"open","ping_status":"closed","sticky":false,"template":"","format":"standard","meta":{"_bbp_topic_count":0,"_bbp_reply_count":0,"_bbp_total_topic_count":0,"_bbp_total_reply_count":0,"_bbp_voice_count":0,"_bbp_anonymous_reply_count":0,"_bbp_topic_count_hidden":0,"_bbp_reply_count_hidden":0,"_bbp_forum_subforum_count":0,"footnotes":""},"categories":[4,1,29],"tags":[144,170,41,169],"class_list":["post-4588","post","type-post","status-publish","format-standard","hentry","category-eso-1","category-general","category-portada","tag-1r-eso","tag-ciencia","tag-matematiques","tag-tecnologia"],"post_mailing_queue_ids":[],"_links":{"self":[{"href":"https:\/\/agora.xtec.cat\/ins25desetembre\/wp-json\/wp\/v2\/posts\/4588","targetHints":{"allow":["GET"]}}],"collection":[{"href":"https:\/\/agora.xtec.cat\/ins25desetembre\/wp-json\/wp\/v2\/posts"}],"about":[{"href":"https:\/\/agora.xtec.cat\/ins25desetembre\/wp-json\/wp\/v2\/types\/post"}],"author":[{"embeddable":true,"href":"https:\/\/agora.xtec.cat\/ins25desetembre\/wp-json\/wp\/v2\/users\/12"}],"replies":[{"embeddable":true,"href":"https:\/\/agora.xtec.cat\/ins25desetembre\/wp-json\/wp\/v2\/comments?post=4588"}],"version-history":[{"count":3,"href":"https:\/\/agora.xtec.cat\/ins25desetembre\/wp-json\/wp\/v2\/posts\/4588\/revisions"}],"predecessor-version":[{"id":4592,"href":"https:\/\/agora.xtec.cat\/ins25desetembre\/wp-json\/wp\/v2\/posts\/4588\/revisions\/4592"}],"wp:attachment":[{"href":"https:\/\/agora.xtec.cat\/ins25desetembre\/wp-json\/wp\/v2\/media?parent=4588"}],"wp:term":[{"taxonomy":"category","embeddable":true,"href":"https:\/\/agora.xtec.cat\/ins25desetembre\/wp-json\/wp\/v2\/categories?post=4588"},{"taxonomy":"post_tag","embeddable":true,"href":"https:\/\/agora.xtec.cat\/ins25desetembre\/wp-json\/wp\/v2\/tags?post=4588"}],"curies":[{"name":"wp","href":"https:\/\/api.w.org\/{rel}","templated":true}]}}