{"id":13666,"date":"2026-04-23T10:53:00","date_gmt":"2026-04-23T08:53:00","guid":{"rendered":"https:\/\/agora.xtec.cat\/ins25desetembre\/?p=13666"},"modified":"2026-04-23T10:53:00","modified_gmt":"2026-04-23T08:53:00","slug":"2n-de-batxillerat-visita-el-pavello-mies-van-der-rohe","status":"publish","type":"post","link":"https:\/\/agora.xtec.cat\/ins25desetembre\/general\/2n-de-batxillerat-visita-el-pavello-mies-van-der-rohe\/","title":{"rendered":"2n de Batxillerat visita el Pavell\u00f3 Mies van der Rohe"},"content":{"rendered":"<div>\n<p>\r\n\t<div class=\"slideshow_container slideshow_container_style-light\" style=\"height: 500px; \" data-slideshow-id=\"13661\" data-style-name=\"style-light\" data-style-version=\"2.3.1\" >\r\n\r\n\t\t\t\t\t<div class=\"slideshow_loading_icon\"><\/div>\r\n\t\t\r\n\t\t<div class=\"slideshow_content\" style=\"display: none;\">\r\n\r\n\t\t\t<div class=\"slideshow_view\">\r\n\t\t\t\t<div class=\"slideshow_slide slideshow_slide_image\">\r\n\t\t\t\t\t\t\t\t\t\t\t<img src=\"https:\/\/agora.xtec.cat\/ins25desetembre\/wp-content\/uploads\/usu1400\/2026\/04\/1-5.jpg\" alt=\"1 (5)\" width=\"1080\" height=\"1440\" \/>\r\n\t\t\t\t\t\t\t\t\t\t<div class=\"slideshow_description_box slideshow_transparent\">\r\n\t\t\t\t\t\t<div class=\"slideshow_title\">1 (5)<\/div>\t\t\t\t\t\t\t\t\t\t\t<\/div>\r\n\t\t\t\t<\/div>\r\n\r\n\t\t\t\t\t\t<div style=\"clear: both;\"><\/div><\/div><div class=\"slideshow_view\">\r\n\t\t\t\t<div class=\"slideshow_slide slideshow_slide_image\">\r\n\t\t\t\t\t\t\t\t\t\t\t<img src=\"https:\/\/agora.xtec.cat\/ins25desetembre\/wp-content\/uploads\/usu1400\/2026\/04\/2-5.jpg\" alt=\"2 (5)\" width=\"1080\" height=\"1440\" \/>\r\n\t\t\t\t\t\t\t\t\t\t<div class=\"slideshow_description_box slideshow_transparent\">\r\n\t\t\t\t\t\t<div class=\"slideshow_title\">2 (5)<\/div>\t\t\t\t\t\t\t\t\t\t\t<\/div>\r\n\t\t\t\t<\/div>\r\n\r\n\t\t\t\t\t\t<div style=\"clear: both;\"><\/div><\/div><div class=\"slideshow_view\">\r\n\t\t\t\t<div class=\"slideshow_slide slideshow_slide_image\">\r\n\t\t\t\t\t\t\t\t\t\t\t<img src=\"https:\/\/agora.xtec.cat\/ins25desetembre\/wp-content\/uploads\/usu1400\/2026\/04\/3-5.jpg\" alt=\"3 (5)\" width=\"1080\" height=\"1440\" \/>\r\n\t\t\t\t\t\t\t\t\t\t<div class=\"slideshow_description_box slideshow_transparent\">\r\n\t\t\t\t\t\t<div class=\"slideshow_title\">3 (5)<\/div>\t\t\t\t\t\t\t\t\t\t\t<\/div>\r\n\t\t\t\t<\/div>\r\n\r\n\t\t\t\t\t\t<div style=\"clear: both;\"><\/div><\/div><div class=\"slideshow_view\">\r\n\t\t\t\t<div class=\"slideshow_slide slideshow_slide_image\">\r\n\t\t\t\t\t\t\t\t\t\t\t<img src=\"https:\/\/agora.xtec.cat\/ins25desetembre\/wp-content\/uploads\/usu1400\/2026\/04\/4-4.jpg\" alt=\"4 (4)\" width=\"1080\" height=\"1440\" \/>\r\n\t\t\t\t\t\t\t\t\t\t<div class=\"slideshow_description_box slideshow_transparent\">\r\n\t\t\t\t\t\t<div class=\"slideshow_title\">4 (4)<\/div>\t\t\t\t\t\t\t\t\t\t\t<\/div>\r\n\t\t\t\t<\/div>\r\n\r\n\t\t\t\t\t\t<div style=\"clear: both;\"><\/div><\/div>\r\n\t\t<\/div>\r\n\r\n\t\t<div class=\"slideshow_controlPanel slideshow_transparent\" style=\"display: none;\"><ul><li class=\"slideshow_togglePlay\" data-play-text=\"Visualitza\" data-pause-text=\"Pausa\"><\/li><\/ul><\/div>\r\n\r\n\t\t<div class=\"slideshow_button slideshow_previous slideshow_transparent\" role=\"button\" data-previous-text=\"Anterior\" style=\"display: none;\"><\/div>\r\n\t\t<div class=\"slideshow_button slideshow_next slideshow_transparent\" role=\"button\" data-next-text=\"Seg\u00fcent\" style=\"display: none;\"><\/div>\r\n\r\n\t\t<div class=\"slideshow_pagination\" style=\"display: none;\" data-go-to-text=\"V\u00e9s a la diapositiva\"><div class=\"slideshow_pagination_center\"><\/div><\/div>\r\n\r\n\t\t<!-- WordPress Slideshow Version 2.3.1 -->\r\n\r\n\t\t\t<\/div>\r\n\r\n L\u2019alumnat de 2n de Batxillerat ha visitat el Pavell\u00f3 Mies van der Rohe, una de les obres m\u00e9s representatives de l\u2019arquitectura moderna, creada per Ludwig Mies van der Rohe i Lilly Reich per a l\u2019Exposici\u00f3 Internacional de Barcelona de 1929.<\/p>\n<p>Durant la visita vam poder entendre per qu\u00e8 aquest edifici ha estat tan influent en l\u2019arquitectura actual. Vam descobrir la import\u00e0ncia de la\u00a0Bauhaus\u00a0i vam observar com es relacionen l\u2019estructura, els espais oberts, els materials nobles i els petits detalls constructius que fan d\u2019aquesta obra un referent.<\/p>\n<p>Tamb\u00e9 vam con\u00e8ixer millor el proc\u00e9s creatiu dels seus autors gr\u00e0cies a una maqueta i als esbossos originals, que ens van ajudar a entendre com es va concebre aquest espai tan innovador.<\/p>\n<p>Per acabar, vam posar en pr\u00e0ctica els coneixements treballant una fitxa en axonometria i, \u00e9s clar, sense oblidar la selectivitat!<\/p>\n<\/div>\n","protected":false},"excerpt":{"rendered":"<p>\t\t\t\t\t\t1 (5)\t\t\t\t\t\t\t\t\t\t\t<\/p>\n<p>\t\t\t\t\t\t2 (5)\t\t\t\t\t\t\t\t\t\t\t<\/p>\n<p>\t\t\t\t\t\t3 (5)\t\t\t\t\t\t\t\t\t\t\t<\/p>\n<p>\t\t\t\t\t\t4 (4)\t\t\t\t\t\t\t\t\t\t\t<\/p>\n<ul>\n<li class=\"slideshow_togglePlay\" data-play-text=\"Visualitza\" data-pause-text=\"Pausa\"><\/li>\n<\/ul>\n<p> L\u2019alumnat de 2n de Batxillerat ha visitat el Pavell\u00f3 Mies van der Rohe, una de les obres m\u00e9s representatives de l\u2019arquitectura moderna, creada per Ludwig Mies van der Rohe i Lilly Reich per a l\u2019Exposici\u00f3 Internacional de&hellip;  <a href=\"https:\/\/agora.xtec.cat\/ins25desetembre\/general\/2n-de-batxillerat-visita-el-pavello-mies-van-der-rohe\/\" title=\"Read 2n de Batxillerat visita el Pavell\u00f3 Mies van der Rohe\">Llegeix m\u00e9s\u00bb<\/a><\/p>\n","protected":false},"author":22,"featured_media":13662,"comment_status":"open","ping_status":"open","sticky":false,"template":"","format":"standard","meta":{"_bbp_topic_count":0,"_bbp_reply_count":0,"_bbp_total_topic_count":0,"_bbp_total_reply_count":0,"_bbp_voice_count":0,"_bbp_anonymous_reply_count":0,"_bbp_topic_count_hidden":0,"_bbp_reply_count_hidden":0,"_bbp_forum_subforum_count":0,"footnotes":""},"categories":[172,1,29],"tags":[],"class_list":["post-13666","post","type-post","status-publish","format-standard","has-post-thumbnail","hentry","category-2n-batxillerat","category-general","category-portada"],"post_mailing_queue_ids":[],"_links":{"self":[{"href":"https:\/\/agora.xtec.cat\/ins25desetembre\/wp-json\/wp\/v2\/posts\/13666","targetHints":{"allow":["GET"]}}],"collection":[{"href":"https:\/\/agora.xtec.cat\/ins25desetembre\/wp-json\/wp\/v2\/posts"}],"about":[{"href":"https:\/\/agora.xtec.cat\/ins25desetembre\/wp-json\/wp\/v2\/types\/post"}],"author":[{"embeddable":true,"href":"https:\/\/agora.xtec.cat\/ins25desetembre\/wp-json\/wp\/v2\/users\/22"}],"replies":[{"embeddable":true,"href":"https:\/\/agora.xtec.cat\/ins25desetembre\/wp-json\/wp\/v2\/comments?post=13666"}],"version-history":[{"count":1,"href":"https:\/\/agora.xtec.cat\/ins25desetembre\/wp-json\/wp\/v2\/posts\/13666\/revisions"}],"predecessor-version":[{"id":13667,"href":"https:\/\/agora.xtec.cat\/ins25desetembre\/wp-json\/wp\/v2\/posts\/13666\/revisions\/13667"}],"wp:featuredmedia":[{"embeddable":true,"href":"https:\/\/agora.xtec.cat\/ins25desetembre\/wp-json\/wp\/v2\/media\/13662"}],"wp:attachment":[{"href":"https:\/\/agora.xtec.cat\/ins25desetembre\/wp-json\/wp\/v2\/media?parent=13666"}],"wp:term":[{"taxonomy":"category","embeddable":true,"href":"https:\/\/agora.xtec.cat\/ins25desetembre\/wp-json\/wp\/v2\/categories?post=13666"},{"taxonomy":"post_tag","embeddable":true,"href":"https:\/\/agora.xtec.cat\/ins25desetembre\/wp-json\/wp\/v2\/tags?post=13666"}],"curies":[{"name":"wp","href":"https:\/\/api.w.org\/{rel}","templated":true}]}}