{"id":12234,"date":"2025-02-20T09:16:28","date_gmt":"2025-02-20T08:16:28","guid":{"rendered":"https:\/\/agora.xtec.cat\/ins25desetembre\/?p=12234"},"modified":"2025-02-20T09:16:28","modified_gmt":"2025-02-20T08:16:28","slug":"quines-consignes-ordena-el-rei-carnestoltes-%f0%9f%8e%ad","status":"publish","type":"post","link":"https:\/\/agora.xtec.cat\/ins25desetembre\/general\/quines-consignes-ordena-el-rei-carnestoltes-%f0%9f%8e%ad\/","title":{"rendered":"QUINES CONSIGNES ORDENA EL REI CARNESTOLTES? \ud83c\udfad"},"content":{"rendered":"<p><a href=\"https:\/\/agora.xtec.cat\/ins25desetembre\/wp-content\/uploads\/usu1400\/2025\/02\/CONSIGNES-TORRENT-DELS-ALOUS.jpg\"><img loading=\"lazy\" decoding=\"async\" class=\"alignnone size-large wp-image-12235\" src=\"https:\/\/agora.xtec.cat\/ins25desetembre\/wp-content\/uploads\/usu1400\/2025\/02\/CONSIGNES-TORRENT-DELS-ALOUS-410x1024.jpg\" alt=\"\" width=\"410\" height=\"1024\" srcset=\"https:\/\/agora.xtec.cat\/ins25desetembre\/wp-content\/uploads\/usu1400\/2025\/02\/CONSIGNES-TORRENT-DELS-ALOUS-410x1024.jpg 410w, https:\/\/agora.xtec.cat\/ins25desetembre\/wp-content\/uploads\/usu1400\/2025\/02\/CONSIGNES-TORRENT-DELS-ALOUS-120x300.jpg 120w, https:\/\/agora.xtec.cat\/ins25desetembre\/wp-content\/uploads\/usu1400\/2025\/02\/CONSIGNES-TORRENT-DELS-ALOUS-768x1920.jpg 768w, https:\/\/agora.xtec.cat\/ins25desetembre\/wp-content\/uploads\/usu1400\/2025\/02\/CONSIGNES-TORRENT-DELS-ALOUS.jpg 800w\" sizes=\"auto, (max-width: 410px) 100vw, 410px\" \/><\/a><\/p>\n<p>El carnaval 2025 est\u00e0 per arribar, i el rei Carnestoltes ha ordenat un seguit de consignes que s\u2019hauran de complir de dilluns a divendres de la setmana del 24 al 28 de febrer:<\/p>\n<p>1\ufe0f\u20e3 Dilluns: Tothom amb pijama!<\/p>\n<p>2\ufe0f\u20e3 Dimarts: Tota la tutoria vestida del mateix color!<\/p>\n<p>3\ufe0f\u20e3 Dimecres: Els profes vestits d\u2019alumnes i els alumnes de profes!<\/p>\n<p>4\ufe0f\u20e3 Dijous: El cap ben decorat!<\/p>\n<p>i\u2026<\/p>\n<p>\u203c\ufe0f Divendres tothom ben disfressat!! \u203c\ufe0f<\/p>\n<p>Durant aquesta setmana l\u2019alumnat haur\u00e0 de complir amb aquestes consignes per tal de comen\u00e7ar a guanyar punts pel concurs del divendres 28 de febrer, on cada tutoria far\u00e0 la seva performance, que aquest any est\u00e0 relacionada amb els contes, el cinema i les s\u00e8ries.<\/p>\n<p>Estem segurs que ser\u00e0 una setmana inoblidable!<\/p>\n<p>Comissi\u00f3 de carnaval<\/p>\n","protected":false},"excerpt":{"rendered":"<p><a href=\"https:\/\/agora.xtec.cat\/ins25desetembre\/wp-content\/uploads\/usu1400\/2025\/02\/CONSIGNES-TORRENT-DELS-ALOUS.jpg\"><\/a><br \/>\nEl carnaval 2025 est\u00e0 per arribar, i el rei Carnestoltes ha ordenat un seguit de consignes que s\u2019hauran de complir de dilluns a divendres de la setmana del 24 al 28 de febrer:<br \/>\n1\ufe0f\u20e3 Dilluns: Tothom amb pijama!<br \/>\n2\ufe0f\u20e3 Dimarts: Tota la tutoria vestida del mateix&hellip;  <a href=\"https:\/\/agora.xtec.cat\/ins25desetembre\/general\/quines-consignes-ordena-el-rei-carnestoltes-%f0%9f%8e%ad\/\" title=\"Read QUINES CONSIGNES ORDENA EL REI CARNESTOLTES? \ud83c\udfad\">Llegeix m\u00e9s\u00bb<\/a><\/p>\n","protected":false},"author":1,"featured_media":12235,"comment_status":"open","ping_status":"closed","sticky":false,"template":"","format":"standard","meta":{"_bbp_topic_count":0,"_bbp_reply_count":0,"_bbp_total_topic_count":0,"_bbp_total_reply_count":0,"_bbp_voice_count":0,"_bbp_anonymous_reply_count":0,"_bbp_topic_count_hidden":0,"_bbp_reply_count_hidden":0,"_bbp_forum_subforum_count":0,"footnotes":""},"categories":[1,29,114],"tags":[],"class_list":["post-12234","post","type-post","status-publish","format-standard","has-post-thumbnail","hentry","category-general","category-portada","category-tot-lalumnat"],"post_mailing_queue_ids":[],"_links":{"self":[{"href":"https:\/\/agora.xtec.cat\/ins25desetembre\/wp-json\/wp\/v2\/posts\/12234","targetHints":{"allow":["GET"]}}],"collection":[{"href":"https:\/\/agora.xtec.cat\/ins25desetembre\/wp-json\/wp\/v2\/posts"}],"about":[{"href":"https:\/\/agora.xtec.cat\/ins25desetembre\/wp-json\/wp\/v2\/types\/post"}],"author":[{"embeddable":true,"href":"https:\/\/agora.xtec.cat\/ins25desetembre\/wp-json\/wp\/v2\/users\/1"}],"replies":[{"embeddable":true,"href":"https:\/\/agora.xtec.cat\/ins25desetembre\/wp-json\/wp\/v2\/comments?post=12234"}],"version-history":[{"count":2,"href":"https:\/\/agora.xtec.cat\/ins25desetembre\/wp-json\/wp\/v2\/posts\/12234\/revisions"}],"predecessor-version":[{"id":12237,"href":"https:\/\/agora.xtec.cat\/ins25desetembre\/wp-json\/wp\/v2\/posts\/12234\/revisions\/12237"}],"wp:featuredmedia":[{"embeddable":true,"href":"https:\/\/agora.xtec.cat\/ins25desetembre\/wp-json\/wp\/v2\/media\/12235"}],"wp:attachment":[{"href":"https:\/\/agora.xtec.cat\/ins25desetembre\/wp-json\/wp\/v2\/media?parent=12234"}],"wp:term":[{"taxonomy":"category","embeddable":true,"href":"https:\/\/agora.xtec.cat\/ins25desetembre\/wp-json\/wp\/v2\/categories?post=12234"},{"taxonomy":"post_tag","embeddable":true,"href":"https:\/\/agora.xtec.cat\/ins25desetembre\/wp-json\/wp\/v2\/tags?post=12234"}],"curies":[{"name":"wp","href":"https:\/\/api.w.org\/{rel}","templated":true}]}}