{"id":11911,"date":"2024-11-22T14:24:23","date_gmt":"2024-11-22T13:24:23","guid":{"rendered":"https:\/\/agora.xtec.cat\/ins25desetembre\/?p=11911"},"modified":"2024-11-22T14:24:23","modified_gmt":"2024-11-22T13:24:23","slug":"%e2%9c%a8-un-dia-ple-dart-reflexio-i-creativitat","status":"publish","type":"post","link":"https:\/\/agora.xtec.cat\/ins25desetembre\/general\/%e2%9c%a8-un-dia-ple-dart-reflexio-i-creativitat\/","title":{"rendered":"\u2728 UN DIA PLE D&#8217;ART, REFLEXI\u00d3 I CREATIVITAT!"},"content":{"rendered":"<div>\n\r\n\t<div class=\"slideshow_container slideshow_container_style-light\" style=\"height: 500px; \" data-slideshow-id=\"11913\" data-style-name=\"style-light\" data-style-version=\"2.3.1\" >\r\n\r\n\t\t\t\t\t<div class=\"slideshow_loading_icon\"><\/div>\r\n\t\t\r\n\t\t<div class=\"slideshow_content\" style=\"display: none;\">\r\n\r\n\t\t\t<div class=\"slideshow_view\">\r\n\t\t\t\t<div class=\"slideshow_slide slideshow_slide_image\">\r\n\t\t\t\t\t\t\t\t\t\t\t<img src=\"https:\/\/agora.xtec.cat\/ins25desetembre\/wp-content\/uploads\/usu1400\/2024\/11\/1.jpg\" alt=\"1\" width=\"945\" height=\"945\" \/>\r\n\t\t\t\t\t\t\t\t\t\t<div class=\"slideshow_description_box slideshow_transparent\">\r\n\t\t\t\t\t\t<div class=\"slideshow_title\">1<\/div>\t\t\t\t\t\t\t\t\t\t\t<\/div>\r\n\t\t\t\t<\/div>\r\n\r\n\t\t\t\t\t\t<div style=\"clear: both;\"><\/div><\/div><div class=\"slideshow_view\">\r\n\t\t\t\t<div class=\"slideshow_slide slideshow_slide_image\">\r\n\t\t\t\t\t\t\t\t\t\t\t<img src=\"https:\/\/agora.xtec.cat\/ins25desetembre\/wp-content\/uploads\/usu1400\/2024\/11\/2.jpg\" alt=\"2\" width=\"945\" height=\"945\" \/>\r\n\t\t\t\t\t\t\t\t\t\t<div class=\"slideshow_description_box slideshow_transparent\">\r\n\t\t\t\t\t\t<div class=\"slideshow_title\">2<\/div>\t\t\t\t\t\t\t\t\t\t\t<\/div>\r\n\t\t\t\t<\/div>\r\n\r\n\t\t\t\t\t\t<div style=\"clear: both;\"><\/div><\/div><div class=\"slideshow_view\">\r\n\t\t\t\t<div class=\"slideshow_slide slideshow_slide_image\">\r\n\t\t\t\t\t\t\t\t\t\t\t<img src=\"https:\/\/agora.xtec.cat\/ins25desetembre\/wp-content\/uploads\/usu1400\/2024\/11\/3.jpg\" alt=\"3\" width=\"945\" height=\"945\" \/>\r\n\t\t\t\t\t\t\t\t\t\t<div class=\"slideshow_description_box slideshow_transparent\">\r\n\t\t\t\t\t\t<div class=\"slideshow_title\">3<\/div>\t\t\t\t\t\t\t\t\t\t\t<\/div>\r\n\t\t\t\t<\/div>\r\n\r\n\t\t\t\t\t\t<div style=\"clear: both;\"><\/div><\/div><div class=\"slideshow_view\">\r\n\t\t\t\t<div class=\"slideshow_slide slideshow_slide_image\">\r\n\t\t\t\t\t\t\t\t\t\t\t<img src=\"https:\/\/agora.xtec.cat\/ins25desetembre\/wp-content\/uploads\/usu1400\/2024\/11\/4.jpg\" alt=\"4\" width=\"945\" height=\"945\" \/>\r\n\t\t\t\t\t\t\t\t\t\t<div class=\"slideshow_description_box slideshow_transparent\">\r\n\t\t\t\t\t\t<div class=\"slideshow_title\">4<\/div>\t\t\t\t\t\t\t\t\t\t\t<\/div>\r\n\t\t\t\t<\/div>\r\n\r\n\t\t\t\t\t\t<div style=\"clear: both;\"><\/div><\/div><div class=\"slideshow_view\">\r\n\t\t\t\t<div class=\"slideshow_slide slideshow_slide_image\">\r\n\t\t\t\t\t\t\t\t\t\t\t<img src=\"https:\/\/agora.xtec.cat\/ins25desetembre\/wp-content\/uploads\/usu1400\/2024\/11\/5.jpg\" alt=\"5\" width=\"945\" height=\"945\" \/>\r\n\t\t\t\t\t\t\t\t\t\t<div class=\"slideshow_description_box slideshow_transparent\">\r\n\t\t\t\t\t\t<div class=\"slideshow_title\">5<\/div>\t\t\t\t\t\t\t\t\t\t\t<\/div>\r\n\t\t\t\t<\/div>\r\n\r\n\t\t\t\t\t\t<div style=\"clear: both;\"><\/div><\/div><div class=\"slideshow_view\">\r\n\t\t\t\t<div class=\"slideshow_slide slideshow_slide_image\">\r\n\t\t\t\t\t\t\t\t\t\t\t<img src=\"https:\/\/agora.xtec.cat\/ins25desetembre\/wp-content\/uploads\/usu1400\/2024\/11\/6.jpg\" alt=\"6\" width=\"945\" height=\"945\" \/>\r\n\t\t\t\t\t\t\t\t\t\t<div class=\"slideshow_description_box slideshow_transparent\">\r\n\t\t\t\t\t\t<div class=\"slideshow_title\">6<\/div>\t\t\t\t\t\t\t\t\t\t\t<\/div>\r\n\t\t\t\t<\/div>\r\n\r\n\t\t\t\t\t\t<div style=\"clear: both;\"><\/div><\/div>\r\n\t\t<\/div>\r\n\r\n\t\t<div class=\"slideshow_controlPanel slideshow_transparent\" style=\"display: none;\"><ul><li class=\"slideshow_togglePlay\" data-play-text=\"Visualitza\" data-pause-text=\"Pausa\"><\/li><\/ul><\/div>\r\n\r\n\t\t<div class=\"slideshow_button slideshow_previous slideshow_transparent\" role=\"button\" data-previous-text=\"Anterior\" style=\"display: none;\"><\/div>\r\n\t\t<div class=\"slideshow_button slideshow_next slideshow_transparent\" role=\"button\" data-next-text=\"Seg\u00fcent\" style=\"display: none;\"><\/div>\r\n\r\n\t\t<div class=\"slideshow_pagination\" style=\"display: none;\" data-go-to-text=\"V\u00e9s a la diapositiva\"><div class=\"slideshow_pagination_center\"><\/div><\/div>\r\n\r\n\t\t<!-- WordPress Slideshow Version 2.3.1 -->\r\n\r\n\t\t\t<\/div>\r\n\r\n\n<p style=\"text-align: justify;\">L\u2019alumnat de 3r d\u2019ESO ha visitat el\u00a0<strong>Museu Nacional d\u2019Art de Catalunya (MNAC)<\/strong>\u00a0per participar en el taller\u00a0<em>&#8220;Mirades insubmises&#8221;<\/em>. Durant l\u2019activitat, han analitzat obres d\u2019art des d\u2019una perspectiva cr\u00edtica, centrada en la identitat i el g\u00e8nere. Tamb\u00e9 han realitzat una performance que els ha perm\u00e8s expressar-se a trav\u00e9s del moviment i reflexionar sobre les normes socials.<\/p>\n<p style=\"text-align: justify;\">A m\u00e9s, han explorat les sales del rom\u00e0nic, g\u00f2tic i art modern, descobrint peces ic\u00f2niques i fascinant-se amb les hist\u00f2ries que amaguen\u00a0<img decoding=\"async\" class=\"an1\" draggable=\"false\" src=\"https:\/\/fonts.gstatic.com\/s\/e\/notoemoji\/15.1\/1f3a8\/32.png\" alt=\"\ud83c\udfa8\" data-emoji=\"\ud83c\udfa8\" aria-label=\"\ud83c\udfa8\" \/>\u00a0. Per completar la visita, les professores d\u2019<strong>Educaci\u00f3 Pl\u00e0stica, Visual i Audiovisual<\/strong>\u00a0havien preparat una activitat especial que els ha ajudat a descobrir les exposicions de forma din\u00e0mica i participativa.<\/p>\n<p style=\"text-align: justify;\"><img decoding=\"async\" class=\"an1\" draggable=\"false\" src=\"https:\/\/fonts.gstatic.com\/s\/e\/notoemoji\/15.1\/1f3db_fe0f\/32.png\" alt=\"\ud83c\udfdb\ufe0f\" data-emoji=\"\ud83c\udfdb\ufe0f\" aria-label=\"\ud83c\udfdb\ufe0f\" \/>\u00a0La jornada ha finalitzat amb una passejada pel majestu\u00f3s edifici del museu i gaudint de les espectaculars vistes de Barcelona. Sens dubte, una experi\u00e8ncia diferent sortint de l&#8217;aula!<\/p>\n<\/div>\n","protected":false},"excerpt":{"rendered":"<p>\t\t\t\t\t\t1\t\t\t\t\t\t\t\t\t\t\t<\/p>\n<p>\t\t\t\t\t\t2\t\t\t\t\t\t\t\t\t\t\t<\/p>\n<p>\t\t\t\t\t\t3\t\t\t\t\t\t\t\t\t\t\t<\/p>\n<p>\t\t\t\t\t\t4\t\t\t\t\t\t\t\t\t\t\t<\/p>\n<p>\t\t\t\t\t\t5\t\t\t\t\t\t\t\t\t\t\t<\/p>\n<p>\t\t\t\t\t\t6\t\t\t\t\t\t\t\t\t\t\t<\/p>\n<ul>\n<li class=\"slideshow_togglePlay\" data-play-text=\"Visualitza\" data-pause-text=\"Pausa\"><\/li>\n<\/ul>\n<p>L\u2019alumnat de 3r d\u2019ESO ha visitat el\u00a0Museu Nacional d\u2019Art de Catalunya (MNAC)\u00a0per participar en el taller\u00a0&#8220;Mirades insubmises&#8221;. Durant l\u2019activitat, han analitzat obres d\u2019art des d\u2019una perspectiva cr\u00edtica, centrada en la identitat i el g\u00e8nere. Tamb\u00e9 han realitzat una performance que els ha&hellip;  <a href=\"https:\/\/agora.xtec.cat\/ins25desetembre\/general\/%e2%9c%a8-un-dia-ple-dart-reflexio-i-creativitat\/\" title=\"Read \u2728 UN DIA PLE D&#8217;ART, REFLEXI\u00d3 I CREATIVITAT!\">Llegeix m\u00e9s\u00bb<\/a><\/p>\n","protected":false},"author":1,"featured_media":11914,"comment_status":"open","ping_status":"closed","sticky":false,"template":"","format":"standard","meta":{"_bbp_topic_count":0,"_bbp_reply_count":0,"_bbp_total_topic_count":0,"_bbp_total_reply_count":0,"_bbp_voice_count":0,"_bbp_anonymous_reply_count":0,"_bbp_topic_count_hidden":0,"_bbp_reply_count_hidden":0,"_bbp_forum_subforum_count":0,"footnotes":""},"categories":[227,6,1,29],"tags":[],"class_list":["post-11911","post","type-post","status-publish","format-standard","has-post-thumbnail","hentry","category-dep-expressio","category-eso-3","category-general","category-portada"],"post_mailing_queue_ids":[],"_links":{"self":[{"href":"https:\/\/agora.xtec.cat\/ins25desetembre\/wp-json\/wp\/v2\/posts\/11911","targetHints":{"allow":["GET"]}}],"collection":[{"href":"https:\/\/agora.xtec.cat\/ins25desetembre\/wp-json\/wp\/v2\/posts"}],"about":[{"href":"https:\/\/agora.xtec.cat\/ins25desetembre\/wp-json\/wp\/v2\/types\/post"}],"author":[{"embeddable":true,"href":"https:\/\/agora.xtec.cat\/ins25desetembre\/wp-json\/wp\/v2\/users\/1"}],"replies":[{"embeddable":true,"href":"https:\/\/agora.xtec.cat\/ins25desetembre\/wp-json\/wp\/v2\/comments?post=11911"}],"version-history":[{"count":2,"href":"https:\/\/agora.xtec.cat\/ins25desetembre\/wp-json\/wp\/v2\/posts\/11911\/revisions"}],"predecessor-version":[{"id":11920,"href":"https:\/\/agora.xtec.cat\/ins25desetembre\/wp-json\/wp\/v2\/posts\/11911\/revisions\/11920"}],"wp:featuredmedia":[{"embeddable":true,"href":"https:\/\/agora.xtec.cat\/ins25desetembre\/wp-json\/wp\/v2\/media\/11914"}],"wp:attachment":[{"href":"https:\/\/agora.xtec.cat\/ins25desetembre\/wp-json\/wp\/v2\/media?parent=11911"}],"wp:term":[{"taxonomy":"category","embeddable":true,"href":"https:\/\/agora.xtec.cat\/ins25desetembre\/wp-json\/wp\/v2\/categories?post=11911"},{"taxonomy":"post_tag","embeddable":true,"href":"https:\/\/agora.xtec.cat\/ins25desetembre\/wp-json\/wp\/v2\/tags?post=11911"}],"curies":[{"name":"wp","href":"https:\/\/api.w.org\/{rel}","templated":true}]}}