{"id":11878,"date":"2024-11-11T16:03:28","date_gmt":"2024-11-11T15:03:28","guid":{"rendered":"https:\/\/agora.xtec.cat\/ins25desetembre\/?p=11878"},"modified":"2024-11-11T19:22:04","modified_gmt":"2024-11-11T18:22:04","slug":"vaga-alumnat-12-novembre","status":"publish","type":"post","link":"https:\/\/agora.xtec.cat\/ins25desetembre\/general\/vaga-alumnat-12-novembre\/","title":{"rendered":"VAGA ALUMNAT 12 NOVEMBRE"},"content":{"rendered":"<p><a href=\"https:\/\/agora.xtec.cat\/ins25desetembre\/wp-content\/uploads\/usu1400\/2024\/11\/IMG-20241111-WA0006.jpg\"><img loading=\"lazy\" decoding=\"async\" class=\"alignnone size-large wp-image-11881\" src=\"https:\/\/agora.xtec.cat\/ins25desetembre\/wp-content\/uploads\/usu1400\/2024\/11\/IMG-20241111-WA0006-1024x576.jpg\" alt=\"\" width=\"1024\" height=\"576\" srcset=\"https:\/\/agora.xtec.cat\/ins25desetembre\/wp-content\/uploads\/usu1400\/2024\/11\/IMG-20241111-WA0006-1024x576.jpg 1024w, https:\/\/agora.xtec.cat\/ins25desetembre\/wp-content\/uploads\/usu1400\/2024\/11\/IMG-20241111-WA0006-300x169.jpg 300w, https:\/\/agora.xtec.cat\/ins25desetembre\/wp-content\/uploads\/usu1400\/2024\/11\/IMG-20241111-WA0006-768x432.jpg 768w, https:\/\/agora.xtec.cat\/ins25desetembre\/wp-content\/uploads\/usu1400\/2024\/11\/IMG-20241111-WA0006-1536x864.jpg 1536w, https:\/\/agora.xtec.cat\/ins25desetembre\/wp-content\/uploads\/usu1400\/2024\/11\/IMG-20241111-WA0006.jpg 2048w\" sizes=\"auto, (max-width: 1024px) 100vw, 1024px\" \/><\/a><\/p>\n<p style=\"text-align: justify;\"><span style=\"font-weight: 400;\">Des del consell de delegats de 3r i 4t ESO i Batxillerat us informem que el dimarts 12 de novembre de 2024 hi haur\u00e0 una vaga d\u2019estudiants als centres educatius d\u2019Espanya per manifestar el nostre suport a totes les fam\u00edlies que han patit danys per la DANA i per a exigir just\u00edcia i reparaci\u00f3. A m\u00e9s, d<\/span><span style=\"font-weight: 400;\">es d&#8217;aquest consell hem acordat que a partir de dimecres i fins divendres d&#8217;aquesta mateixa setmana organitzarem una recollida de material que gestionarem a trav\u00e9s de la Universitat de Barcelona. Passarem per les tutories per informar de quin material \u00e9s el que podrem recollir. La recollida del material la realitzaran les companyes del Punt Rainbow que s&#8217;encarregaran que es faci arribar a les persones afectades de Val\u00e8ncia. Aix\u00ed mateix us animem a fer aportacions econ\u00f2miques d&#8217;ajut a les persones damnificades a trav\u00e9s de canals oficials i de Creu Roja. Donarem m\u00e9s informaci\u00f3 d&#8217;aquestes propostes durant aquesta setmana.\u00a0<\/span><\/p>\n<p style=\"text-align: justify;\"><span style=\"font-weight: 400;\">Consell de Delegats i Delegades de <\/span><span style=\"font-weight: 400;\">3r i 4t ESO i Batxillerat.<\/span><\/p>\n","protected":false},"excerpt":{"rendered":"<p><a href=\"https:\/\/agora.xtec.cat\/ins25desetembre\/wp-content\/uploads\/usu1400\/2024\/11\/IMG-20241111-WA0006.jpg\"><\/a><br \/>\nDes del consell de delegats de 3r i 4t ESO i Batxillerat us informem que el dimarts 12 de novembre de 2024 hi haur\u00e0 una vaga d\u2019estudiants als centres educatius d\u2019Espanya per manifestar el nostre suport a totes les fam\u00edlies que han patit danys&hellip;  <a href=\"https:\/\/agora.xtec.cat\/ins25desetembre\/general\/vaga-alumnat-12-novembre\/\" title=\"Read VAGA ALUMNAT 12 NOVEMBRE\">Llegeix m\u00e9s\u00bb<\/a><\/p>\n","protected":false},"author":7,"featured_media":11881,"comment_status":"open","ping_status":"closed","sticky":false,"template":"","format":"standard","meta":{"_bbp_topic_count":0,"_bbp_reply_count":0,"_bbp_total_topic_count":0,"_bbp_total_reply_count":0,"_bbp_voice_count":0,"_bbp_anonymous_reply_count":0,"_bbp_topic_count_hidden":0,"_bbp_reply_count_hidden":0,"_bbp_forum_subforum_count":0,"footnotes":""},"categories":[110,172,260,6,7,264,1,29,114],"tags":[],"class_list":["post-11878","post","type-post","status-publish","format-standard","has-post-thumbnail","hentry","category-1r-batxillerat","category-2n-batxillerat","category-consell-de-delegats-i-delegades","category-eso-3","category-eso-4","category-families","category-general","category-portada","category-tot-lalumnat"],"post_mailing_queue_ids":[],"_links":{"self":[{"href":"https:\/\/agora.xtec.cat\/ins25desetembre\/wp-json\/wp\/v2\/posts\/11878","targetHints":{"allow":["GET"]}}],"collection":[{"href":"https:\/\/agora.xtec.cat\/ins25desetembre\/wp-json\/wp\/v2\/posts"}],"about":[{"href":"https:\/\/agora.xtec.cat\/ins25desetembre\/wp-json\/wp\/v2\/types\/post"}],"author":[{"embeddable":true,"href":"https:\/\/agora.xtec.cat\/ins25desetembre\/wp-json\/wp\/v2\/users\/7"}],"replies":[{"embeddable":true,"href":"https:\/\/agora.xtec.cat\/ins25desetembre\/wp-json\/wp\/v2\/comments?post=11878"}],"version-history":[{"count":4,"href":"https:\/\/agora.xtec.cat\/ins25desetembre\/wp-json\/wp\/v2\/posts\/11878\/revisions"}],"predecessor-version":[{"id":11882,"href":"https:\/\/agora.xtec.cat\/ins25desetembre\/wp-json\/wp\/v2\/posts\/11878\/revisions\/11882"}],"wp:featuredmedia":[{"embeddable":true,"href":"https:\/\/agora.xtec.cat\/ins25desetembre\/wp-json\/wp\/v2\/media\/11881"}],"wp:attachment":[{"href":"https:\/\/agora.xtec.cat\/ins25desetembre\/wp-json\/wp\/v2\/media?parent=11878"}],"wp:term":[{"taxonomy":"category","embeddable":true,"href":"https:\/\/agora.xtec.cat\/ins25desetembre\/wp-json\/wp\/v2\/categories?post=11878"},{"taxonomy":"post_tag","embeddable":true,"href":"https:\/\/agora.xtec.cat\/ins25desetembre\/wp-json\/wp\/v2\/tags?post=11878"}],"curies":[{"name":"wp","href":"https:\/\/api.w.org\/{rel}","templated":true}]}}