{"id":3775,"date":"2021-09-05T14:06:07","date_gmt":"2021-09-05T12:06:07","guid":{"rendered":"https:\/\/agora.xtec.cat\/ins-sagulla\/?p=3775"},"modified":"2021-09-09T13:56:08","modified_gmt":"2021-09-09T11:56:08","slug":"comunicacio-amb-les-families-nou-aplicatiu","status":"publish","type":"post","link":"https:\/\/agora.xtec.cat\/ins-sagulla\/general\/comunicacio-amb-les-families-nou-aplicatiu\/","title":{"rendered":"Comunicaci\u00f3 amb les fam\u00edlies: nova aplicaci\u00f3"},"content":{"rendered":"<p>Per a millorar la comunicaci\u00f3 entre el centre i les fam\u00edlies, des d&#8217;aquest curs utilitzarem un nou canal que substituir\u00e0 el DUMA.<\/p>\n<p>La nova aplicaci\u00f3 \u00e9s l&#8217;<strong><a href=\"https:\/\/www.additioapp.com\/ca\/edvoice\/\">Edvoice<\/a>.<\/strong><\/p>\n<p><a href=\"https:\/\/agora.xtec.cat\/ins-sagulla\/wp-content\/uploads\/usu2114\/2021\/09\/HTTP___WWW.GRUPODESCOM.ES_IMATGES_NT27ADD200_W_800_Q_100.png\"><img loading=\"lazy\" decoding=\"async\" class=\"alignnone wp-image-3781\" src=\"https:\/\/agora.xtec.cat\/ins-sagulla\/wp-content\/uploads\/usu2114\/2021\/09\/HTTP___WWW.GRUPODESCOM.ES_IMATGES_NT27ADD200_W_800_Q_100.png\" alt=\"\" width=\"178\" height=\"175\" \/><\/a><\/p>\n<p>El dia de les presentacions del curs, el 13 de setembre, s&#8217;informar\u00e0 a l&#8217;alumnat d&#8217;aquesta nova aplicaci\u00f3.<\/p>\n<p>Se&#8217;ls proporcionar\u00e0 un codi per a cada fam\u00edlia, el qual hauran d&#8217;introduir a l&#8217;Aplicaci\u00f3 <strong>Edvoice<\/strong>.<\/p>\n<p>Una vegada descarregada, hauran d&#8217;introduir el correu i una clau d&#8217;acc\u00e9s, marcar &#8216;fam\u00edlia&#8217; i afegir el codi que us haur\u00e0 facilitat l&#8217;institut.<\/p>\n<p>&nbsp;<\/p>\n<p>&nbsp;<\/p>\n<p>&nbsp;<\/p>\n","protected":false},"excerpt":{"rendered":"<p>Per a millorar la comunicaci\u00f3 entre el centre i les fam\u00edlies, des d&#8217;aquest curs utilitzarem un nou canal que substituir\u00e0 el DUMA.<br \/>\nLa nova aplicaci\u00f3 \u00e9s l&#8217;<a href=\"https:\/\/www.additioapp.com\/ca\/edvoice\/\">Edvoice<\/a>.<br \/>\n<a href=\"https:\/\/agora.xtec.cat\/ins-sagulla\/wp-content\/uploads\/usu2114\/2021\/09\/HTTP___WWW.GRUPODESCOM.ES_IMATGES_NT27ADD200_W_800_Q_100.png\"><\/a><br \/>\nEl dia de les presentacions del curs, el 13 de setembre, s&#8217;informar\u00e0 a l&#8217;alumnat d&#8217;aquesta nova aplicaci\u00f3.<br \/>\nSe&#8217;ls proporcionar\u00e0&hellip;  <a href=\"https:\/\/agora.xtec.cat\/ins-sagulla\/general\/comunicacio-amb-les-families-nou-aplicatiu\/\" title=\"Read Comunicaci\u00f3 amb les fam\u00edlies: nova aplicaci\u00f3\">Llegeix m\u00e9s\u00bb<\/a><\/p>\n","protected":false},"author":1,"featured_media":3781,"comment_status":"closed","ping_status":"closed","sticky":false,"template":"","format":"standard","meta":{"_bbp_topic_count":0,"_bbp_reply_count":0,"_bbp_total_topic_count":0,"_bbp_total_reply_count":0,"_bbp_voice_count":0,"_bbp_anonymous_reply_count":0,"_bbp_topic_count_hidden":0,"_bbp_reply_count_hidden":0,"_bbp_forum_subforum_count":0,"footnotes":""},"categories":[362,8,3,30,1,29,158],"tags":[669,670,178,665,664,473,666],"class_list":["post-3775","post","type-post","status-publish","format-standard","has-post-thumbnail","hentry","category-afa","category-batxillerat","category-eso","category-cicles-formatius","category-general","category-portada","category-tic","tag-aplicacio","tag-aplicatiu","tag-app","tag-comunicacio","tag-edvoice","tag-familia","tag-nou-canal-comunicacio"],"post_mailing_queue_ids":[],"_links":{"self":[{"href":"https:\/\/agora.xtec.cat\/ins-sagulla\/wp-json\/wp\/v2\/posts\/3775","targetHints":{"allow":["GET"]}}],"collection":[{"href":"https:\/\/agora.xtec.cat\/ins-sagulla\/wp-json\/wp\/v2\/posts"}],"about":[{"href":"https:\/\/agora.xtec.cat\/ins-sagulla\/wp-json\/wp\/v2\/types\/post"}],"author":[{"embeddable":true,"href":"https:\/\/agora.xtec.cat\/ins-sagulla\/wp-json\/wp\/v2\/users\/1"}],"replies":[{"embeddable":true,"href":"https:\/\/agora.xtec.cat\/ins-sagulla\/wp-json\/wp\/v2\/comments?post=3775"}],"version-history":[{"count":4,"href":"https:\/\/agora.xtec.cat\/ins-sagulla\/wp-json\/wp\/v2\/posts\/3775\/revisions"}],"predecessor-version":[{"id":3790,"href":"https:\/\/agora.xtec.cat\/ins-sagulla\/wp-json\/wp\/v2\/posts\/3775\/revisions\/3790"}],"wp:featuredmedia":[{"embeddable":true,"href":"https:\/\/agora.xtec.cat\/ins-sagulla\/wp-json\/wp\/v2\/media\/3781"}],"wp:attachment":[{"href":"https:\/\/agora.xtec.cat\/ins-sagulla\/wp-json\/wp\/v2\/media?parent=3775"}],"wp:term":[{"taxonomy":"category","embeddable":true,"href":"https:\/\/agora.xtec.cat\/ins-sagulla\/wp-json\/wp\/v2\/categories?post=3775"},{"taxonomy":"post_tag","embeddable":true,"href":"https:\/\/agora.xtec.cat\/ins-sagulla\/wp-json\/wp\/v2\/tags?post=3775"}],"curies":[{"name":"wp","href":"https:\/\/api.w.org\/{rel}","templated":true}]}}