{"id":3771,"date":"2021-09-08T15:57:23","date_gmt":"2021-09-08T13:57:23","guid":{"rendered":"https:\/\/agora.xtec.cat\/ins-sagulla\/?p=3771"},"modified":"2021-09-14T12:24:36","modified_gmt":"2021-09-14T10:24:36","slug":"carta-del-departament-deducacio-a-les-families","status":"publish","type":"post","link":"https:\/\/agora.xtec.cat\/ins-sagulla\/general\/carta-del-departament-deducacio-a-les-families\/","title":{"rendered":"Carta del Departament d&#8217;Educaci\u00f3 a les fam\u00edlies"},"content":{"rendered":"<p>Aqu\u00ed teniu la carta del Departament d&#8217;Educaci\u00f3, adre\u00e7ada a les fam\u00edlies, pel que fa a la <strong>vacunaci\u00f3 contra la covid de les persones a partir de 12<\/strong> <strong>anys<\/strong>.<\/p>\n<p><a href=\"https:\/\/agora.xtec.cat\/ins-sagulla\/wp-content\/uploads\/usu2114\/2021\/09\/Carta-Salut_Educacio_vacunacio.pdf\">Carta Salut_Educaci\u00f3_vacunaci\u00f3<\/a><\/p>\n<p>&nbsp;<\/p>\n","protected":false},"excerpt":{"rendered":"<p>Aqu\u00ed teniu la carta del Departament d&#8217;Educaci\u00f3, adre\u00e7ada a les fam\u00edlies, pel que fa a la vacunaci\u00f3 contra la covid de les persones a partir de 12 anys.<br \/>\n<a href=\"https:\/\/agora.xtec.cat\/ins-sagulla\/wp-content\/uploads\/usu2114\/2021\/09\/Carta-Salut_Educacio_vacunacio.pdf\">Carta Salut_Educaci\u00f3_vacunaci\u00f3<\/a><br \/>\n&nbsp;<\/p>\n","protected":false},"author":1,"featured_media":3785,"comment_status":"closed","ping_status":"closed","sticky":false,"template":"","format":"standard","meta":{"_bbp_topic_count":0,"_bbp_reply_count":0,"_bbp_total_topic_count":0,"_bbp_total_reply_count":0,"_bbp_voice_count":0,"_bbp_anonymous_reply_count":0,"_bbp_topic_count_hidden":0,"_bbp_reply_count_hidden":0,"_bbp_forum_subforum_count":0,"footnotes":""},"categories":[209,168,1,29],"tags":[667,663,388,243,668,45,662],"class_list":["post-3771","post","type-post","status-publish","format-standard","has-post-thumbnail","hentry","category-covid-19","category-documents","category-general","category-portada","tag-carta","tag-covid","tag-covid-19","tag-departament","tag-responsabilitat","tag-salut","tag-vacunacio"],"post_mailing_queue_ids":[],"_links":{"self":[{"href":"https:\/\/agora.xtec.cat\/ins-sagulla\/wp-json\/wp\/v2\/posts\/3771","targetHints":{"allow":["GET"]}}],"collection":[{"href":"https:\/\/agora.xtec.cat\/ins-sagulla\/wp-json\/wp\/v2\/posts"}],"about":[{"href":"https:\/\/agora.xtec.cat\/ins-sagulla\/wp-json\/wp\/v2\/types\/post"}],"author":[{"embeddable":true,"href":"https:\/\/agora.xtec.cat\/ins-sagulla\/wp-json\/wp\/v2\/users\/1"}],"replies":[{"embeddable":true,"href":"https:\/\/agora.xtec.cat\/ins-sagulla\/wp-json\/wp\/v2\/comments?post=3771"}],"version-history":[{"count":2,"href":"https:\/\/agora.xtec.cat\/ins-sagulla\/wp-json\/wp\/v2\/posts\/3771\/revisions"}],"predecessor-version":[{"id":3774,"href":"https:\/\/agora.xtec.cat\/ins-sagulla\/wp-json\/wp\/v2\/posts\/3771\/revisions\/3774"}],"wp:featuredmedia":[{"embeddable":true,"href":"https:\/\/agora.xtec.cat\/ins-sagulla\/wp-json\/wp\/v2\/media\/3785"}],"wp:attachment":[{"href":"https:\/\/agora.xtec.cat\/ins-sagulla\/wp-json\/wp\/v2\/media?parent=3771"}],"wp:term":[{"taxonomy":"category","embeddable":true,"href":"https:\/\/agora.xtec.cat\/ins-sagulla\/wp-json\/wp\/v2\/categories?post=3771"},{"taxonomy":"post_tag","embeddable":true,"href":"https:\/\/agora.xtec.cat\/ins-sagulla\/wp-json\/wp\/v2\/tags?post=3771"}],"curies":[{"name":"wp","href":"https:\/\/api.w.org\/{rel}","templated":true}]}}