{"id":3718,"date":"2021-07-28T12:19:58","date_gmt":"2021-07-28T10:19:58","guid":{"rendered":"https:\/\/agora.xtec.cat\/ins-sagulla\/?p=3718"},"modified":"2021-09-03T11:24:58","modified_gmt":"2021-09-03T09:24:58","slug":"la-martina-guirao-castells-finalista-dels-premis-ub-santander","status":"publish","type":"post","link":"https:\/\/agora.xtec.cat\/ins-sagulla\/general\/la-martina-guirao-castells-finalista-dels-premis-ub-santander\/","title":{"rendered":"Martina Guirao, finalista als premis UB-Santander"},"content":{"rendered":"<p><a href=\"https:\/\/agora.xtec.cat\/ins-sagulla\/wp-content\/uploads\/usu2114\/2021\/07\/IMG-20210727-WA0015.jpg\"><img loading=\"lazy\" decoding=\"async\" class=\"wp-image-3713 aligncenter\" src=\"https:\/\/agora.xtec.cat\/ins-sagulla\/wp-content\/uploads\/usu2114\/2021\/07\/IMG-20210727-WA0015-749x1024.jpg\" alt=\"\" width=\"361\" height=\"493\" srcset=\"https:\/\/agora.xtec.cat\/ins-sagulla\/wp-content\/uploads\/usu2114\/2021\/07\/IMG-20210727-WA0015-749x1024.jpg 749w, https:\/\/agora.xtec.cat\/ins-sagulla\/wp-content\/uploads\/usu2114\/2021\/07\/IMG-20210727-WA0015-219x300.jpg 219w, https:\/\/agora.xtec.cat\/ins-sagulla\/wp-content\/uploads\/usu2114\/2021\/07\/IMG-20210727-WA0015-768x1050.jpg 768w, https:\/\/agora.xtec.cat\/ins-sagulla\/wp-content\/uploads\/usu2114\/2021\/07\/IMG-20210727-WA0015-1123x1536.jpg 1123w, https:\/\/agora.xtec.cat\/ins-sagulla\/wp-content\/uploads\/usu2114\/2021\/07\/IMG-20210727-WA0015.jpg 1170w\" sizes=\"auto, (max-width: 361px) 100vw, 361px\" \/><\/a><\/p>\n<p>Tamb\u00e9 hem de felicitar a la Martina Guirao Castells perqu\u00e8 el seu treball: &#8216;Feminisme a l&#8217;educaci\u00f3? S\u00ed, gr\u00e0cies&#8217;, tutoritzat per la S\u00edlvia Farr\u00e9s Costa, ha estat un dels cinc finalistes del premi de l&#8217;UB-Santander.<\/p>\n<p>&nbsp;<\/p>\n","protected":false},"excerpt":{"rendered":"<p><a href=\"https:\/\/agora.xtec.cat\/ins-sagulla\/wp-content\/uploads\/usu2114\/2021\/07\/IMG-20210727-WA0015.jpg\"><\/a><br \/>\nTamb\u00e9 hem de felicitar a la Martina Guirao Castells perqu\u00e8 el seu treball: &#8216;Feminisme a l&#8217;educaci\u00f3? S\u00ed, gr\u00e0cies&#8217;, tutoritzat per la S\u00edlvia Farr\u00e9s Costa, ha estat un dels cinc finalistes del premi de l&#8217;UB-Santander.<br \/>\n&nbsp;<\/p>\n","protected":false},"author":5,"featured_media":3713,"comment_status":"open","ping_status":"closed","sticky":false,"template":"","format":"standard","meta":{"_bbp_topic_count":0,"_bbp_reply_count":0,"_bbp_total_topic_count":0,"_bbp_total_reply_count":0,"_bbp_voice_count":0,"_bbp_anonymous_reply_count":0,"_bbp_topic_count_hidden":0,"_bbp_reply_count_hidden":0,"_bbp_forum_subforum_count":0,"footnotes":""},"categories":[1,29,431],"tags":[],"class_list":["post-3718","post","type-post","status-publish","format-standard","has-post-thumbnail","hentry","category-general","category-portada","category-reconeixements-i-concursos"],"post_mailing_queue_ids":[],"_links":{"self":[{"href":"https:\/\/agora.xtec.cat\/ins-sagulla\/wp-json\/wp\/v2\/posts\/3718","targetHints":{"allow":["GET"]}}],"collection":[{"href":"https:\/\/agora.xtec.cat\/ins-sagulla\/wp-json\/wp\/v2\/posts"}],"about":[{"href":"https:\/\/agora.xtec.cat\/ins-sagulla\/wp-json\/wp\/v2\/types\/post"}],"author":[{"embeddable":true,"href":"https:\/\/agora.xtec.cat\/ins-sagulla\/wp-json\/wp\/v2\/users\/5"}],"replies":[{"embeddable":true,"href":"https:\/\/agora.xtec.cat\/ins-sagulla\/wp-json\/wp\/v2\/comments?post=3718"}],"version-history":[{"count":3,"href":"https:\/\/agora.xtec.cat\/ins-sagulla\/wp-json\/wp\/v2\/posts\/3718\/revisions"}],"predecessor-version":[{"id":3758,"href":"https:\/\/agora.xtec.cat\/ins-sagulla\/wp-json\/wp\/v2\/posts\/3718\/revisions\/3758"}],"wp:featuredmedia":[{"embeddable":true,"href":"https:\/\/agora.xtec.cat\/ins-sagulla\/wp-json\/wp\/v2\/media\/3713"}],"wp:attachment":[{"href":"https:\/\/agora.xtec.cat\/ins-sagulla\/wp-json\/wp\/v2\/media?parent=3718"}],"wp:term":[{"taxonomy":"category","embeddable":true,"href":"https:\/\/agora.xtec.cat\/ins-sagulla\/wp-json\/wp\/v2\/categories?post=3718"},{"taxonomy":"post_tag","embeddable":true,"href":"https:\/\/agora.xtec.cat\/ins-sagulla\/wp-json\/wp\/v2\/tags?post=3718"}],"curies":[{"name":"wp","href":"https:\/\/api.w.org\/{rel}","templated":true}]}}