{"id":3676,"date":"2021-09-03T15:58:11","date_gmt":"2021-09-03T13:58:11","guid":{"rendered":"https:\/\/agora.xtec.cat\/ins-sagulla\/?p=3676"},"modified":"2021-09-15T14:09:21","modified_gmt":"2021-09-15T12:09:21","slug":"reunions-dinici-de-curs-amb-families","status":"publish","type":"post","link":"https:\/\/agora.xtec.cat\/ins-sagulla\/general\/reunions-dinici-de-curs-amb-families\/","title":{"rendered":"Canvis dates reunions fam\u00edlies"},"content":{"rendered":"<p>Per restriccions derivades de la covid-19, hi ha novetats pel que fa als dies i hores de les reunions amb les <strong>fam\u00edlies<\/strong> previstes pel setembre.<\/p>\n<ul>\n<li><strong>Fam\u00edlies SIEI<\/strong>: Dilluns 6 de setembre a les 18h<\/li>\n<li><strong>Fam\u00edlies 1r ESO<\/strong>: Dilluns 6 de setembre. Dues sessions:\n<ul>\n<li>Alumnat amb primer cognom de la A fins a\u00a0 la L (incl\u00f2s): <strong>18h<\/strong><\/li>\n<li>Alumnat amb primer cognom de la M fins a la Z: <strong>19h<\/strong><\/li>\n<\/ul>\n<\/li>\n<\/ul>\n<p>Aquestes reunions seran <strong>presencials<\/strong>, cada grup anir\u00e0 amb el\/la seu\/seva tutor\/a.<\/p>\n<p>No es permetr\u00e0 l&#8217;entrada a alumnat. Per a cada alumne\/a nom\u00e9s s&#8217;admetr\u00e0 l&#8217;assist\u00e8ncia d&#8217;una persona responsable a la reuni\u00f3.<\/p>\n<p><b>Es posposen les reunions amb les fam\u00edlies de 2n, 3r i 4t ESO, batxillerat i cicles.\u00a0<\/b><\/p>\n<p>Les fam\u00edlies d&#8217;aquest alumnat seran informades de les noves dates de reuni\u00f3 una vegada iniciat el curs.<\/p>\n","protected":false},"excerpt":{"rendered":"<p>Per restriccions derivades de la covid-19, hi ha novetats pel que fa als dies i hores de les reunions amb les fam\u00edlies previstes pel setembre.<\/p>\n<ul>\n<li>Fam\u00edlies SIEI: Dilluns 6 de setembre a les 18h<\/li>\n<li>Fam\u00edlies 1r ESO: Dilluns 6 de setembre. Dues sessions:\n<ul>\n<li>Alumnat amb primer cognom de&hellip;  <a href=\"https:\/\/agora.xtec.cat\/ins-sagulla\/general\/reunions-dinici-de-curs-amb-families\/\" title=\"Read Canvis dates reunions fam\u00edlies\">Llegeix m\u00e9s\u00bb<\/a><br \/>\n","protected":false},"author":5,"featured_media":3787,"comment_status":"closed","ping_status":"closed","sticky":false,"template":"","format":"standard","meta":{"_bbp_topic_count":0,"_bbp_reply_count":0,"_bbp_total_topic_count":0,"_bbp_total_reply_count":0,"_bbp_voice_count":0,"_bbp_anonymous_reply_count":0,"_bbp_topic_count_hidden":0,"_bbp_reply_count_hidden":0,"_bbp_forum_subforum_count":0,"footnotes":""},"categories":[362,150,8,3,151,1,213,29,159],"tags":[406,473,235,226],"class_list":["post-3676","post","type-post","status-publish","format-standard","has-post-thumbnail","hentry","category-afa","category-cfgm-atencio-persones-situacio-dependencia","category-batxillerat","category-eso","category-cfgm-cures-auxiliars-dinferemeria","category-general","category-grau-mitja","category-portada","category-pdc","tag-curs-2021-2022","tag-familia","tag-horari","tag-reunio"],"post_mailing_queue_ids":[],"_links":{"self":[{"href":"https:\/\/agora.xtec.cat\/ins-sagulla\/wp-json\/wp\/v2\/posts\/3676","targetHints":{"allow":["GET"]}}],"collection":[{"href":"https:\/\/agora.xtec.cat\/ins-sagulla\/wp-json\/wp\/v2\/posts"}],"about":[{"href":"https:\/\/agora.xtec.cat\/ins-sagulla\/wp-json\/wp\/v2\/types\/post"}],"author":[{"embeddable":true,"href":"https:\/\/agora.xtec.cat\/ins-sagulla\/wp-json\/wp\/v2\/users\/5"}],"replies":[{"embeddable":true,"href":"https:\/\/agora.xtec.cat\/ins-sagulla\/wp-json\/wp\/v2\/comments?post=3676"}],"version-history":[{"count":4,"href":"https:\/\/agora.xtec.cat\/ins-sagulla\/wp-json\/wp\/v2\/posts\/3676\/revisions"}],"predecessor-version":[{"id":18432,"href":"https:\/\/agora.xtec.cat\/ins-sagulla\/wp-json\/wp\/v2\/posts\/3676\/revisions\/18432"}],"wp:featuredmedia":[{"embeddable":true,"href":"https:\/\/agora.xtec.cat\/ins-sagulla\/wp-json\/wp\/v2\/media\/3787"}],"wp:attachment":[{"href":"https:\/\/agora.xtec.cat\/ins-sagulla\/wp-json\/wp\/v2\/media?parent=3676"}],"wp:term":[{"taxonomy":"category","embeddable":true,"href":"https:\/\/agora.xtec.cat\/ins-sagulla\/wp-json\/wp\/v2\/categories?post=3676"},{"taxonomy":"post_tag","embeddable":true,"href":"https:\/\/agora.xtec.cat\/ins-sagulla\/wp-json\/wp\/v2\/tags?post=3676"}],"curies":[{"name":"wp","href":"https:\/\/api.w.org\/{rel}","templated":true}]}}