{"id":3488,"date":"2021-06-29T09:50:51","date_gmt":"2021-06-29T07:50:51","guid":{"rendered":"https:\/\/agora.xtec.cat\/ins-sagulla\/?p=3488"},"modified":"2021-06-29T20:23:03","modified_gmt":"2021-06-29T18:23:03","slug":"lultim-mou-te-del-curs-al-costat-del-mar","status":"publish","type":"post","link":"https:\/\/agora.xtec.cat\/ins-sagulla\/general\/lultim-mou-te-del-curs-al-costat-del-mar\/","title":{"rendered":"L&#8217;\u00faltim mou-te del curs&#8230; al costat del mar!"},"content":{"rendered":"<p>Tot donant continu\u00eftat a la nostra aposta per <strong>educaci\u00f3 per la salut<\/strong>, el 21 de juny es va celebrar la darrera sortida del <strong>Mou-te<\/strong> pel que fa a aquest curs.<\/p>\n<p>L&#8217;alumnat de <strong>1r d&#8217;ESO<\/strong> va anar xino-xano fins a la platja de Santa Cristina, i despr\u00e9s va tornar amb el creuer Dofi Jet fins al port de Blanes. S&#8217;ho van passar d&#8217;all\u00f2 m\u00e9s b\u00e9 banyant-se i menjant un gelat.<\/p>\n<p><a href=\"https:\/\/agora.xtec.cat\/ins-sagulla\/wp-content\/uploads\/usu2114\/2021\/06\/IMG20210621110501.jpg\"><img loading=\"lazy\" decoding=\"async\" class=\"alignnone wp-image-3490 size-large\" src=\"https:\/\/agora.xtec.cat\/ins-sagulla\/wp-content\/uploads\/usu2114\/2021\/06\/IMG20210621110501-e1624875553502-1024x535.jpg\" alt=\"\" width=\"1024\" height=\"535\" srcset=\"https:\/\/agora.xtec.cat\/ins-sagulla\/wp-content\/uploads\/usu2114\/2021\/06\/IMG20210621110501-e1624875553502.jpg 1024w, https:\/\/agora.xtec.cat\/ins-sagulla\/wp-content\/uploads\/usu2114\/2021\/06\/IMG20210621110501-e1624875553502-300x157.jpg 300w, https:\/\/agora.xtec.cat\/ins-sagulla\/wp-content\/uploads\/usu2114\/2021\/06\/IMG20210621110501-e1624875553502-768x401.jpg 768w\" sizes=\"auto, (max-width: 1024px) 100vw, 1024px\" \/><\/a><\/p>\n<p><a href=\"https:\/\/agora.xtec.cat\/ins-sagulla\/wp-content\/uploads\/usu2114\/2021\/06\/20210621_133249.jpg\"><img loading=\"lazy\" decoding=\"async\" class=\"alignnone size-large wp-image-3491\" src=\"https:\/\/agora.xtec.cat\/ins-sagulla\/wp-content\/uploads\/usu2114\/2021\/06\/20210621_133249-1024x768.jpg\" alt=\"\" width=\"1024\" height=\"768\" srcset=\"https:\/\/agora.xtec.cat\/ins-sagulla\/wp-content\/uploads\/usu2114\/2021\/06\/20210621_133249-1024x768.jpg 1024w, https:\/\/agora.xtec.cat\/ins-sagulla\/wp-content\/uploads\/usu2114\/2021\/06\/20210621_133249-300x225.jpg 300w, https:\/\/agora.xtec.cat\/ins-sagulla\/wp-content\/uploads\/usu2114\/2021\/06\/20210621_133249-768x576.jpg 768w, https:\/\/agora.xtec.cat\/ins-sagulla\/wp-content\/uploads\/usu2114\/2021\/06\/20210621_133249-200x150.jpg 200w\" sizes=\"auto, (max-width: 1024px) 100vw, 1024px\" \/><\/a><\/p>\n<p><a href=\"https:\/\/photos.app.goo.gl\/UKVxkNvfF3m3fMvZ6\">Aqu\u00ed<\/a> podeu veure m\u00e9s fotos dels de 1r ESO.<\/p>\n<p>Els nois i noies de <strong>2n d&#8217;ESO<\/strong> van anar caminant fins a la platja de S&#8217;Abanell, on van passar una estona divertida plegats tot compartint jocs i banys.<\/p>\n<p>Per la seva part, l&#8217;alumnat de <strong>3r d&#8217;ESO<\/strong> va fer una <a href=\"https:\/\/photos.app.goo.gl\/UjDtSnnioD5vgX9B9\">agradable passejada fins a la Cala de Sant Francesc<\/a>. All\u00e0 els grups van aprofitar per banyar-se, esbargir-se i compartir confid\u00e8ncies al costat del mar.<\/p>\n<p><a href=\"https:\/\/agora.xtec.cat\/ins-sagulla\/wp-content\/uploads\/usu2114\/2021\/06\/WhatsApp-Image-2021-06-22-at-13.45.38-3.jpeg\"><img loading=\"lazy\" decoding=\"async\" class=\"alignnone wp-image-3539 size-large\" src=\"https:\/\/agora.xtec.cat\/ins-sagulla\/wp-content\/uploads\/usu2114\/2021\/06\/WhatsApp-Image-2021-06-22-at-13.45.38-3-e1624875404501-1024x591.jpeg\" alt=\"\" width=\"1024\" height=\"591\" srcset=\"https:\/\/agora.xtec.cat\/ins-sagulla\/wp-content\/uploads\/usu2114\/2021\/06\/WhatsApp-Image-2021-06-22-at-13.45.38-3-e1624875404501-1024x591.jpeg 1024w, https:\/\/agora.xtec.cat\/ins-sagulla\/wp-content\/uploads\/usu2114\/2021\/06\/WhatsApp-Image-2021-06-22-at-13.45.38-3-e1624875404501-300x173.jpeg 300w, https:\/\/agora.xtec.cat\/ins-sagulla\/wp-content\/uploads\/usu2114\/2021\/06\/WhatsApp-Image-2021-06-22-at-13.45.38-3-e1624875404501-768x444.jpeg 768w, https:\/\/agora.xtec.cat\/ins-sagulla\/wp-content\/uploads\/usu2114\/2021\/06\/WhatsApp-Image-2021-06-22-at-13.45.38-3-e1624875404501.jpeg 2000w\" sizes=\"auto, (max-width: 1024px) 100vw, 1024px\" \/><\/a><\/p>\n<p>Els nois i noies del <strong>PDC<\/strong> i de la <strong>SIEI<\/strong> van fer una ruta a peu per Blanes i despr\u00e9s es van aturar a la platja de S&#8217;Abanell.<\/p>\n<p>Per acabar, els de <strong>4rt d&#8217;ESO<\/strong> van triar el parc d&#8217;atraccions Port Aventura per a acomiadar-se del curs i dels seus companys.<\/p>\n","protected":false},"excerpt":{"rendered":"<p>Tot donant continu\u00eftat a la nostra aposta per educaci\u00f3 per la salut, el 21 de juny es va celebrar la darrera sortida del Mou-te pel que fa a aquest curs.<br \/>\nL&#8217;alumnat de 1r d&#8217;ESO va anar xino-xano fins a la platja de Santa Cristina, i despr\u00e9s&hellip;  <a href=\"https:\/\/agora.xtec.cat\/ins-sagulla\/general\/lultim-mou-te-del-curs-al-costat-del-mar\/\" title=\"Read L&#8217;\u00faltim mou-te del curs&#8230; al costat del mar!\">Llegeix m\u00e9s\u00bb<\/a><\/p>\n","protected":false},"author":1,"featured_media":3539,"comment_status":"open","ping_status":"closed","sticky":false,"template":"","format":"standard","meta":{"_bbp_topic_count":0,"_bbp_reply_count":0,"_bbp_total_topic_count":0,"_bbp_total_reply_count":0,"_bbp_voice_count":0,"_bbp_anonymous_reply_count":0,"_bbp_topic_count_hidden":0,"_bbp_reply_count_hidden":0,"_bbp_forum_subforum_count":0,"footnotes":""},"categories":[322,1,29],"tags":[494,608,280,366,647],"class_list":["post-3488","post","type-post","status-publish","format-standard","has-post-thumbnail","hentry","category-fotos","category-general","category-portada","tag-cala-sant-francesc","tag-cohesio","tag-mar","tag-mou-te","tag-sabanell"],"post_mailing_queue_ids":[],"_links":{"self":[{"href":"https:\/\/agora.xtec.cat\/ins-sagulla\/wp-json\/wp\/v2\/posts\/3488","targetHints":{"allow":["GET"]}}],"collection":[{"href":"https:\/\/agora.xtec.cat\/ins-sagulla\/wp-json\/wp\/v2\/posts"}],"about":[{"href":"https:\/\/agora.xtec.cat\/ins-sagulla\/wp-json\/wp\/v2\/types\/post"}],"author":[{"embeddable":true,"href":"https:\/\/agora.xtec.cat\/ins-sagulla\/wp-json\/wp\/v2\/users\/1"}],"replies":[{"embeddable":true,"href":"https:\/\/agora.xtec.cat\/ins-sagulla\/wp-json\/wp\/v2\/comments?post=3488"}],"version-history":[{"count":3,"href":"https:\/\/agora.xtec.cat\/ins-sagulla\/wp-json\/wp\/v2\/posts\/3488\/revisions"}],"predecessor-version":[{"id":3547,"href":"https:\/\/agora.xtec.cat\/ins-sagulla\/wp-json\/wp\/v2\/posts\/3488\/revisions\/3547"}],"wp:featuredmedia":[{"embeddable":true,"href":"https:\/\/agora.xtec.cat\/ins-sagulla\/wp-json\/wp\/v2\/media\/3539"}],"wp:attachment":[{"href":"https:\/\/agora.xtec.cat\/ins-sagulla\/wp-json\/wp\/v2\/media?parent=3488"}],"wp:term":[{"taxonomy":"category","embeddable":true,"href":"https:\/\/agora.xtec.cat\/ins-sagulla\/wp-json\/wp\/v2\/categories?post=3488"},{"taxonomy":"post_tag","embeddable":true,"href":"https:\/\/agora.xtec.cat\/ins-sagulla\/wp-json\/wp\/v2\/tags?post=3488"}],"curies":[{"name":"wp","href":"https:\/\/api.w.org\/{rel}","templated":true}]}}